{"id":84028,"date":"2026-04-26T17:04:54","date_gmt":"2026-04-26T17:04:54","guid":{"rendered":"https:\/\/elterritorialweb.com.ar\/web\/?p=84028"},"modified":"2026-04-26T17:04:56","modified_gmt":"2026-04-26T17:04:56","slug":"eugenia-paez-obtuvo-el-primer-premio-en-el-certamen-internacional-francesco-giampietri-en-italia","status":"publish","type":"post","link":"https:\/\/elterritorialweb.com.ar\/web\/eugenia-paez-obtuvo-el-primer-premio-en-el-certamen-internacional-francesco-giampietri-en-italia\/","title":{"rendered":"EUGENIA P\u00c1EZ OBTUVO EL PRIMER PREMIO EN EL CERTAMEN INTERNACIONAL \u201cFRANCESCO GIAMPIETRI\u201d EN ITALIA"},"content":{"rendered":"\n<p>En una jornada cargada de emoci\u00f3n y simbolismo, la comunidad literaria de Santiago del Estero celebra un nuevo hito internacional. La reconocida poeta y docente <strong>Eugenia P\u00e1ez<\/strong> ha sido distinguida con el <strong>Primer Puesto<\/strong> en la V Edici\u00f3n del prestigioso <strong>Premio Letterario Internazionale \u00abFrancesco Giampietri\u00bb<\/strong>.<\/p>\n\n\n\n<p>\u200bEl galard\u00f3n, otorgado por la asociaci\u00f3n cultural <em>La Casa del Menestrello<\/em>, corresponde a la Secci\u00f3n D &#8211; Internacional, dedicada exclusivamente a la poes\u00eda en lengua espa\u00f1ola. P\u00e1ez logr\u00f3 imponerse en este certamen de escala global con su poema titulado <strong>\u00abPan y Poes\u00eda\u00bb<\/strong>, una obra que logra capturar la esencia de su identidad y el latir de su tierra natal.<\/p>\n\n\n\n<h3 class=\"wp-block-heading\">\u200bGala de premiaci\u00f3n en tierras italianas<\/h3>\n\n\n\n<p>\u200bLa culminaci\u00f3n de este reconocimiento tendr\u00e1 lugar en el continente europeo. La ceremonia oficial de entrega de premios se llevar\u00e1 a cabo el <strong>s\u00e1bado 23 de mayo de 2026<\/strong>, a partir de las 15:30 hs, en la emblem\u00e1tica <strong>Palazzina Liberty<\/strong> de Venafro, Italia. Este evento no solo celebra a los ganadores, sino que se posiciona como una plataforma estrat\u00e9gica para poetas que buscan proyectar su obra en un contexto internacional. El certamen destaca especialmente por su apertura hacia la lengua castellana, permitiendo que voces hispanas resuenen con fuerza en el viejo continente.<\/p>\n\n\n\n<h3 class=\"wp-block-heading\">\u200bUn triunfo con aroma a hogar<\/h3>\n\n\n\n<p>\u200bVisiblemente conmovida tras recibir la noticia este 23 de abril \u2014fecha que coincide simb\u00f3licamente con el <strong>D\u00eda Internacional del Libro<\/strong>\u2014 Eugenia P\u00e1ez comparti\u00f3 su alegr\u00eda y subray\u00f3 la importancia de llevar la voz del \u00abpago chico\u00bb a los grandes escenarios. \u00abEs una alegr\u00eda inmensa recibir este reconocimiento en un d\u00eda tan especial. Uno nunca llega solo a estos lugares; se llega a trav\u00e9s de mostrar lo que somos en nuestro Fr\u00edas, en nuestro Santiago. Poder mostrar afuera lo que uno abraza con el alma, que es escribir, representa un orgullo muy grande\u00bb, expres\u00f3 la autora.<\/p>\n\n\n\n<h3 class=\"wp-block-heading\">\u200bSobre el certamen y la autora<\/h3>\n\n\n\n<p>\u200bEl <strong>Premio Francesco Giampietri<\/strong> rinde homenaje al pensamiento del joven fil\u00f3sofo hom\u00f3nimo. En esta quinta edici\u00f3n, el jurado evalu\u00f3 obras provenientes de diversos continentes, destacando la calidad l\u00edrica y la profundidad de la producci\u00f3n de P\u00e1ez.<\/p>\n\n\n\n<p>\u200bEste premio ratifica la labor constante de Eugenia P\u00e1ez como gestora cultural y educadora, siempre comprometida con la palabra como herramienta de transformaci\u00f3n. Con este Primer Puesto, la poes\u00eda santiague\u00f1a demuestra, una vez m\u00e1s, que el talento nacido en el interior de la Argentina no conoce fronteras. La cita de honor ser\u00e1 en la Palazzina Liberty de Venafro, donde la obra <strong>\u00abPan y Poes\u00eda\u00bb<\/strong> recibir\u00e1 formalmente los laureles internacionales.<\/p>\n","protected":false},"excerpt":{"rendered":"<p>La poeta santiague\u00f1a obtuvo el m\u00e1ximo galard\u00f3n en la categor\u00eda de Poes\u00eda en Espa\u00f1ol con su obra \u00abPan y Poes\u00eda\u00bb. El prestigioso reconocimiento ser\u00e1 entregado el pr\u00f3ximo 23 de mayo en la ciudad de Venafro.<\/p>\n","protected":false},"author":2,"featured_media":84029,"comment_status":"open","ping_status":"open","sticky":false,"template":"","format":"standard","meta":{"om_disable_all_campaigns":false,"_monsterinsights_skip_tracking":false,"_monsterinsights_sitenote_active":false,"_monsterinsights_sitenote_note":"","_monsterinsights_sitenote_category":0,"_uf_show_specific_survey":0,"_uf_disable_surveys":false,"jetpack_post_was_ever_published":false,"_jetpack_newsletter_access":"","_jetpack_dont_email_post_to_subs":false,"_jetpack_newsletter_tier_id":0,"_jetpack_memberships_contains_paywalled_content":false,"_jetpack_memberships_contains_paid_content":false,"footnotes":"","jetpack_publicize_message":"","jetpack_publicize_feature_enabled":true,"jetpack_social_post_already_shared":true,"jetpack_social_options":{"image_generator_settings":{"template":"highway","default_image_id":0,"font":"","enabled":false},"version":2}},"categories":[34,4],"tags":[1716],"class_list":["post-84028","post","type-post","status-publish","format-standard","has-post-thumbnail","hentry","category-cultura","category-destacadas","tag-eugenia-paez"],"aioseo_notices":[],"views":6,"jetpack_publicize_connections":[],"jetpack_featured_media_url":"https:\/\/i0.wp.com\/elterritorialweb.com.ar\/web\/wp-content\/uploads\/2026\/04\/Eugenia-Paez.webp?fit=1200%2C628&ssl=1","jetpack_sharing_enabled":true,"_links":{"self":[{"href":"https:\/\/elterritorialweb.com.ar\/web\/wp-json\/wp\/v2\/posts\/84028","targetHints":{"allow":["GET"]}}],"collection":[{"href":"https:\/\/elterritorialweb.com.ar\/web\/wp-json\/wp\/v2\/posts"}],"about":[{"href":"https:\/\/elterritorialweb.com.ar\/web\/wp-json\/wp\/v2\/types\/post"}],"author":[{"embeddable":true,"href":"https:\/\/elterritorialweb.com.ar\/web\/wp-json\/wp\/v2\/users\/2"}],"replies":[{"embeddable":true,"href":"https:\/\/elterritorialweb.com.ar\/web\/wp-json\/wp\/v2\/comments?post=84028"}],"version-history":[{"count":1,"href":"https:\/\/elterritorialweb.com.ar\/web\/wp-json\/wp\/v2\/posts\/84028\/revisions"}],"predecessor-version":[{"id":84030,"href":"https:\/\/elterritorialweb.com.ar\/web\/wp-json\/wp\/v2\/posts\/84028\/revisions\/84030"}],"wp:featuredmedia":[{"embeddable":true,"href":"https:\/\/elterritorialweb.com.ar\/web\/wp-json\/wp\/v2\/media\/84029"}],"wp:attachment":[{"href":"https:\/\/elterritorialweb.com.ar\/web\/wp-json\/wp\/v2\/media?parent=84028"}],"wp:term":[{"taxonomy":"category","embeddable":true,"href":"https:\/\/elterritorialweb.com.ar\/web\/wp-json\/wp\/v2\/categories?post=84028"},{"taxonomy":"post_tag","embeddable":true,"href":"https:\/\/elterritorialweb.com.ar\/web\/wp-json\/wp\/v2\/tags?post=84028"}],"curies":[{"name":"wp","href":"https:\/\/api.w.org\/{rel}","templated":true}]}}