{"id":84034,"date":"2026-04-27T01:17:59","date_gmt":"2026-04-27T01:17:59","guid":{"rendered":"https:\/\/elterritorialweb.com.ar\/web\/?p=84034"},"modified":"2026-04-27T01:18:01","modified_gmt":"2026-04-27T01:18:01","slug":"mitre-rescato-un-empate-en-resistencia-ante-chaco-for-ever","status":"publish","type":"post","link":"https:\/\/elterritorialweb.com.ar\/web\/mitre-rescato-un-empate-en-resistencia-ante-chaco-for-ever\/","title":{"rendered":"MITRE RESCAT\u00d3 UN EMPATE EN RESISTENCIA ANTE CHACO FOR EVER"},"content":{"rendered":"\n<p>\u200bEl <strong>Club Atl\u00e9tico Mitre<\/strong> sum\u00f3 un punto valioso en su visita a la provincia de Chaco. En un partido de tr\u00e1mites intensos, el equipo dirigido por <strong>Cristian Maz\u00f3n<\/strong> logr\u00f3 reponerse de un inicio adverso para sellar una igualdad que le permite seguir sumando en la tabla de posiciones de la Zona A.<\/p>\n\n\n\n<h3 class=\"wp-block-heading\">\u200bDESARROLLO DEL ENCUENTRO<\/h3>\n\n\n\n<p>\u200bEl partido comenz\u00f3 cuesta arriba para el conjunto santiague\u00f1o. Apenas a los <strong>5 minutos del primer tiempo<\/strong>, <strong>Imanol Enriquez<\/strong> abri\u00f3 el marcador para Chaco For Ever, poniendo en ventaja al local de manera temprana. Durante la primera mitad, Mitre busc\u00f3 los caminos pero se encontr\u00f3 con un rival bien plantado en su campo.<\/p>\n\n\n\n<figure class=\"wp-block-image size-large\"><a href=\"https:\/\/i0.wp.com\/elterritorialweb.com.ar\/web\/wp-content\/uploads\/2026\/04\/1000410927-scaled.jpg?ssl=1\"><img data-recalc-dims=\"1\" decoding=\"async\" width=\"640\" height=\"424\" data-src=\"https:\/\/i0.wp.com\/elterritorialweb.com.ar\/web\/wp-content\/uploads\/2026\/04\/1000410927-1024x678.jpg?resize=640%2C424&#038;ssl=1\" alt=\"\" class=\"wp-image-84036 lazyload\" data-srcset=\"https:\/\/i0.wp.com\/elterritorialweb.com.ar\/web\/wp-content\/uploads\/2026\/04\/1000410927-scaled.jpg?resize=1024%2C678&amp;ssl=1 1024w, https:\/\/i0.wp.com\/elterritorialweb.com.ar\/web\/wp-content\/uploads\/2026\/04\/1000410927-scaled.jpg?resize=300%2C199&amp;ssl=1 300w, https:\/\/i0.wp.com\/elterritorialweb.com.ar\/web\/wp-content\/uploads\/2026\/04\/1000410927-scaled.jpg?resize=768%2C509&amp;ssl=1 768w, https:\/\/i0.wp.com\/elterritorialweb.com.ar\/web\/wp-content\/uploads\/2026\/04\/1000410927-scaled.jpg?resize=1536%2C1017&amp;ssl=1 1536w, https:\/\/i0.wp.com\/elterritorialweb.com.ar\/web\/wp-content\/uploads\/2026\/04\/1000410927-scaled.jpg?resize=2048%2C1356&amp;ssl=1 2048w, https:\/\/i0.wp.com\/elterritorialweb.com.ar\/web\/wp-content\/uploads\/2026\/04\/1000410927-scaled.jpg?w=1280 1280w, https:\/\/i0.wp.com\/elterritorialweb.com.ar\/web\/wp-content\/uploads\/2026\/04\/1000410927-scaled.jpg?w=1920 1920w\" data-sizes=\"(max-width: 640px) 100vw, 640px\" src=\"data:image\/svg+xml;base64,PHN2ZyB3aWR0aD0iMSIgaGVpZ2h0PSIxIiB4bWxucz0iaHR0cDovL3d3dy53My5vcmcvMjAwMC9zdmciPjwvc3ZnPg==\" style=\"--smush-placeholder-width: 640px; --smush-placeholder-aspect-ratio: 640\/424;\" \/><\/a><\/figure>\n\n\n\n<p>\u200bSin embargo, en el complemento, la lectura de juego del DT Maz\u00f3n result\u00f3 determinante. El ingreso de <strong>M. V\u00e1zquez<\/strong> tras el descanso (sustituyendo a Maximiliano Romero) dio frutos r\u00e1pidamente: a los <strong>10 minutos de la segunda parte<\/strong>, el propio V\u00e1zquez estamp\u00f3 el 1 a 1 definitivo. A partir de all\u00ed, el encuentro se volvi\u00f3 de ida y vuelta, con ambos equipos refrescando sus l\u00edneas mediante cambios, pero el marcador no volvi\u00f3 a moverse.<\/p>\n\n\n\n<h3 class=\"wp-block-heading\">\u200bPOSICIONES Y PR\u00d3XIMO COMPROMISO<\/h3>\n\n\n\n<p>\u200bCon este resultado, Mitre se ubica moment\u00e1neamente en el <strong>puesto 16 con 9 unidades<\/strong>, a la espera de que se complete el resto de la jornada para definir su ubicaci\u00f3n final en la tabla.<\/p>\n\n\n\n<p>\u200bEl plantel ya tiene la mira puesta en el <strong>domingo 3 de mayo<\/strong>. Por la duod\u00e9cima fecha, el \u00abAurinegro\u00bb recibir\u00e1 al <strong>Club Atl\u00e9tico Acassuso<\/strong> a las <strong>15:00 horas<\/strong> en condici\u00f3n de local, con el objetivo de convertir este punto obtenido en Chaco en una racha de victorias.<\/p>\n\n\n\n<figure class=\"wp-block-image size-large\"><a href=\"https:\/\/i0.wp.com\/elterritorialweb.com.ar\/web\/wp-content\/uploads\/2026\/04\/1000410935-scaled.jpg?ssl=1\"><img data-recalc-dims=\"1\" decoding=\"async\" width=\"640\" height=\"424\" data-src=\"https:\/\/i0.wp.com\/elterritorialweb.com.ar\/web\/wp-content\/uploads\/2026\/04\/1000410935-1024x678.jpg?resize=640%2C424&#038;ssl=1\" alt=\"\" class=\"wp-image-84037 lazyload\" data-srcset=\"https:\/\/i0.wp.com\/elterritorialweb.com.ar\/web\/wp-content\/uploads\/2026\/04\/1000410935-scaled.jpg?resize=1024%2C678&amp;ssl=1 1024w, https:\/\/i0.wp.com\/elterritorialweb.com.ar\/web\/wp-content\/uploads\/2026\/04\/1000410935-scaled.jpg?resize=300%2C199&amp;ssl=1 300w, https:\/\/i0.wp.com\/elterritorialweb.com.ar\/web\/wp-content\/uploads\/2026\/04\/1000410935-scaled.jpg?resize=768%2C509&amp;ssl=1 768w, https:\/\/i0.wp.com\/elterritorialweb.com.ar\/web\/wp-content\/uploads\/2026\/04\/1000410935-scaled.jpg?resize=1536%2C1017&amp;ssl=1 1536w, https:\/\/i0.wp.com\/elterritorialweb.com.ar\/web\/wp-content\/uploads\/2026\/04\/1000410935-scaled.jpg?resize=2048%2C1356&amp;ssl=1 2048w, https:\/\/i0.wp.com\/elterritorialweb.com.ar\/web\/wp-content\/uploads\/2026\/04\/1000410935-scaled.jpg?w=1280 1280w, https:\/\/i0.wp.com\/elterritorialweb.com.ar\/web\/wp-content\/uploads\/2026\/04\/1000410935-scaled.jpg?w=1920 1920w\" data-sizes=\"(max-width: 640px) 100vw, 640px\" src=\"data:image\/svg+xml;base64,PHN2ZyB3aWR0aD0iMSIgaGVpZ2h0PSIxIiB4bWxucz0iaHR0cDovL3d3dy53My5vcmcvMjAwMC9zdmciPjwvc3ZnPg==\" style=\"--smush-placeholder-width: 640px; --smush-placeholder-aspect-ratio: 640\/424;\" \/><\/a><\/figure>\n\n\n\n<h3 class=\"wp-block-heading\">\u200bS\u00edntesis del Partido<\/h3>\n\n\n\n<p>\u200b<strong>Chaco For Ever (1):<\/strong> N. Caprio; D. Valdez, L. Pruzzo, A. Luque, B. Nievas, M. Silvera, I. Enriquez, J. C. Cerrudo, E. Pacheco, L. Marinucci y A. Ojeda. <strong>DT:<\/strong> Pedro Llorens.<\/p>\n\n\n\n<p>\u200b<strong>Mitre (1):<\/strong> J. Ledesma; I. Antunes, F. Ferrari, B. Mieres, J. Alesandroni, D. Abello, M. Machado, M. Romero, G. Fern\u00e1ndez, S. Rosales y R. Gonz\u00e1lez. <strong>DT:<\/strong> Cristian Maz\u00f3n.<\/p>\n\n\n\n<ul class=\"wp-block-list\">\n<li>\u200b<strong>Goles:<\/strong> PT 05&#8242; I. Enriquez (CHFE); ST 55&#8242; M. V\u00e1zquez (M).<\/li>\n\n\n\n<li>\u200b<strong>Cambios en Mitre:<\/strong> M. V\u00e1zquez por Romero; M. Maldonado por Gonz\u00e1lez; T. Ferreira por Abello; A. Ram\u00edrez por Machado y J.P. Z\u00e1rate por Fern\u00e1ndez.<\/li>\n\n\n\n<li>\u200b<strong>\u00c1rbitro:<\/strong> Mat\u00edas Billone.<\/li>\n\n\n\n<li>\u200b<strong>Estadio:<\/strong> Juan Alberto Garc\u00eda.<\/li>\n<\/ul>\n","protected":false},"excerpt":{"rendered":"<p>En un encuentro correspondiente a la und\u00e9cima fecha de la Primera Nacional, el \u00abAurinegro\u00bb igual\u00f3 1 a 1 frente al \u00abAlbinegro\u00bb en el Estadio Juan Alberto Garc\u00eda y ya piensa en su pr\u00f3ximo compromiso como local.<\/p>\n","protected":false},"author":2,"featured_media":84035,"comment_status":"open","ping_status":"open","sticky":false,"template":"","format":"standard","meta":{"om_disable_all_campaigns":false,"_monsterinsights_skip_tracking":false,"_monsterinsights_sitenote_active":false,"_monsterinsights_sitenote_note":"","_monsterinsights_sitenote_category":0,"_uf_show_specific_survey":0,"_uf_disable_surveys":false,"jetpack_post_was_ever_published":false,"_jetpack_newsletter_access":"","_jetpack_dont_email_post_to_subs":false,"_jetpack_newsletter_tier_id":0,"_jetpack_memberships_contains_paywalled_content":false,"_jetpack_memberships_contains_paid_content":false,"footnotes":"","jetpack_publicize_message":"","jetpack_publicize_feature_enabled":true,"jetpack_social_post_already_shared":true,"jetpack_social_options":{"image_generator_settings":{"template":"highway","default_image_id":0,"font":"","enabled":false},"version":2}},"categories":[6,4],"tags":[441,1717,94],"class_list":["post-84034","post","type-post","status-publish","format-standard","has-post-thumbnail","hentry","category-deportes","category-destacadas","tag-chaco-for-ever","tag-club-atletico-mitre-2","tag-primera-nacional"],"aioseo_notices":[],"views":3,"jetpack_publicize_connections":[],"jetpack_featured_media_url":"https:\/\/i0.wp.com\/elterritorialweb.com.ar\/web\/wp-content\/uploads\/2026\/04\/20260426_220403.jpg?fit=1080%2C1067&ssl=1","jetpack_sharing_enabled":true,"_links":{"self":[{"href":"https:\/\/elterritorialweb.com.ar\/web\/wp-json\/wp\/v2\/posts\/84034","targetHints":{"allow":["GET"]}}],"collection":[{"href":"https:\/\/elterritorialweb.com.ar\/web\/wp-json\/wp\/v2\/posts"}],"about":[{"href":"https:\/\/elterritorialweb.com.ar\/web\/wp-json\/wp\/v2\/types\/post"}],"author":[{"embeddable":true,"href":"https:\/\/elterritorialweb.com.ar\/web\/wp-json\/wp\/v2\/users\/2"}],"replies":[{"embeddable":true,"href":"https:\/\/elterritorialweb.com.ar\/web\/wp-json\/wp\/v2\/comments?post=84034"}],"version-history":[{"count":1,"href":"https:\/\/elterritorialweb.com.ar\/web\/wp-json\/wp\/v2\/posts\/84034\/revisions"}],"predecessor-version":[{"id":84038,"href":"https:\/\/elterritorialweb.com.ar\/web\/wp-json\/wp\/v2\/posts\/84034\/revisions\/84038"}],"wp:featuredmedia":[{"embeddable":true,"href":"https:\/\/elterritorialweb.com.ar\/web\/wp-json\/wp\/v2\/media\/84035"}],"wp:attachment":[{"href":"https:\/\/elterritorialweb.com.ar\/web\/wp-json\/wp\/v2\/media?parent=84034"}],"wp:term":[{"taxonomy":"category","embeddable":true,"href":"https:\/\/elterritorialweb.com.ar\/web\/wp-json\/wp\/v2\/categories?post=84034"},{"taxonomy":"post_tag","embeddable":true,"href":"https:\/\/elterritorialweb.com.ar\/web\/wp-json\/wp\/v2\/tags?post=84034"}],"curies":[{"name":"wp","href":"https:\/\/api.w.org\/{rel}","templated":true}]}}