{"id":84040,"date":"2026-04-27T13:43:37","date_gmt":"2026-04-27T13:43:37","guid":{"rendered":"https:\/\/elterritorialweb.com.ar\/web\/?p=84040"},"modified":"2026-04-27T13:43:44","modified_gmt":"2026-04-27T13:43:44","slug":"el-gobernador-elias-suarez-encabezo-el-acto-central-por-el-206-aniversario-de-la-autonomia-provincial","status":"publish","type":"post","link":"https:\/\/elterritorialweb.com.ar\/web\/el-gobernador-elias-suarez-encabezo-el-acto-central-por-el-206-aniversario-de-la-autonomia-provincial\/","title":{"rendered":"EL GOBERNADOR EL\u00cdAS SU\u00c1REZ ENCABEZ\u00d3 EL ACTO CENTRAL POR EL 206\u00b0 ANIVERSARIO DE LA AUTONOM\u00cdA PROVINCIAL"},"content":{"rendered":"\n<p>\u200bEn una jornada marcada por el fervor c\u00edvico y la reivindicaci\u00f3n hist\u00f3rica, el gobernador <strong>El\u00edas Su\u00e1rez<\/strong> presidi\u00f3 este lunes el acto central conmemorativo del <strong>206\u00b0 Aniversario de la Autonom\u00eda Provincial<\/strong>.<\/p>\n\n\n\n<p>El evento, desarrollado en las inmediaciones del Parque Aguirre de la ciudad Capital, cont\u00f3 con la presencia de las m\u00e1ximas autoridades provinciales y una nutrida concurrencia de ciudadanos.<\/p>\n\n\n\n<figure class=\"wp-block-image size-large\"><a href=\"https:\/\/i0.wp.com\/elterritorialweb.com.ar\/web\/wp-content\/uploads\/2026\/04\/IMG-20260427-WA0019-scaled.jpg\"><img data-recalc-dims=\"1\" decoding=\"async\" width=\"640\" height=\"427\" data-src=\"https:\/\/i0.wp.com\/elterritorialweb.com.ar\/web\/wp-content\/uploads\/2026\/04\/IMG-20260427-WA0019.jpg?resize=640%2C427\" alt=\"\" class=\"wp-image-84042 lazyload\" data-srcset=\"https:\/\/i0.wp.com\/elterritorialweb.com.ar\/web\/wp-content\/uploads\/2026\/04\/IMG-20260427-WA0019-scaled.jpg?resize=1024%2C683&amp;ssl=1 1024w, https:\/\/i0.wp.com\/elterritorialweb.com.ar\/web\/wp-content\/uploads\/2026\/04\/IMG-20260427-WA0019-scaled.jpg?resize=300%2C200&amp;ssl=1 300w, https:\/\/i0.wp.com\/elterritorialweb.com.ar\/web\/wp-content\/uploads\/2026\/04\/IMG-20260427-WA0019-scaled.jpg?resize=768%2C512&amp;ssl=1 768w, https:\/\/i0.wp.com\/elterritorialweb.com.ar\/web\/wp-content\/uploads\/2026\/04\/IMG-20260427-WA0019-scaled.jpg?resize=1536%2C1024&amp;ssl=1 1536w, https:\/\/i0.wp.com\/elterritorialweb.com.ar\/web\/wp-content\/uploads\/2026\/04\/IMG-20260427-WA0019-scaled.jpg?resize=2048%2C1365&amp;ssl=1 2048w, https:\/\/i0.wp.com\/elterritorialweb.com.ar\/web\/wp-content\/uploads\/2026\/04\/IMG-20260427-WA0019-scaled.jpg?w=1280 1280w, https:\/\/i0.wp.com\/elterritorialweb.com.ar\/web\/wp-content\/uploads\/2026\/04\/IMG-20260427-WA0019-scaled.jpg?w=1920 1920w\" data-sizes=\"(max-width: 640px) 100vw, 640px\" src=\"data:image\/svg+xml;base64,PHN2ZyB3aWR0aD0iMSIgaGVpZ2h0PSIxIiB4bWxucz0iaHR0cDovL3d3dy53My5vcmcvMjAwMC9zdmciPjwvc3ZnPg==\" style=\"--smush-placeholder-width: 640px; --smush-placeholder-aspect-ratio: 640\/427;\" \/><\/a><\/figure>\n\n\n\n<p>\u200bLas actividades se iniciaron con el tradicional izamiento de banderas y la colocaci\u00f3n de ofrendas florales en memoria de los caudillos <strong>Juan Francisco Borges y Juan Felipe Ibarra<\/strong>, figuras fundamentales en la gesta auton\u00f3mica. <\/p>\n\n\n\n<p>Acompa\u00f1aron al mandatario el vicegobernador <strong>Carlos Silva Neder<\/strong>, el senador nacional Gerardo Zamora, el jefe de Gabinete <strong>V\u00edctor Araujo<\/strong> y la intendente de la Capital <strong>Norma Fuentes<\/strong>, junto a ministros, legisladores y representantes de las Fuerzas Armadas.<\/p>\n\n\n\n<figure class=\"wp-block-image size-large\"><a href=\"https:\/\/i0.wp.com\/elterritorialweb.com.ar\/web\/wp-content\/uploads\/2026\/04\/IMG-20260427-WA0021-scaled.jpg\"><img data-recalc-dims=\"1\" decoding=\"async\" width=\"640\" height=\"427\" data-src=\"https:\/\/i0.wp.com\/elterritorialweb.com.ar\/web\/wp-content\/uploads\/2026\/04\/IMG-20260427-WA0021.jpg?resize=640%2C427\" alt=\"\" class=\"wp-image-84043 lazyload\" data-srcset=\"https:\/\/i0.wp.com\/elterritorialweb.com.ar\/web\/wp-content\/uploads\/2026\/04\/IMG-20260427-WA0021-scaled.jpg?resize=1024%2C683&amp;ssl=1 1024w, https:\/\/i0.wp.com\/elterritorialweb.com.ar\/web\/wp-content\/uploads\/2026\/04\/IMG-20260427-WA0021-scaled.jpg?resize=300%2C200&amp;ssl=1 300w, https:\/\/i0.wp.com\/elterritorialweb.com.ar\/web\/wp-content\/uploads\/2026\/04\/IMG-20260427-WA0021-scaled.jpg?resize=768%2C512&amp;ssl=1 768w, https:\/\/i0.wp.com\/elterritorialweb.com.ar\/web\/wp-content\/uploads\/2026\/04\/IMG-20260427-WA0021-scaled.jpg?resize=1536%2C1024&amp;ssl=1 1536w, https:\/\/i0.wp.com\/elterritorialweb.com.ar\/web\/wp-content\/uploads\/2026\/04\/IMG-20260427-WA0021-scaled.jpg?resize=2048%2C1365&amp;ssl=1 2048w, https:\/\/i0.wp.com\/elterritorialweb.com.ar\/web\/wp-content\/uploads\/2026\/04\/IMG-20260427-WA0021-scaled.jpg?w=1280 1280w, https:\/\/i0.wp.com\/elterritorialweb.com.ar\/web\/wp-content\/uploads\/2026\/04\/IMG-20260427-WA0021-scaled.jpg?w=1920 1920w\" data-sizes=\"(max-width: 640px) 100vw, 640px\" src=\"data:image\/svg+xml;base64,PHN2ZyB3aWR0aD0iMSIgaGVpZ2h0PSIxIiB4bWxucz0iaHR0cDovL3d3dy53My5vcmcvMjAwMC9zdmciPjwvc3ZnPg==\" style=\"--smush-placeholder-width: 640px; --smush-placeholder-aspect-ratio: 640\/427;\" \/><\/a><\/figure>\n\n\n\n<p>\u200bLa ceremonia incluy\u00f3 una invocaci\u00f3n religiosa a cargo del padre Luis Cruz y un despliegue cultural de la Compa\u00f1\u00eda de Arte Nativo, que ofreci\u00f3 un espect\u00e1culo de malambo. Por su parte, el director de Patrimonio Cultural, Alejandro Yocca, brind\u00f3 un discurso reflexivo sobre la libertad en el contexto global actual, instando a fortalecer el plan y la visi\u00f3n local para el desarrollo de la comunidad. Uno de los momentos m\u00e1s solemnes fue la promesa de lealtad a la Bandera de Santiago del Estero, realizada por los cadetes de cuarto a\u00f1o del Liceo Policial Coronel Juan Francisco Borges.<\/p>\n\n\n\n<figure class=\"wp-block-image size-large\"><a href=\"https:\/\/i0.wp.com\/elterritorialweb.com.ar\/web\/wp-content\/uploads\/2026\/04\/IMG-20260427-WA0020-scaled.jpg\"><img data-recalc-dims=\"1\" decoding=\"async\" width=\"640\" height=\"427\" data-src=\"https:\/\/i0.wp.com\/elterritorialweb.com.ar\/web\/wp-content\/uploads\/2026\/04\/IMG-20260427-WA0020.jpg?resize=640%2C427\" alt=\"\" class=\"wp-image-84044 lazyload\" data-srcset=\"https:\/\/i0.wp.com\/elterritorialweb.com.ar\/web\/wp-content\/uploads\/2026\/04\/IMG-20260427-WA0020-scaled.jpg?resize=1024%2C683&amp;ssl=1 1024w, https:\/\/i0.wp.com\/elterritorialweb.com.ar\/web\/wp-content\/uploads\/2026\/04\/IMG-20260427-WA0020-scaled.jpg?resize=300%2C200&amp;ssl=1 300w, https:\/\/i0.wp.com\/elterritorialweb.com.ar\/web\/wp-content\/uploads\/2026\/04\/IMG-20260427-WA0020-scaled.jpg?resize=768%2C512&amp;ssl=1 768w, https:\/\/i0.wp.com\/elterritorialweb.com.ar\/web\/wp-content\/uploads\/2026\/04\/IMG-20260427-WA0020-scaled.jpg?resize=1536%2C1024&amp;ssl=1 1536w, https:\/\/i0.wp.com\/elterritorialweb.com.ar\/web\/wp-content\/uploads\/2026\/04\/IMG-20260427-WA0020-scaled.jpg?resize=2048%2C1365&amp;ssl=1 2048w, https:\/\/i0.wp.com\/elterritorialweb.com.ar\/web\/wp-content\/uploads\/2026\/04\/IMG-20260427-WA0020-scaled.jpg?w=1280 1280w, https:\/\/i0.wp.com\/elterritorialweb.com.ar\/web\/wp-content\/uploads\/2026\/04\/IMG-20260427-WA0020-scaled.jpg?w=1920 1920w\" data-sizes=\"(max-width: 640px) 100vw, 640px\" src=\"data:image\/svg+xml;base64,PHN2ZyB3aWR0aD0iMSIgaGVpZ2h0PSIxIiB4bWxucz0iaHR0cDovL3d3dy53My5vcmcvMjAwMC9zdmciPjwvc3ZnPg==\" style=\"--smush-placeholder-width: 640px; --smush-placeholder-aspect-ratio: 640\/427;\" \/><\/a><\/figure>\n\n\n\n<p>\u200bTras el acto, el gobernador <strong>Su\u00e1rez<\/strong> dialog\u00f3 con la prensa y subray\u00f3 la vigencia del mensaje de los fundadores de la autonom\u00eda, se\u00f1alando que los santiague\u00f1os son custodios de los conceptos de uni\u00f3n y paz dejados por los pr\u00f3ceres. Respecto a la situaci\u00f3n del pa\u00eds, el mandatario sostuvo que se atraviesa un contexto nacional adverso, pero ratific\u00f3 que la provincia pone todo su alcance para superar los momentos dif\u00edciles. Finalmente, confirm\u00f3 que cumplir\u00e1 con el mandato constitucional de brindar su mensaje anual ante la Legislatura para detallar la marcha de su gobierno y los proyectos a futuro.<\/p>\n","protected":false},"excerpt":{"rendered":"<p>En una emotiva ceremonia realizada en el Parque Aguirre, el mandatario santiague\u00f1o reivindic\u00f3 el legado de los pr\u00f3ceres Borges e Ibarra. Durante su discurso, destac\u00f3 la importancia de sostener un proyecto de desarrollo propio frente a un contexto nacional complejo y confirm\u00f3 la presentaci\u00f3n de su mensaje anual ante la Legislatura.<\/p>\n","protected":false},"author":2,"featured_media":84041,"comment_status":"open","ping_status":"open","sticky":false,"template":"","format":"standard","meta":{"om_disable_all_campaigns":false,"_monsterinsights_skip_tracking":false,"_monsterinsights_sitenote_active":false,"_monsterinsights_sitenote_note":"","_monsterinsights_sitenote_category":0,"_uf_show_specific_survey":0,"_uf_disable_surveys":false,"jetpack_post_was_ever_published":false,"_jetpack_newsletter_access":"","_jetpack_dont_email_post_to_subs":false,"_jetpack_newsletter_tier_id":0,"_jetpack_memberships_contains_paywalled_content":false,"_jetpack_memberships_contains_paid_content":false,"footnotes":"","jetpack_publicize_message":"","jetpack_publicize_feature_enabled":true,"jetpack_social_post_already_shared":true,"jetpack_social_options":{"image_generator_settings":{"template":"highway","default_image_id":0,"font":"","enabled":false},"version":2}},"categories":[4,21],"tags":[1295,322],"class_list":["post-84040","post","type-post","status-publish","format-standard","has-post-thumbnail","hentry","category-destacadas","category-locales","tag-dia-de-la-autonomia-provincial","tag-elias-suarez"],"aioseo_notices":[],"views":9,"jetpack_publicize_connections":[],"jetpack_featured_media_url":"https:\/\/i0.wp.com\/elterritorialweb.com.ar\/web\/wp-content\/uploads\/2026\/04\/IMG-20260427-WA0013.jpg?fit=1600%2C1064&ssl=1","jetpack_sharing_enabled":true,"_links":{"self":[{"href":"https:\/\/elterritorialweb.com.ar\/web\/wp-json\/wp\/v2\/posts\/84040","targetHints":{"allow":["GET"]}}],"collection":[{"href":"https:\/\/elterritorialweb.com.ar\/web\/wp-json\/wp\/v2\/posts"}],"about":[{"href":"https:\/\/elterritorialweb.com.ar\/web\/wp-json\/wp\/v2\/types\/post"}],"author":[{"embeddable":true,"href":"https:\/\/elterritorialweb.com.ar\/web\/wp-json\/wp\/v2\/users\/2"}],"replies":[{"embeddable":true,"href":"https:\/\/elterritorialweb.com.ar\/web\/wp-json\/wp\/v2\/comments?post=84040"}],"version-history":[{"count":1,"href":"https:\/\/elterritorialweb.com.ar\/web\/wp-json\/wp\/v2\/posts\/84040\/revisions"}],"predecessor-version":[{"id":84045,"href":"https:\/\/elterritorialweb.com.ar\/web\/wp-json\/wp\/v2\/posts\/84040\/revisions\/84045"}],"wp:featuredmedia":[{"embeddable":true,"href":"https:\/\/elterritorialweb.com.ar\/web\/wp-json\/wp\/v2\/media\/84041"}],"wp:attachment":[{"href":"https:\/\/elterritorialweb.com.ar\/web\/wp-json\/wp\/v2\/media?parent=84040"}],"wp:term":[{"taxonomy":"category","embeddable":true,"href":"https:\/\/elterritorialweb.com.ar\/web\/wp-json\/wp\/v2\/categories?post=84040"},{"taxonomy":"post_tag","embeddable":true,"href":"https:\/\/elterritorialweb.com.ar\/web\/wp-json\/wp\/v2\/tags?post=84040"}],"curies":[{"name":"wp","href":"https:\/\/api.w.org\/{rel}","templated":true}]}}