{"id":84046,"date":"2026-04-27T13:53:20","date_gmt":"2026-04-27T13:53:20","guid":{"rendered":"https:\/\/elterritorialweb.com.ar\/web\/?p=84046"},"modified":"2026-04-27T13:53:22","modified_gmt":"2026-04-27T13:53:22","slug":"el-gobernador-suarez-insto-a-la-unidad-para-superar-los-momentos-dificiles-en-un-contexto-nacional-adverso","status":"publish","type":"post","link":"https:\/\/elterritorialweb.com.ar\/web\/el-gobernador-suarez-insto-a-la-unidad-para-superar-los-momentos-dificiles-en-un-contexto-nacional-adverso\/","title":{"rendered":"EL GOBERNADOR SU\u00c1REZ INST\u00d3 A LA UNIDAD PARA \u00abSUPERAR LOS MOMENTOS DIF\u00cdCILES\u00bb EN UN CONTEXTO NACIONAL ADVERSO"},"content":{"rendered":"\n<p>\u200bDurante las celebraciones oficiales por el <strong>206\u00b0 aniversario de la Autonom\u00eda Provincial<\/strong>, el gobernador El\u00edas Su\u00e1rez comparti\u00f3 una reflexi\u00f3n profunda sobre el presente y el futuro de la provincia. En un discurso marcado por la reivindicaci\u00f3n hist\u00f3rica y la realidad econ\u00f3mica actual, el mandatario llam\u00f3 a la cohesi\u00f3n social como herramienta principal para afrontar la crisis.<\/p>\n\n\n\n<h3 class=\"wp-block-heading\">\u200bIdentidad y custodia de la historia<\/h3>\n\n\n\n<p>\u200bSu\u00e1rez comenz\u00f3 su alocuci\u00f3n destacando el peso simb\u00f3lico de la fecha, haciendo referencia directa a los pr\u00f3ceres Juan Felipe Ibarra y Juan Francisco Borges.<\/p>\n\n\n\n<blockquote class=\"wp-block-quote is-layout-flow wp-block-quote-is-layout-flow\">\n<p>\u200b\u00bbEstamos revalorizando conceptos que nos dejaron Borges e Ibarra, y de los cuales somos custodios todos los santiague\u00f1os\u00bb, afirm\u00f3 el gobernador.<\/p>\n<\/blockquote>\n\n\n\n<p>\u200bPara el mandatario, el legado de la autonom\u00eda no es un concepto est\u00e1tico, sino un mensaje que \u00abinterpela\u00bb a la sociedad actual a trabajar por un objetivo com\u00fan: transformar a Santiago del Estero en una <strong>\u00abtierra de encuentro, de paz y de trabajo\u00bb<\/strong>, fortaleciendo la identidad nacional desde el orgullo local.<\/p>\n\n\n\n<h3 class=\"wp-block-heading\">\u200bEl desaf\u00edo frente al panorama nacional<\/h3>\n\n\n\n<p>\u200bUno de los puntos m\u00e1s destacados de sus declaraciones fue la menci\u00f3n al complejo escenario que atraviesa el pa\u00eds. Su\u00e1rez no esquiv\u00f3 la realidad pol\u00edtica y econ\u00f3mica, se\u00f1alando que la provincia busca blindarse mediante la gesti\u00f3n y el esfuerzo colectivo.<\/p>\n\n\n\n<ul class=\"wp-block-list\">\n<li>\u200b<strong>Contexto cr\u00edtico:<\/strong> Calific\u00f3 la situaci\u00f3n actual como un \u00abcontexto nacional adverso\u00bb.<\/li>\n\n\n\n<li>\u200b<strong>Diferenciaci\u00f3n estrat\u00e9gica:<\/strong> Asegur\u00f3 que Santiago del Estero trabaja para \u00abmarcar la diferencia\u00bb y superar los obst\u00e1culos que impone la coyuntura.<\/li>\n<\/ul>\n\n\n\n<h3 class=\"wp-block-heading\">\u200bExpectativas por el Mensaje Anual<\/h3>\n\n\n\n<p>\u200bHacia el cierre de su contacto con la prensa, el gobernador se refiri\u00f3 a su pr\u00f3xima intervenci\u00f3n ante la C\u00e1mara de Diputados. Su\u00e1rez confirm\u00f3 que cumplir\u00e1 con el mandato constitucional de informar sobre el estado de la administraci\u00f3n.<\/p>\n\n\n\n<p>\u200b\u00bbHoy me corresponde dar el mensaje de la marcha y acci\u00f3n de gobierno\u00bb, se\u00f1al\u00f3, subrayando que su discurso tendr\u00e1 como objetivo <strong>explicar de forma transparente a la ciudadan\u00eda<\/strong> tanto los logros alcanzados hasta el momento como las metas proyectadas para el corto y mediano plazo.<\/p>\n","protected":false},"excerpt":{"rendered":"<p>En el marco del 206\u00b0 aniversario de la Autonom\u00eda Provincial, el mandatario destac\u00f3 la identidad santiague\u00f1a como motor de desarrollo y adelant\u00f3 los ejes de su pr\u00f3ximo mensaje anual ante la Legislatura.<\/p>\n","protected":false},"author":2,"featured_media":84047,"comment_status":"open","ping_status":"open","sticky":false,"template":"","format":"standard","meta":{"om_disable_all_campaigns":false,"_monsterinsights_skip_tracking":false,"_monsterinsights_sitenote_active":false,"_monsterinsights_sitenote_note":"","_monsterinsights_sitenote_category":0,"_uf_show_specific_survey":0,"_uf_disable_surveys":false,"jetpack_post_was_ever_published":false,"_jetpack_newsletter_access":"","_jetpack_dont_email_post_to_subs":false,"_jetpack_newsletter_tier_id":0,"_jetpack_memberships_contains_paywalled_content":false,"_jetpack_memberships_contains_paid_content":false,"footnotes":"","jetpack_publicize_message":"","jetpack_publicize_feature_enabled":true,"jetpack_social_post_already_shared":true,"jetpack_social_options":{"image_generator_settings":{"template":"highway","default_image_id":0,"font":"","enabled":false},"version":2}},"categories":[4,21],"tags":[322],"class_list":["post-84046","post","type-post","status-publish","format-standard","has-post-thumbnail","hentry","category-destacadas","category-locales","tag-elias-suarez"],"aioseo_notices":[],"views":8,"jetpack_publicize_connections":[],"jetpack_featured_media_url":"https:\/\/i0.wp.com\/elterritorialweb.com.ar\/web\/wp-content\/uploads\/2026\/04\/IMG-20260427-WA0010.jpg?fit=1600%2C1064&ssl=1","jetpack_sharing_enabled":true,"_links":{"self":[{"href":"https:\/\/elterritorialweb.com.ar\/web\/wp-json\/wp\/v2\/posts\/84046","targetHints":{"allow":["GET"]}}],"collection":[{"href":"https:\/\/elterritorialweb.com.ar\/web\/wp-json\/wp\/v2\/posts"}],"about":[{"href":"https:\/\/elterritorialweb.com.ar\/web\/wp-json\/wp\/v2\/types\/post"}],"author":[{"embeddable":true,"href":"https:\/\/elterritorialweb.com.ar\/web\/wp-json\/wp\/v2\/users\/2"}],"replies":[{"embeddable":true,"href":"https:\/\/elterritorialweb.com.ar\/web\/wp-json\/wp\/v2\/comments?post=84046"}],"version-history":[{"count":1,"href":"https:\/\/elterritorialweb.com.ar\/web\/wp-json\/wp\/v2\/posts\/84046\/revisions"}],"predecessor-version":[{"id":84048,"href":"https:\/\/elterritorialweb.com.ar\/web\/wp-json\/wp\/v2\/posts\/84046\/revisions\/84048"}],"wp:featuredmedia":[{"embeddable":true,"href":"https:\/\/elterritorialweb.com.ar\/web\/wp-json\/wp\/v2\/media\/84047"}],"wp:attachment":[{"href":"https:\/\/elterritorialweb.com.ar\/web\/wp-json\/wp\/v2\/media?parent=84046"}],"wp:term":[{"taxonomy":"category","embeddable":true,"href":"https:\/\/elterritorialweb.com.ar\/web\/wp-json\/wp\/v2\/categories?post=84046"},{"taxonomy":"post_tag","embeddable":true,"href":"https:\/\/elterritorialweb.com.ar\/web\/wp-json\/wp\/v2\/tags?post=84046"}],"curies":[{"name":"wp","href":"https:\/\/api.w.org\/{rel}","templated":true}]}}