{"id":84049,"date":"2026-04-27T14:47:50","date_gmt":"2026-04-27T14:47:50","guid":{"rendered":"https:\/\/elterritorialweb.com.ar\/web\/?p=84049"},"modified":"2026-04-27T14:47:53","modified_gmt":"2026-04-27T14:47:53","slug":"elias-suarez-anuncio-un-bono-de-600-mil-pesos-por-el-dia-del-trabajador-y-un-bono-aguinaldo-de-1-200-000","status":"publish","type":"post","link":"https:\/\/elterritorialweb.com.ar\/web\/elias-suarez-anuncio-un-bono-de-600-mil-pesos-por-el-dia-del-trabajador-y-un-bono-aguinaldo-de-1-200-000\/","title":{"rendered":"EL\u00cdAS SU\u00c1REZ ANUNCI\u00d3 UN BONO DE 600 MIL PESOS POR EL D\u00cdA DEL TRABAJADOR Y UN BONO AGUINALDO DE $ 1.200.000"},"content":{"rendered":"\n<p>\u200bDurante la sesi\u00f3n especial en la Legislatura Provincial por el D\u00eda de la Autonom\u00eda, el gobernador El\u00edas Su\u00e1rez dio a conocer una bater\u00eda de medidas econ\u00f3micas destinadas a recomponer el salario de los agentes p\u00fablicos y dinamizar el mercado interno. Los anuncios, centrados en bonos de alto impacto, buscan brindar previsibilidad a las familias santiague\u00f1as en un contexto desafiante.<\/p>\n\n\n\n<h3 class=\"wp-block-heading\">\u200bCronograma de Pagos y Bonos Inminentes<\/h3>\n\n\n\n<p>\u200bEl mandatario confirm\u00f3 que el <strong>Bono por el D\u00eda del Trabajador ser\u00e1 de $600.000<\/strong>, el cual estar\u00e1 acreditado y disponible para su cobro a partir del pr\u00f3ximo <strong>30 de abril<\/strong>. Esta medida se complementa con el pago de los haberes mensuales, que se realizar\u00e1 de forma anticipada los d\u00edas <strong>28 y 29 de este mes<\/strong>.<\/p>\n\n\n\n<h3 class=\"wp-block-heading\">\u200bRefuerzo Extraordinario de Invierno y Fin de A\u00f1o<\/h3>\n\n\n\n<p>\u200bUno de los puntos m\u00e1s destacados del discurso fue la creaci\u00f3n de un <strong>bono \u00abaguinaldo\u00bb total de $1.200.000<\/strong>. Seg\u00fan detall\u00f3 Su\u00e1rez, este monto se abonar\u00e1 en dos cuotas iguales de <strong>$600.000<\/strong> durante los meses de junio y julio, respectivamente, funcionando como un refuerzo clave al Sueldo Anual Complementario (SAC).<\/p>\n\n\n\n<p>\u200bAsimismo, el Ejecutivo provincial ratific\u00f3 la vigencia del <strong>bono de fin de a\u00f1o<\/strong>, el cual se liquidar\u00e1 en tres partes. Aunque el monto final de este \u00faltimo beneficio se anunciar\u00e1 oportunamente, la confirmaci\u00f3n de su pago lleva tranquilidad al sector estatal de cara al cierre del ejercicio.<\/p>\n\n\n\n<h3 class=\"wp-block-heading\">\u200bEl Impacto en la Econom\u00eda Regional<\/h3>\n\n\n\n<p>\u200bM\u00e1s all\u00e1 de la asistencia directa al bolsillo del trabajador, el gobernador enfatiz\u00f3 el car\u00e1cter estrat\u00e9gico de estas decisiones financieras para el tejido productivo de Santiago del Estero.<\/p>\n\n\n\n<blockquote class=\"wp-block-quote is-layout-flow wp-block-quote-is-layout-flow\">\n<p>\u200b\u00bbCada peso que el Estado vuelca al bolsillo de nuestros trabajadores vuelve a circular en nuestra econom\u00eda local. Se transforma en consumo en nuestros comercios, en movimiento en nuestras pymes y en actividad para nuestros emprendedores\u00bb, expres\u00f3 Su\u00e1rez ante los legisladores.<\/p>\n<\/blockquote>\n\n\n\n<p>\u200bPara el mandatario, esta inyecci\u00f3n de liquidez genera una <strong>\u00abrueda virtuosa\u00bb<\/strong> que protege el empleo y sostiene la actividad comercial en toda la provincia. \u00abEstas medidas no solo tienen un impacto social, sino tambi\u00e9n un fuerte efecto econ\u00f3mico, porque impulsan la actividad y generan oportunidades en cada rinc\u00f3n de nuestra tierra\u00bb, concluy\u00f3.<\/p>\n","protected":false},"excerpt":{"rendered":"<p>En el marco del D\u00eda de la Autonom\u00eda Provincial, el gobernador brind\u00f3 un discurso ante la Legislatura donde detall\u00f3 un ambicioso cronograma de pagos que incluye un bono inmediato de $600.000 y un refuerzo extraordinario para el medio aguinaldo.<\/p>\n","protected":false},"author":2,"featured_media":84050,"comment_status":"open","ping_status":"open","sticky":false,"template":"","format":"standard","meta":{"om_disable_all_campaigns":false,"_monsterinsights_skip_tracking":false,"_monsterinsights_sitenote_active":false,"_monsterinsights_sitenote_note":"","_monsterinsights_sitenote_category":0,"_uf_show_specific_survey":0,"_uf_disable_surveys":false,"jetpack_post_was_ever_published":false,"_jetpack_newsletter_access":"","_jetpack_dont_email_post_to_subs":false,"_jetpack_newsletter_tier_id":0,"_jetpack_memberships_contains_paywalled_content":false,"_jetpack_memberships_contains_paid_content":false,"footnotes":"","jetpack_publicize_message":"","jetpack_publicize_feature_enabled":true,"jetpack_social_post_already_shared":true,"jetpack_social_options":{"image_generator_settings":{"template":"highway","default_image_id":0,"font":"","enabled":false},"version":2}},"categories":[4,21],"tags":[143,1295,322,1718],"class_list":["post-84049","post","type-post","status-publish","format-standard","has-post-thumbnail","hentry","category-destacadas","category-locales","tag-bono","tag-dia-de-la-autonomia-provincial","tag-elias-suarez","tag-legislatura-provincial"],"aioseo_notices":[],"views":7,"jetpack_publicize_connections":[],"jetpack_featured_media_url":"https:\/\/i0.wp.com\/elterritorialweb.com.ar\/web\/wp-content\/uploads\/2026\/04\/Screenshot_20260427_105737_Facebook.jpg?fit=995%2C712&ssl=1","jetpack_sharing_enabled":true,"_links":{"self":[{"href":"https:\/\/elterritorialweb.com.ar\/web\/wp-json\/wp\/v2\/posts\/84049","targetHints":{"allow":["GET"]}}],"collection":[{"href":"https:\/\/elterritorialweb.com.ar\/web\/wp-json\/wp\/v2\/posts"}],"about":[{"href":"https:\/\/elterritorialweb.com.ar\/web\/wp-json\/wp\/v2\/types\/post"}],"author":[{"embeddable":true,"href":"https:\/\/elterritorialweb.com.ar\/web\/wp-json\/wp\/v2\/users\/2"}],"replies":[{"embeddable":true,"href":"https:\/\/elterritorialweb.com.ar\/web\/wp-json\/wp\/v2\/comments?post=84049"}],"version-history":[{"count":1,"href":"https:\/\/elterritorialweb.com.ar\/web\/wp-json\/wp\/v2\/posts\/84049\/revisions"}],"predecessor-version":[{"id":84051,"href":"https:\/\/elterritorialweb.com.ar\/web\/wp-json\/wp\/v2\/posts\/84049\/revisions\/84051"}],"wp:featuredmedia":[{"embeddable":true,"href":"https:\/\/elterritorialweb.com.ar\/web\/wp-json\/wp\/v2\/media\/84050"}],"wp:attachment":[{"href":"https:\/\/elterritorialweb.com.ar\/web\/wp-json\/wp\/v2\/media?parent=84049"}],"wp:term":[{"taxonomy":"category","embeddable":true,"href":"https:\/\/elterritorialweb.com.ar\/web\/wp-json\/wp\/v2\/categories?post=84049"},{"taxonomy":"post_tag","embeddable":true,"href":"https:\/\/elterritorialweb.com.ar\/web\/wp-json\/wp\/v2\/tags?post=84049"}],"curies":[{"name":"wp","href":"https:\/\/api.w.org\/{rel}","templated":true}]}}