{"id":84055,"date":"2026-04-28T14:02:22","date_gmt":"2026-04-28T14:02:22","guid":{"rendered":"https:\/\/elterritorialweb.com.ar\/web\/?p=84055"},"modified":"2026-04-28T14:03:54","modified_gmt":"2026-04-28T14:03:54","slug":"un-estudio-nacional-revela-brechas-en-el-diagnostico-y-tratamiento-de-la-insuficiencia-cardiaca-en-argentina","status":"publish","type":"post","link":"https:\/\/elterritorialweb.com.ar\/web\/un-estudio-nacional-revela-brechas-en-el-diagnostico-y-tratamiento-de-la-insuficiencia-cardiaca-en-argentina\/","title":{"rendered":"UN ESTUDIO NACIONAL REVELA BRECHAS EN EL DIAGN\u00d3STICO Y TRATAMIENTO DE LA INSUFICIENCIA CARD\u00cdACA EN ARGENTINA"},"content":{"rendered":"\n<p>\u200bLa insuficiencia card\u00edaca (IC) representa un desaf\u00edo creciente para el sistema sanitario argentino, impulsado por el envejecimiento poblacional y la prevalencia de factores de riesgo metab\u00f3licos. En este contexto, la <strong>Federaci\u00f3n Argentina de Cardiolog\u00eda (FAC)<\/strong> present\u00f3 los resultados finales del <strong>Registro ARFEY-Preser<\/strong>, el primer relevamiento federal dise\u00f1ado para radiografiar la realidad de la insuficiencia card\u00edaca con funci\u00f3n preservada en el pa\u00eds.<\/p>\n\n\n\n<p>\u200bEl estudio, que analiz\u00f3 a <strong>638 pacientes de 18 provincias<\/strong>, puso el foco en una variante de la enfermedad donde el coraz\u00f3n, aunque mantiene su fuerza de contracci\u00f3n, pierde la capacidad de relajarse y llenarse correctamente. Seg\u00fan el <strong>Dr. Eduardo Perna (MP 1971)<\/strong>, integrante de la FAC, esta forma de la patolog\u00eda ya representa m\u00e1s de la mitad de los casos actuales.<\/p>\n\n\n\n<h3 class=\"wp-block-heading\">\u200bPerfil del paciente y complejidad diagn\u00f3stica<\/h3>\n\n\n\n<p>\u200bLos datos revelan un perfil claro: el promedio de edad de los pacientes es de <strong>72 a\u00f1os<\/strong>, con un predominio de mujeres. La complejidad no reside solo en la edad, sino en la \u00abmultimorbilidad\u00bb. La <strong>Dra. Lorena Coronel (MP 4458)<\/strong> explic\u00f3 que casi la totalidad de los sujetos estudiados presentaba cuadros asociados como:<\/p>\n\n\n\n<ul class=\"wp-block-list\">\n<li>\u200bHipertensi\u00f3n arterial.<\/li>\n\n\n\n<li>\u200bDiabetes.<\/li>\n\n\n\n<li>\u200bObesidad.<\/li>\n\n\n\n<li>\u200bEnfermedad renal.<\/li>\n<\/ul>\n\n\n\n<p>\u200b\u00bbEste hallazgo confirma que se trata de una patolog\u00eda compleja que depende de la combinaci\u00f3n de varios factores de riesgo\u00bb, se\u00f1al\u00f3 Coronel. Sin embargo, el estudio encendi\u00f3 una alarma en el proceso de detecci\u00f3n: si bien el acceso a estudios b\u00e1sicos como electrocardiogramas es universal, existe un <strong>uso limitado de m\u00e9todos avanzados<\/strong> para identificar las causas subyacentes con mayor precisi\u00f3n.<\/p>\n\n\n\n<h3 class=\"wp-block-heading\">\u200bEl desaf\u00edo del tratamiento<\/h3>\n\n\n\n<p>\u200bEn materia terap\u00e9utica, el registro evidenci\u00f3 una brecha entre la disponibilidad de innovaciones m\u00e9dicas y la pr\u00e1ctica cl\u00ednica diaria. Aunque se registr\u00f3 una tendencia positiva hacia el final del seguimiento, el uso de <strong>terapias modernas<\/strong> sigue siendo bajo frente a la persistencia de tratamientos tradicionales que no siempre cubren las necesidades espec\u00edficas de esta variante de la enfermedad.<\/p>\n\n\n\n<p>\u200bLa urgencia de actualizar estos abordajes queda demostrada en las estad\u00edsticas de evoluci\u00f3n:<\/p>\n\n\n\n<blockquote class=\"wp-block-quote is-layout-flow wp-block-quote-is-layout-flow\">\n<p>\u200bDurante el primer a\u00f1o, <strong>1 de cada 10 pacientes requiri\u00f3 internaci\u00f3n<\/strong> y la tasa de <strong>mortalidad anual alcanz\u00f3 el 7%<\/strong>.<\/p>\n<\/blockquote>\n\n\n\n<h3 class=\"wp-block-heading\">\u200bHacia una pr\u00e1ctica cl\u00ednica federal<\/h3>\n\n\n\n<p>\u200bDesde la FAC, instituci\u00f3n presidida por el <strong>Dr. Diego Echazarreta<\/strong>, destacan que el Registro ARFEY-Preser es una herramienta fundamental para acortar la distancia entre las recomendaciones internacionales y la realidad en los consultorios argentinos.<\/p>\n\n\n\n<p>\u200bCon m\u00e1s de 60 a\u00f1os de trayectoria y una red de 31 sociedades federadas, la instituci\u00f3n busca que estos datos sirvan para mejorar la calidad de vida de los pacientes y optimizar los recursos de salud en todo el territorio nacional.<\/p>\n\n\n\n<p>\u200b<strong>M\u00e1s informaci\u00f3n y contacto:<\/strong><\/p>\n\n\n\n<ul class=\"wp-block-list\">\n<li>\u200b<strong>Web:<\/strong> <a href=\"https:\/\/comunidadfac.org.ar\">comunidadfac.org.ar<\/a><\/li>\n\n\n\n<li>\u200b<strong>Prensa:<\/strong> Susan Lonetti (54911-6852-5477) \/ Javier Blanco Toledo (54911-5639-2536)<\/li>\n<\/ul>\n","protected":false},"excerpt":{"rendered":"<p>El Registro ARFEY-Preser, impulsado por la Federaci\u00f3n Argentina de Cardiolog\u00eda (FAC) en 18 provincias, advierte sobre el bajo uso de tecnolog\u00edas avanzadas y terapias modernas en una patolog\u00eda que afecta principalmente a adultos mayores con m\u00faltiples comorbilidades<\/p>\n","protected":false},"author":2,"featured_media":84056,"comment_status":"open","ping_status":"open","sticky":false,"template":"","format":"standard","meta":{"om_disable_all_campaigns":false,"_monsterinsights_skip_tracking":false,"_monsterinsights_sitenote_active":false,"_monsterinsights_sitenote_note":"","_monsterinsights_sitenote_category":0,"_uf_show_specific_survey":0,"_uf_disable_surveys":false,"jetpack_post_was_ever_published":false,"_jetpack_newsletter_access":"","_jetpack_dont_email_post_to_subs":false,"_jetpack_newsletter_tier_id":0,"_jetpack_memberships_contains_paywalled_content":false,"_jetpack_memberships_contains_paid_content":false,"footnotes":"","jetpack_publicize_message":"","jetpack_publicize_feature_enabled":true,"jetpack_social_post_already_shared":true,"jetpack_social_options":{"image_generator_settings":{"template":"highway","default_image_id":0,"font":"","enabled":false},"version":2}},"categories":[4,3],"tags":[1064],"class_list":["post-84055","post","type-post","status-publish","format-standard","has-post-thumbnail","hentry","category-destacadas","category-salud","tag-federacion-argentina-de-cardiologia"],"aioseo_notices":[],"views":7,"jetpack_publicize_connections":[],"jetpack_featured_media_url":"https:\/\/i0.wp.com\/elterritorialweb.com.ar\/web\/wp-content\/uploads\/2026\/04\/Screenshot_20260428_110051_Chrome.jpg?fit=1080%2C707&ssl=1","jetpack_sharing_enabled":true,"_links":{"self":[{"href":"https:\/\/elterritorialweb.com.ar\/web\/wp-json\/wp\/v2\/posts\/84055","targetHints":{"allow":["GET"]}}],"collection":[{"href":"https:\/\/elterritorialweb.com.ar\/web\/wp-json\/wp\/v2\/posts"}],"about":[{"href":"https:\/\/elterritorialweb.com.ar\/web\/wp-json\/wp\/v2\/types\/post"}],"author":[{"embeddable":true,"href":"https:\/\/elterritorialweb.com.ar\/web\/wp-json\/wp\/v2\/users\/2"}],"replies":[{"embeddable":true,"href":"https:\/\/elterritorialweb.com.ar\/web\/wp-json\/wp\/v2\/comments?post=84055"}],"version-history":[{"count":1,"href":"https:\/\/elterritorialweb.com.ar\/web\/wp-json\/wp\/v2\/posts\/84055\/revisions"}],"predecessor-version":[{"id":84057,"href":"https:\/\/elterritorialweb.com.ar\/web\/wp-json\/wp\/v2\/posts\/84055\/revisions\/84057"}],"wp:featuredmedia":[{"embeddable":true,"href":"https:\/\/elterritorialweb.com.ar\/web\/wp-json\/wp\/v2\/media\/84056"}],"wp:attachment":[{"href":"https:\/\/elterritorialweb.com.ar\/web\/wp-json\/wp\/v2\/media?parent=84055"}],"wp:term":[{"taxonomy":"category","embeddable":true,"href":"https:\/\/elterritorialweb.com.ar\/web\/wp-json\/wp\/v2\/categories?post=84055"},{"taxonomy":"post_tag","embeddable":true,"href":"https:\/\/elterritorialweb.com.ar\/web\/wp-json\/wp\/v2\/tags?post=84055"}],"curies":[{"name":"wp","href":"https:\/\/api.w.org\/{rel}","templated":true}]}}