{"id":84058,"date":"2026-04-29T00:52:16","date_gmt":"2026-04-29T00:52:16","guid":{"rendered":"https:\/\/elterritorialweb.com.ar\/web\/?p=84058"},"modified":"2026-04-29T00:52:19","modified_gmt":"2026-04-29T00:52:19","slug":"el-gobernador-elias-suarez-recibio-al-director-del-observatorio-de-la-deuda-social-de-la-uca","status":"publish","type":"post","link":"https:\/\/elterritorialweb.com.ar\/web\/el-gobernador-elias-suarez-recibio-al-director-del-observatorio-de-la-deuda-social-de-la-uca\/","title":{"rendered":"EL GOBERNADOR EL\u00cdAS SU\u00c1REZ RECIBI\u00d3 AL DIRECTOR DEL OBSERVATORIO DE LA DEUDA SOCIAL DE LA UCA"},"content":{"rendered":"\n<p>\u200b\u200bEn una reuni\u00f3n clave para la agenda institucional de la provincia, el gobernador <strong>El\u00edas Su\u00e1rez<\/strong> recibi\u00f3 este martes en la Casa de Gobierno al <strong>Dr. Agust\u00edn Salvia<\/strong>, reconocido investigador y director del Observatorio de la Deuda Social Argentina de la Universidad Cat\u00f3lica Argentina (UCA). Del encuentro tambi\u00e9n participaron el jefe de Gabinete, <strong>V\u00edctor Araujo<\/strong>, y el director de Gesti\u00f3n P\u00fablica, <strong>Ricardo Montenegro<\/strong>.<\/p>\n\n\n\n<p>\u200bDurante el di\u00e1logo, Salvia ponder\u00f3 la relevancia del <strong>Consejo Econ\u00f3mico y Social<\/strong> como una herramienta fundamental para la gobernanza moderna. Seg\u00fan el especialista, este espacio permite \u00abrelevar, procesar y dar cauce a las demandas de los diversos actores de la sociedad\u00bb, logrando que reclamos sectoriales se transformen en pol\u00edticas de Estado con legitimidad social y objetivos de desarrollo sostenibles.<\/p>\n\n\n\n<h3 class=\"wp-block-heading\">\u200bUn escudo ante la crisis nacional<\/h3>\n\n\n\n<p>\u200bEl contexto nacional y el recorte de fondos federales fueron temas centrales de la charla. Salvia se\u00f1al\u00f3 que, ante la complejidad financiera que atraviesan las provincias, el Consejo funciona como un ente ordenador de la agenda p\u00fablica.<\/p>\n\n\n\n<blockquote class=\"wp-block-quote is-layout-flow wp-block-quote-is-layout-flow\">\n<p>\u200b\u201cSantiago del Estero es una de las m\u00e1s afectadas por esta situaci\u00f3n y, en ese contexto, un Consejo Econ\u00f3mico y Social administra la coyuntura y al mismo tiempo piensa en el futuro\u201d, afirm\u00f3 el director de la UCA.<\/p>\n<\/blockquote>\n\n\n\n<h3 class=\"wp-block-heading\">\u200bHacia una agenda de participaci\u00f3n integral<\/h3>\n\n\n\n<p>\u200bPara el investigador, el \u00e9xito de estos desaf\u00edos radica en la apertura y el trabajo mancomunado. En ese sentido, inst\u00f3 a fortalecer una agenda de discusi\u00f3n que integre a:<\/p>\n\n\n\n<ul class=\"wp-block-list\">\n<li>\u200b<strong>Actores econ\u00f3micos y sociales.<\/strong><\/li>\n\n\n\n<li>\u200b<strong>Universidades y centros profesionales.<\/strong><\/li>\n\n\n\n<li>\u200b<strong>Sistemas t\u00e9cnicos profesionales<\/strong> (como INTA e INTI).<\/li>\n<\/ul>\n\n\n\n<p>\u200bFinalmente, Salvia subray\u00f3 que todos los sectores t\u00e9cnicos y civiles tienen un aporte valioso para brindar, permitiendo que la provincia no solo gestione las urgencias del presente, sino que proyecte un horizonte de crecimiento s\u00f3lido pese a las dificultades externas.<\/p>\n","protected":false},"excerpt":{"rendered":"<p>El mandatario provincial mantuvo un encuentro con el Dr. Agust\u00edn Salvia para analizar la coyuntura socioecon\u00f3mica y destacar el rol estrat\u00e9gico del Consejo Econ\u00f3mico y Social en el dise\u00f1o de pol\u00edticas p\u00fablicas a largo plazo.<\/p>\n","protected":false},"author":2,"featured_media":84059,"comment_status":"open","ping_status":"open","sticky":false,"template":"","format":"standard","meta":{"om_disable_all_campaigns":false,"_monsterinsights_skip_tracking":false,"_monsterinsights_sitenote_active":false,"_monsterinsights_sitenote_note":"","_monsterinsights_sitenote_category":0,"_uf_show_specific_survey":0,"_uf_disable_surveys":false,"jetpack_post_was_ever_published":false,"_jetpack_newsletter_access":"","_jetpack_dont_email_post_to_subs":false,"_jetpack_newsletter_tier_id":0,"_jetpack_memberships_contains_paywalled_content":false,"_jetpack_memberships_contains_paid_content":false,"footnotes":"","jetpack_publicize_message":"","jetpack_publicize_feature_enabled":true,"jetpack_social_post_already_shared":true,"jetpack_social_options":{"image_generator_settings":{"template":"highway","default_image_id":0,"font":"","enabled":false},"version":2}},"categories":[4,21],"tags":[],"class_list":["post-84058","post","type-post","status-publish","format-standard","has-post-thumbnail","hentry","category-destacadas","category-locales"],"aioseo_notices":[],"views":7,"jetpack_publicize_connections":[],"jetpack_featured_media_url":"https:\/\/i0.wp.com\/elterritorialweb.com.ar\/web\/wp-content\/uploads\/2026\/04\/IMG-20260428-WA0015.jpg?fit=1280%2C853&ssl=1","jetpack_sharing_enabled":true,"_links":{"self":[{"href":"https:\/\/elterritorialweb.com.ar\/web\/wp-json\/wp\/v2\/posts\/84058","targetHints":{"allow":["GET"]}}],"collection":[{"href":"https:\/\/elterritorialweb.com.ar\/web\/wp-json\/wp\/v2\/posts"}],"about":[{"href":"https:\/\/elterritorialweb.com.ar\/web\/wp-json\/wp\/v2\/types\/post"}],"author":[{"embeddable":true,"href":"https:\/\/elterritorialweb.com.ar\/web\/wp-json\/wp\/v2\/users\/2"}],"replies":[{"embeddable":true,"href":"https:\/\/elterritorialweb.com.ar\/web\/wp-json\/wp\/v2\/comments?post=84058"}],"version-history":[{"count":1,"href":"https:\/\/elterritorialweb.com.ar\/web\/wp-json\/wp\/v2\/posts\/84058\/revisions"}],"predecessor-version":[{"id":84060,"href":"https:\/\/elterritorialweb.com.ar\/web\/wp-json\/wp\/v2\/posts\/84058\/revisions\/84060"}],"wp:featuredmedia":[{"embeddable":true,"href":"https:\/\/elterritorialweb.com.ar\/web\/wp-json\/wp\/v2\/media\/84059"}],"wp:attachment":[{"href":"https:\/\/elterritorialweb.com.ar\/web\/wp-json\/wp\/v2\/media?parent=84058"}],"wp:term":[{"taxonomy":"category","embeddable":true,"href":"https:\/\/elterritorialweb.com.ar\/web\/wp-json\/wp\/v2\/categories?post=84058"},{"taxonomy":"post_tag","embeddable":true,"href":"https:\/\/elterritorialweb.com.ar\/web\/wp-json\/wp\/v2\/tags?post=84058"}],"curies":[{"name":"wp","href":"https:\/\/api.w.org\/{rel}","templated":true}]}}