{"id":84064,"date":"2026-04-29T01:04:56","date_gmt":"2026-04-29T01:04:56","guid":{"rendered":"https:\/\/elterritorialweb.com.ar\/web\/?p=84064"},"modified":"2026-04-29T01:04:59","modified_gmt":"2026-04-29T01:04:59","slug":"el-gobernador-elias-suarez-encabezo-un-encuentro-clave-con-la-sociedad-rural-en-quimili","status":"publish","type":"post","link":"https:\/\/elterritorialweb.com.ar\/web\/el-gobernador-elias-suarez-encabezo-un-encuentro-clave-con-la-sociedad-rural-en-quimili\/","title":{"rendered":"EL GOBERNADOR EL\u00cdAS SU\u00c1REZ ENCABEZ\u00d3 UN ENCUENTRO CLAVE CON LA SOCIEDAD RURAL EN QUIMIL\u00cd"},"content":{"rendered":"\n<p>\u200bEn una jornada marcada por el di\u00e1logo institucional y el an\u00e1lisis estrat\u00e9gico, el gobernador de la provincia, <strong>El\u00edas Su\u00e1rez<\/strong>, particip\u00f3 este martes de la reuni\u00f3n de comisi\u00f3n directiva ampliada de la <strong>Sociedad Rural Argentina (SRA)<\/strong>. El encuentro, desarrollado en el predio de la Sociedad Rural del Noreste Santiague\u00f1o, sent\u00f3 las bases para una articulaci\u00f3n m\u00e1s estrecha entre el sector p\u00fablico y privado.<\/p>\n\n\n\n<p>\u200bBajo la premisa de que <em>\u00absi a la producci\u00f3n le va bien, a la provincia le va bien\u00bb<\/em>, el mandatario estuvo acompa\u00f1ado por el vicegobernador Carlos Silva Neder, el jefe de Gabinete, V\u00edctor Araujo, y el ministro de la Producci\u00f3n, N\u00e9stor Machado. La mesa de trabajo cont\u00f3 con la presencia estelar de <strong>Nicol\u00e1s Pino<\/strong>, presidente de la SRA, y el anfitri\u00f3n local, <strong>Jos\u00e9 Manubens<\/strong>, junto al intendente de Quimil\u00ed, Diego Ponti.<\/p>\n\n\n\n<figure class=\"wp-block-image size-full\"><a href=\"https:\/\/i0.wp.com\/elterritorialweb.com.ar\/web\/wp-content\/uploads\/2026\/04\/1000413005.jpg?ssl=1\"><img data-recalc-dims=\"1\" decoding=\"async\" width=\"609\" height=\"729\" data-src=\"https:\/\/i0.wp.com\/elterritorialweb.com.ar\/web\/wp-content\/uploads\/2026\/04\/1000413005.jpg?resize=609%2C729&#038;ssl=1\" alt=\"\" class=\"wp-image-84066 lazyload\" data-srcset=\"https:\/\/i0.wp.com\/elterritorialweb.com.ar\/web\/wp-content\/uploads\/2026\/04\/1000413005.jpg?w=609&amp;ssl=1 609w, https:\/\/i0.wp.com\/elterritorialweb.com.ar\/web\/wp-content\/uploads\/2026\/04\/1000413005.jpg?resize=251%2C300&amp;ssl=1 251w\" data-sizes=\"(max-width: 609px) 100vw, 609px\" src=\"data:image\/svg+xml;base64,PHN2ZyB3aWR0aD0iMSIgaGVpZ2h0PSIxIiB4bWxucz0iaHR0cDovL3d3dy53My5vcmcvMjAwMC9zdmciPjwvc3ZnPg==\" style=\"--smush-placeholder-width: 609px; --smush-placeholder-aspect-ratio: 609\/729;\" \/><\/a><\/figure>\n\n\n\n<h3 class=\"wp-block-heading\">\u200bUn sector que impulsa divisas y desarrollo<\/h3>\n\n\n\n<p>\u200bDurante la apertura, Jos\u00e9 Manubens subray\u00f3 la relevancia de Santiago del Estero en el mapa exportador nacional, posicion\u00e1ndola como la <strong>novena provincia en generaci\u00f3n de divisas<\/strong>. En su discurso, enfatiz\u00f3 la necesidad de expandir la frontera productiva bajo una mirada sustentable:<\/p>\n\n\n\n<blockquote class=\"wp-block-quote is-layout-flow wp-block-quote-is-layout-flow\">\n<p>\u200b\u201cDebemos pensar en industrializar en origen la producci\u00f3n primaria. Este encuentro debe servir para fortalecer el di\u00e1logo y el trabajo en conjunto, entendiendo que el campo es el motor del crecimiento social y el trabajo privado\u201d.<\/p>\n<\/blockquote>\n\n\n\n<p>\u200bPor su parte, <strong>Nicol\u00e1s Pino<\/strong> valor\u00f3 el gesto pol\u00edtico de la presencia del gabinete provincial en territorio. \u201cEs una muestra clara de lo que el gobierno ve en los productores. El campo es el sector m\u00e1s competitivo y productivo de la Argentina\u201d, afirm\u00f3 el dirigente nacional.<\/p>\n\n\n\n<figure class=\"wp-block-image size-large\"><a href=\"https:\/\/i0.wp.com\/elterritorialweb.com.ar\/web\/wp-content\/uploads\/2026\/04\/1000413001.jpg?ssl=1\"><img data-recalc-dims=\"1\" decoding=\"async\" width=\"640\" height=\"409\" data-src=\"https:\/\/i0.wp.com\/elterritorialweb.com.ar\/web\/wp-content\/uploads\/2026\/04\/1000413001-1024x655.jpg?resize=640%2C409&#038;ssl=1\" alt=\"\" class=\"wp-image-84067 lazyload\" data-srcset=\"https:\/\/i0.wp.com\/elterritorialweb.com.ar\/web\/wp-content\/uploads\/2026\/04\/1000413001.jpg?resize=1024%2C655&amp;ssl=1 1024w, https:\/\/i0.wp.com\/elterritorialweb.com.ar\/web\/wp-content\/uploads\/2026\/04\/1000413001.jpg?resize=300%2C192&amp;ssl=1 300w, https:\/\/i0.wp.com\/elterritorialweb.com.ar\/web\/wp-content\/uploads\/2026\/04\/1000413001.jpg?resize=768%2C491&amp;ssl=1 768w, https:\/\/i0.wp.com\/elterritorialweb.com.ar\/web\/wp-content\/uploads\/2026\/04\/1000413001.jpg?w=1364&amp;ssl=1 1364w, https:\/\/i0.wp.com\/elterritorialweb.com.ar\/web\/wp-content\/uploads\/2026\/04\/1000413001.jpg?w=1280 1280w\" data-sizes=\"(max-width: 640px) 100vw, 640px\" src=\"data:image\/svg+xml;base64,PHN2ZyB3aWR0aD0iMSIgaGVpZ2h0PSIxIiB4bWxucz0iaHR0cDovL3d3dy53My5vcmcvMjAwMC9zdmciPjwvc3ZnPg==\" style=\"--smush-placeholder-width: 640px; --smush-placeholder-aspect-ratio: 640\/409;\" \/><\/a><\/figure>\n\n\n\n<h3 class=\"wp-block-heading\">\u200bCompromiso y agenda futura<\/h3>\n\n\n\n<p>\u200bEl cierre del evento estuvo a cargo del gobernador Su\u00e1rez, quien se mostr\u00f3 receptivo ante las inquietudes de los representantes rurales de Bandera, Fr\u00edas, Tintina y miembros de Apadram. El mandatario reconoci\u00f3 los desaf\u00edos que plantean los \u00aba\u00f1os dif\u00edciles\u00bb en materia econ\u00f3mica, pero reafirm\u00f3 que la gesti\u00f3n de recursos se har\u00e1 de forma consensuada con las instituciones.<\/p>\n\n\n\n<p>\u200b<strong>Puntos clave de la jornada:<\/strong><\/p>\n\n\n\n<ul class=\"wp-block-list\">\n<li>\u200b<strong>Fortalecimiento institucional:<\/strong> Consolidaci\u00f3n de un canal directo entre el Gobierno y las entidades rurales del norte argentino.<\/li>\n\n\n\n<li>\u200b<strong>Agenda de trabajo:<\/strong> El gobernador se retir\u00f3 con un listado de temas prioritarios para ser tratados con su gabinete t\u00e9cnico.<\/li>\n\n\n\n<li>\u200b<strong>Visi\u00f3n productiva:<\/strong> Fomento a la industrializaci\u00f3n local para agregar valor a la materia prima santiague\u00f1a.<\/li>\n<\/ul>\n\n\n\n<p>\u200b\u201cConocemos la inquietud de nuestros productores y vamos a seguir apoy\u00e1ndolos. Me comprometo a acompa\u00f1ar todo lo que sea en favor del crecimiento de Santiago del Estero\u201d, concluy\u00f3 Su\u00e1rez, sellando un compromiso que busca dar previsibilidad a uno de los pilares econ\u00f3micos de la regi\u00f3n.<\/p>\n\n\n\n<p><\/p>\n","protected":false},"excerpt":{"rendered":"<p>El mandatario provincial particip\u00f3 de una reuni\u00f3n de la comisi\u00f3n directiva ampliada de la SRA, donde ratific\u00f3 su compromiso con el sector agroindustrial y acord\u00f3 una agenda de trabajo conjunta para potenciar las exportaciones y la producci\u00f3n regional.<\/p>\n","protected":false},"author":2,"featured_media":84065,"comment_status":"open","ping_status":"open","sticky":false,"template":"","format":"standard","meta":{"om_disable_all_campaigns":false,"_monsterinsights_skip_tracking":false,"_monsterinsights_sitenote_active":false,"_monsterinsights_sitenote_note":"","_monsterinsights_sitenote_category":0,"_uf_show_specific_survey":0,"_uf_disable_surveys":false,"jetpack_post_was_ever_published":false,"_jetpack_newsletter_access":"","_jetpack_dont_email_post_to_subs":false,"_jetpack_newsletter_tier_id":0,"_jetpack_memberships_contains_paywalled_content":false,"_jetpack_memberships_contains_paid_content":false,"footnotes":"","jetpack_publicize_message":"","jetpack_publicize_feature_enabled":true,"jetpack_social_post_already_shared":true,"jetpack_social_options":{"image_generator_settings":{"template":"highway","default_image_id":0,"font":"","enabled":false},"version":2}},"categories":[4,21],"tags":[322,1720,1719],"class_list":["post-84064","post","type-post","status-publish","format-standard","has-post-thumbnail","hentry","category-destacadas","category-locales","tag-elias-suarez","tag-sociedad-rural-argentina","tag-sociedad-rural-quimili"],"aioseo_notices":[],"views":8,"jetpack_publicize_connections":[],"jetpack_featured_media_url":"https:\/\/i0.wp.com\/elterritorialweb.com.ar\/web\/wp-content\/uploads\/2026\/04\/IMG-20260428-WA0026.jpg?fit=1452%2C912&ssl=1","jetpack_sharing_enabled":true,"_links":{"self":[{"href":"https:\/\/elterritorialweb.com.ar\/web\/wp-json\/wp\/v2\/posts\/84064","targetHints":{"allow":["GET"]}}],"collection":[{"href":"https:\/\/elterritorialweb.com.ar\/web\/wp-json\/wp\/v2\/posts"}],"about":[{"href":"https:\/\/elterritorialweb.com.ar\/web\/wp-json\/wp\/v2\/types\/post"}],"author":[{"embeddable":true,"href":"https:\/\/elterritorialweb.com.ar\/web\/wp-json\/wp\/v2\/users\/2"}],"replies":[{"embeddable":true,"href":"https:\/\/elterritorialweb.com.ar\/web\/wp-json\/wp\/v2\/comments?post=84064"}],"version-history":[{"count":1,"href":"https:\/\/elterritorialweb.com.ar\/web\/wp-json\/wp\/v2\/posts\/84064\/revisions"}],"predecessor-version":[{"id":84068,"href":"https:\/\/elterritorialweb.com.ar\/web\/wp-json\/wp\/v2\/posts\/84064\/revisions\/84068"}],"wp:featuredmedia":[{"embeddable":true,"href":"https:\/\/elterritorialweb.com.ar\/web\/wp-json\/wp\/v2\/media\/84065"}],"wp:attachment":[{"href":"https:\/\/elterritorialweb.com.ar\/web\/wp-json\/wp\/v2\/media?parent=84064"}],"wp:term":[{"taxonomy":"category","embeddable":true,"href":"https:\/\/elterritorialweb.com.ar\/web\/wp-json\/wp\/v2\/categories?post=84064"},{"taxonomy":"post_tag","embeddable":true,"href":"https:\/\/elterritorialweb.com.ar\/web\/wp-json\/wp\/v2\/tags?post=84064"}],"curies":[{"name":"wp","href":"https:\/\/api.w.org\/{rel}","templated":true}]}}