{"id":84069,"date":"2026-04-29T01:35:50","date_gmt":"2026-04-29T01:35:50","guid":{"rendered":"https:\/\/elterritorialweb.com.ar\/web\/?p=84069"},"modified":"2026-04-29T01:35:53","modified_gmt":"2026-04-29T01:35:53","slug":"amenazaron-de-muerte-al-reconocido-artista-de-guaracha-enrique-maza","status":"publish","type":"post","link":"https:\/\/elterritorialweb.com.ar\/web\/amenazaron-de-muerte-al-reconocido-artista-de-guaracha-enrique-maza\/","title":{"rendered":"AMENAZARON DE MUERTE AL RECONOCIDO ARTISTA DE GUARACHA ENRIQUE MAZA"},"content":{"rendered":"\n<p>\u200bEl mundo de la m\u00fasica tropical se encuentra en estado de alerta tras conocerse la grave situaci\u00f3n que atraviesa <strong>Enrique Maza<\/strong>. El m\u00e1ximo referente actual de la guaracha santiague\u00f1a ha sido blanco de <strong>amenazas de muerte<\/strong> con caracter\u00edsticas de extrema violencia y m\u00e9todos que los investigadores califican como \u00abmafiosos\u00bb.<\/p>\n\n\n\n<h3 class=\"wp-block-heading\">\u200bUn ataque inesperado antes de la gira<\/h3>\n\n\n\n<p>\u200bSeg\u00fan fuentes cercanas al artista, las intimidaciones habr\u00edan sido efectuadas por un <strong>grupo armado<\/strong> vinculado a la delincuencia organizada. Hasta el momento, el m\u00f3vil del ataque es un misterio, ya que no se han dado a conocer exigencias espec\u00edficas ni motivos detr\u00e1s del asedio.<\/p>\n\n\n\n<p>\u200bLo que s\u00ed resulta llamativo para el entorno de Maza es el \u00abtiming\u00bb del ataque: las amenazas se intensificaron a tan solo unos d\u00edas de que el cantante inicie su esperada <strong>gira por Buenos Aires<\/strong>, un compromiso clave en su carrera profesional.<\/p>\n\n\n\n<h3 class=\"wp-block-heading\">\u200bMedidas legales y seguridad<\/h3>\n\n\n\n<p>\u200bDada la contundencia de las pruebas y el riesgo inminente, los representantes legales del m\u00fasico ya efectuaron la <strong>denuncia formal<\/strong> ante las autoridades competentes. En la misma, se solicit\u00f3 de manera \u00aburgente\u00bb la intervenci\u00f3n de las fuerzas de seguridad para resguardar la integridad f\u00edsica de Maza y la de su c\u00edrculo \u00edntimo.<\/p>\n\n\n\n<h3 class=\"wp-block-heading\">\u200bEl respaldo de sus seguidores<\/h3>\n\n\n\n<p>\u200bA pesar del hermetismo que rodea la investigaci\u00f3n, la productora del cantante emiti\u00f3 un breve comunicado para llevar tranquilidad y agradecer las muestras de afecto:<\/p>\n\n\n\n<blockquote class=\"wp-block-quote is-layout-flow wp-block-quote-is-layout-flow\">\n<p>\u200b\u00bbAgradecemos profundamente el apoyo y el acompa\u00f1amiento constante del p\u00fablico. Enrique es el artista del momento y no permitiremos que estos hechos empa\u00f1en su presente\u00bb.<\/p>\n<\/blockquote>\n\n\n\n<p>\u200bEste lamentable episodio ocurre en el punto m\u00e1s alto de su carrera. Cabe recordar que, hace apenas unos meses, Maza marc\u00f3 un hito hist\u00f3rico al convertirse en el <strong>primer santiague\u00f1o reconocido por YouTube<\/strong> debido a sus impresionantes cifras de visualizaciones, consolid\u00e1ndose como un fen\u00f3meno popular sin precedentes en la regi\u00f3n.<\/p>\n","protected":false},"excerpt":{"rendered":"<p>El cantante santiague\u00f1o recibi\u00f3 mensajes intimidatorios con tintes mafiosos a pocos d\u00edas de iniciar su gira por Buenos Aires. La denuncia ya fue radicada y solicitan custodia urgente.<\/p>\n","protected":false},"author":2,"featured_media":84070,"comment_status":"open","ping_status":"open","sticky":false,"template":"","format":"standard","meta":{"om_disable_all_campaigns":false,"_monsterinsights_skip_tracking":false,"_monsterinsights_sitenote_active":false,"_monsterinsights_sitenote_note":"","_monsterinsights_sitenote_category":0,"_uf_show_specific_survey":0,"_uf_disable_surveys":false,"jetpack_post_was_ever_published":false,"_jetpack_newsletter_access":"","_jetpack_dont_email_post_to_subs":false,"_jetpack_newsletter_tier_id":0,"_jetpack_memberships_contains_paywalled_content":false,"_jetpack_memberships_contains_paid_content":false,"footnotes":"","jetpack_publicize_message":"","jetpack_publicize_feature_enabled":true,"jetpack_social_post_already_shared":true,"jetpack_social_options":{"image_generator_settings":{"template":"highway","default_image_id":0,"font":"","enabled":false},"version":2}},"categories":[4,20],"tags":[1492],"class_list":["post-84069","post","type-post","status-publish","format-standard","has-post-thumbnail","hentry","category-destacadas","category-especysociales","tag-enrique-maza"],"aioseo_notices":[],"views":7,"jetpack_publicize_connections":[],"jetpack_featured_media_url":"https:\/\/i0.wp.com\/elterritorialweb.com.ar\/web\/wp-content\/uploads\/2026\/04\/IMG-20260428-WA0037.jpg?fit=480%2C360&ssl=1","jetpack_sharing_enabled":true,"_links":{"self":[{"href":"https:\/\/elterritorialweb.com.ar\/web\/wp-json\/wp\/v2\/posts\/84069","targetHints":{"allow":["GET"]}}],"collection":[{"href":"https:\/\/elterritorialweb.com.ar\/web\/wp-json\/wp\/v2\/posts"}],"about":[{"href":"https:\/\/elterritorialweb.com.ar\/web\/wp-json\/wp\/v2\/types\/post"}],"author":[{"embeddable":true,"href":"https:\/\/elterritorialweb.com.ar\/web\/wp-json\/wp\/v2\/users\/2"}],"replies":[{"embeddable":true,"href":"https:\/\/elterritorialweb.com.ar\/web\/wp-json\/wp\/v2\/comments?post=84069"}],"version-history":[{"count":1,"href":"https:\/\/elterritorialweb.com.ar\/web\/wp-json\/wp\/v2\/posts\/84069\/revisions"}],"predecessor-version":[{"id":84071,"href":"https:\/\/elterritorialweb.com.ar\/web\/wp-json\/wp\/v2\/posts\/84069\/revisions\/84071"}],"wp:featuredmedia":[{"embeddable":true,"href":"https:\/\/elterritorialweb.com.ar\/web\/wp-json\/wp\/v2\/media\/84070"}],"wp:attachment":[{"href":"https:\/\/elterritorialweb.com.ar\/web\/wp-json\/wp\/v2\/media?parent=84069"}],"wp:term":[{"taxonomy":"category","embeddable":true,"href":"https:\/\/elterritorialweb.com.ar\/web\/wp-json\/wp\/v2\/categories?post=84069"},{"taxonomy":"post_tag","embeddable":true,"href":"https:\/\/elterritorialweb.com.ar\/web\/wp-json\/wp\/v2\/tags?post=84069"}],"curies":[{"name":"wp","href":"https:\/\/api.w.org\/{rel}","templated":true}]}}