{"id":84073,"date":"2026-04-29T14:01:24","date_gmt":"2026-04-29T14:01:24","guid":{"rendered":"https:\/\/elterritorialweb.com.ar\/web\/?p=84073"},"modified":"2026-04-29T14:14:03","modified_gmt":"2026-04-29T14:14:03","slug":"natalie-perez-abre-las-puertas-de-casa-un-viaje-intimo-hacia-la-madurez-artistica","status":"publish","type":"post","link":"https:\/\/elterritorialweb.com.ar\/web\/natalie-perez-abre-las-puertas-de-casa-un-viaje-intimo-hacia-la-madurez-artistica\/","title":{"rendered":"NATALIE P\u00c9REZ ABRE LAS PUERTAS DE \u201cCASA\u201d: UN VIAJE \u00cdNTIMO HACIA LA MADUREZ ART\u00cdSTICA"},"content":{"rendered":"\n<p>\u200b\u200bNatalie P\u00e9rez atraviesa un presente de plenitud y lo confirma con el lanzamiento de <strong>\u00abCasa\u00bb<\/strong>, su quinta producci\u00f3n discogr\u00e1fica. En una noche cargada de calidez en <strong>Casa Spotify<\/strong>, la cantante y actriz comparti\u00f3 ante amigos, familiares y figuras de la industria un material que define como su espacio m\u00e1s genuino y personal hasta la fecha.<\/p>\n\n\n\n<h3 class=\"wp-block-heading\">\u200bLa puerta de entrada: \u00abLa mitad de mi vida\u00bb<\/h3>\n\n\n\n<p>\u200bEl \u00e1lbum abre con <strong>\u201cLa Mitad de Mi Vida\u201d<\/strong>, una pieza que funciona como manifiesto de este nuevo camino. Con un sonido pop, bailable y luminoso, la canci\u00f3n aborda el paso del tiempo desde una \u00f3ptica optimista. En ella, Natalie se posiciona frente al espejo de su propia trayectoria con la decisi\u00f3n firme de mirar hacia adelante, transformando la experiencia en una actitud vitalista y honesta frente al futuro.<\/p>\n\n\n\n<h3 class=\"wp-block-heading\">\u200bUn proceso org\u00e1nico y sin artificios<\/h3>\n\n\n\n<p>\u200bA diferencia de producciones anteriores, <strong>\u00abCasa\u00bb<\/strong> apuesta por la frescura de lo espont\u00e1neo. El disco cuenta con las siguientes caracter\u00edsticas destacadas:<\/p>\n\n\n\n<ul class=\"wp-block-list\">\n<li>\u200b<strong>Grabaci\u00f3n:<\/strong> Realizada \u00edntegramente en vivo con banda completa en los estudios <strong>Elefante Blanco<\/strong> (Montevideo).<\/li>\n\n\n\n<li>\u200b<strong>Producci\u00f3n:<\/strong> A cargo de <strong>Diego Matturro<\/strong>, quien logr\u00f3 capturar la esencia org\u00e1nica de la artista.<\/li>\n\n\n\n<li>\u200b<strong>Contenido:<\/strong> El proyecto se compone de <strong>12 canciones<\/strong>, cada una acompa\u00f1ada por una pieza audiovisual que conforma una pel\u00edcula integral del \u00e1lbum.<\/li>\n<\/ul>\n\n\n\n<h3 class=\"wp-block-heading\">\u200bLa identidad como refugio<\/h3>\n\n\n\n<p>\u200bA trav\u00e9s de sus nuevos temas, la artista recorre diversos g\u00e9neros musicales con una naturalidad asombrosa, manteniendo siempre una impronta propia. Para Natalie, este disco no busca encajar en moldes preestablecidos, sino funcionar como una fotograf\u00eda de su presente: un lugar donde conviven la dulzura y la seguridad de quien ha encontrado su verdadera voz.<\/p>\n\n\n\n<p>\u200b<strong>\u00abCasa\u00bb<\/strong> ya se encuentra disponible en todas las plataformas digitales, invitando al oyente a sumergirse en un universo donde lo importante es, simplemente, ser.<\/p>\n\n\n\n<p><em><strong>Fuente: <a href=\"https:\/\/www.instagram.com\/alquimiacomunicacion.ar?igsh=MW9yNHBzM3p5bHAwZA==\" title=\"Alquimia Comunicaci\u00f3n \">Alquimia Comunicaci\u00f3n <\/a>(Lic Sandro Mansilla)<\/strong><\/em><\/p>\n\n\n\n<p><\/p>\n","protected":false},"excerpt":{"rendered":"<p>Con un evento exclusivo en Casa Spotify, la artista present\u00f3 su quinto \u00e1lbum de estudio. Un trabajo grabado en vivo que celebra el crecimiento personal y la libertad creativa.<\/p>\n","protected":false},"author":2,"featured_media":84074,"comment_status":"open","ping_status":"open","sticky":false,"template":"","format":"standard","meta":{"om_disable_all_campaigns":false,"_monsterinsights_skip_tracking":false,"_monsterinsights_sitenote_active":false,"_monsterinsights_sitenote_note":"","_monsterinsights_sitenote_category":0,"_uf_show_specific_survey":0,"_uf_disable_surveys":false,"jetpack_post_was_ever_published":false,"_jetpack_newsletter_access":"","_jetpack_dont_email_post_to_subs":false,"_jetpack_newsletter_tier_id":0,"_jetpack_memberships_contains_paywalled_content":false,"_jetpack_memberships_contains_paid_content":false,"footnotes":"","jetpack_publicize_message":"","jetpack_publicize_feature_enabled":true,"jetpack_social_post_already_shared":true,"jetpack_social_options":{"image_generator_settings":{"template":"highway","default_image_id":0,"font":"","enabled":false},"version":2}},"categories":[4,20],"tags":[1721],"class_list":["post-84073","post","type-post","status-publish","format-standard","has-post-thumbnail","hentry","category-destacadas","category-especysociales","tag-natalie-perez"],"aioseo_notices":[],"views":21,"jetpack_publicize_connections":[],"jetpack_featured_media_url":"https:\/\/i0.wp.com\/elterritorialweb.com.ar\/web\/wp-content\/uploads\/2026\/04\/Screenshot_20260429_105108_Word.jpg?fit=786%2C532&ssl=1","jetpack_sharing_enabled":true,"_links":{"self":[{"href":"https:\/\/elterritorialweb.com.ar\/web\/wp-json\/wp\/v2\/posts\/84073","targetHints":{"allow":["GET"]}}],"collection":[{"href":"https:\/\/elterritorialweb.com.ar\/web\/wp-json\/wp\/v2\/posts"}],"about":[{"href":"https:\/\/elterritorialweb.com.ar\/web\/wp-json\/wp\/v2\/types\/post"}],"author":[{"embeddable":true,"href":"https:\/\/elterritorialweb.com.ar\/web\/wp-json\/wp\/v2\/users\/2"}],"replies":[{"embeddable":true,"href":"https:\/\/elterritorialweb.com.ar\/web\/wp-json\/wp\/v2\/comments?post=84073"}],"version-history":[{"count":4,"href":"https:\/\/elterritorialweb.com.ar\/web\/wp-json\/wp\/v2\/posts\/84073\/revisions"}],"predecessor-version":[{"id":84078,"href":"https:\/\/elterritorialweb.com.ar\/web\/wp-json\/wp\/v2\/posts\/84073\/revisions\/84078"}],"wp:featuredmedia":[{"embeddable":true,"href":"https:\/\/elterritorialweb.com.ar\/web\/wp-json\/wp\/v2\/media\/84074"}],"wp:attachment":[{"href":"https:\/\/elterritorialweb.com.ar\/web\/wp-json\/wp\/v2\/media?parent=84073"}],"wp:term":[{"taxonomy":"category","embeddable":true,"href":"https:\/\/elterritorialweb.com.ar\/web\/wp-json\/wp\/v2\/categories?post=84073"},{"taxonomy":"post_tag","embeddable":true,"href":"https:\/\/elterritorialweb.com.ar\/web\/wp-json\/wp\/v2\/tags?post=84073"}],"curies":[{"name":"wp","href":"https:\/\/api.w.org\/{rel}","templated":true}]}}