{"id":84081,"date":"2026-04-29T23:12:28","date_gmt":"2026-04-29T23:12:28","guid":{"rendered":"https:\/\/elterritorialweb.com.ar\/web\/?p=84081"},"modified":"2026-04-29T23:21:39","modified_gmt":"2026-04-29T23:21:39","slug":"el-jefe-de-gabinete-de-ministros-participo-de-los-actos-por-los-133-anos-de-clodomira","status":"publish","type":"post","link":"https:\/\/elterritorialweb.com.ar\/web\/el-jefe-de-gabinete-de-ministros-participo-de-los-actos-por-los-133-anos-de-clodomira\/","title":{"rendered":"EL JEFE DE GABINETE DE MINISTROS PARTICIP\u00d3 DE LOS ACTOS POR LOS 133 A\u00d1OS DE CLODOMIRA"},"content":{"rendered":"\n<p>\u200bEn una jornada marcada por la emoci\u00f3n y el compromiso con el desarrollo local, el jefe de Gabinete de Ministros, <strong>V\u00edctor Araujo<\/strong>, encabez\u00f3 este mi\u00e9rcoles los actos centrales por el <strong>133\u00b0 aniversario de la ciudad de Clodomira<\/strong>, en el departamento Banda.<\/p>\n\n\n\n<p>\u200bDurante la ceremonia, Araujo transmiti\u00f3 el saludo del gobernador <strong>El\u00edas Su\u00e1rez<\/strong> y acompa\u00f1\u00f3 al intendente local, <strong>Daniel Ruiz<\/strong>, en una nutrida agenda que incluy\u00f3 la inauguraci\u00f3n de infraestructura clave para el bienestar de los vecinos.<\/p>\n\n\n\n<figure class=\"wp-block-image size-large\"><a href=\"https:\/\/i0.wp.com\/elterritorialweb.com.ar\/web\/wp-content\/uploads\/2026\/04\/1000413793-scaled.jpg?ssl=1\"><img data-recalc-dims=\"1\" decoding=\"async\" width=\"640\" height=\"427\" data-src=\"https:\/\/i0.wp.com\/elterritorialweb.com.ar\/web\/wp-content\/uploads\/2026\/04\/1000413793-1024x683.jpg?resize=640%2C427&#038;ssl=1\" alt=\"\" class=\"wp-image-84083 lazyload\" data-srcset=\"https:\/\/i0.wp.com\/elterritorialweb.com.ar\/web\/wp-content\/uploads\/2026\/04\/1000413793-scaled.jpg?resize=1024%2C683&amp;ssl=1 1024w, https:\/\/i0.wp.com\/elterritorialweb.com.ar\/web\/wp-content\/uploads\/2026\/04\/1000413793-scaled.jpg?resize=300%2C200&amp;ssl=1 300w, https:\/\/i0.wp.com\/elterritorialweb.com.ar\/web\/wp-content\/uploads\/2026\/04\/1000413793-scaled.jpg?resize=768%2C512&amp;ssl=1 768w, https:\/\/i0.wp.com\/elterritorialweb.com.ar\/web\/wp-content\/uploads\/2026\/04\/1000413793-scaled.jpg?resize=1536%2C1024&amp;ssl=1 1536w, https:\/\/i0.wp.com\/elterritorialweb.com.ar\/web\/wp-content\/uploads\/2026\/04\/1000413793-scaled.jpg?resize=2048%2C1365&amp;ssl=1 2048w, https:\/\/i0.wp.com\/elterritorialweb.com.ar\/web\/wp-content\/uploads\/2026\/04\/1000413793-scaled.jpg?w=1280 1280w, https:\/\/i0.wp.com\/elterritorialweb.com.ar\/web\/wp-content\/uploads\/2026\/04\/1000413793-scaled.jpg?w=1920 1920w\" data-sizes=\"(max-width: 640px) 100vw, 640px\" src=\"data:image\/svg+xml;base64,PHN2ZyB3aWR0aD0iMSIgaGVpZ2h0PSIxIiB4bWxucz0iaHR0cDovL3d3dy53My5vcmcvMjAwMC9zdmciPjwvc3ZnPg==\" style=\"--smush-placeholder-width: 640px; --smush-placeholder-aspect-ratio: 640\/427;\" \/><\/a><\/figure>\n\n\n\n<h3 class=\"wp-block-heading\">\u200bViviendas y Deporte: El eje de la jornada<\/h3>\n\n\n\n<p>\u200bLas actividades comenzaron en el barrio Villa Nueva, precisamente en el domicilio de la familia \u00c1vila, donde se realiz\u00f3 la entrega formal de <strong>15 viviendas sociales<\/strong>. Estas unidades fueron ejecutadas mediante un esfuerzo conjunto entre los fondos provinciales, la municipalidad, cooperativas de trabajo como <em>\u00abSuperando L\u00edmites\u00bb<\/em> y diversas asociaciones civiles de la zona.<\/p>\n\n\n\n<p>\u200bPosteriormente, la comitiva oficial dej\u00f3 inaugurado un moderno <strong>complejo polideportivo<\/strong>. Este espacio, dise\u00f1ado para fomentar la vida saludable de los j\u00f3venes, cuenta con instalaciones para la pr\u00e1ctica de:<\/p>\n\n\n\n<ul class=\"wp-block-list\">\n<li>\u200bF\u00fatbol y B\u00e1squet.<\/li>\n\n\n\n<li>\u200bV\u00f3ley, Cesto y Handball.<\/li>\n\n\n\n<li>\u200bTaekwondo, Pat\u00edn art\u00edstico y Gimnasia.<\/li>\n<\/ul>\n\n\n\n<figure class=\"wp-block-image size-large\"><a href=\"https:\/\/i0.wp.com\/elterritorialweb.com.ar\/web\/wp-content\/uploads\/2026\/04\/1000413791-scaled.jpg?ssl=1\"><img data-recalc-dims=\"1\" decoding=\"async\" width=\"640\" height=\"426\" data-src=\"https:\/\/i0.wp.com\/elterritorialweb.com.ar\/web\/wp-content\/uploads\/2026\/04\/1000413791-1024x682.jpg?resize=640%2C426&#038;ssl=1\" alt=\"\" class=\"wp-image-84084 lazyload\" data-srcset=\"https:\/\/i0.wp.com\/elterritorialweb.com.ar\/web\/wp-content\/uploads\/2026\/04\/1000413791-scaled.jpg?resize=1024%2C682&amp;ssl=1 1024w, https:\/\/i0.wp.com\/elterritorialweb.com.ar\/web\/wp-content\/uploads\/2026\/04\/1000413791-scaled.jpg?resize=300%2C200&amp;ssl=1 300w, https:\/\/i0.wp.com\/elterritorialweb.com.ar\/web\/wp-content\/uploads\/2026\/04\/1000413791-scaled.jpg?resize=768%2C512&amp;ssl=1 768w, https:\/\/i0.wp.com\/elterritorialweb.com.ar\/web\/wp-content\/uploads\/2026\/04\/1000413791-scaled.jpg?resize=1536%2C1024&amp;ssl=1 1536w, https:\/\/i0.wp.com\/elterritorialweb.com.ar\/web\/wp-content\/uploads\/2026\/04\/1000413791-scaled.jpg?resize=2048%2C1365&amp;ssl=1 2048w, https:\/\/i0.wp.com\/elterritorialweb.com.ar\/web\/wp-content\/uploads\/2026\/04\/1000413791-scaled.jpg?w=1280 1280w, https:\/\/i0.wp.com\/elterritorialweb.com.ar\/web\/wp-content\/uploads\/2026\/04\/1000413791-scaled.jpg?w=1920 1920w\" data-sizes=\"(max-width: 640px) 100vw, 640px\" src=\"data:image\/svg+xml;base64,PHN2ZyB3aWR0aD0iMSIgaGVpZ2h0PSIxIiB4bWxucz0iaHR0cDovL3d3dy53My5vcmcvMjAwMC9zdmciPjwvc3ZnPg==\" style=\"--smush-placeholder-width: 640px; --smush-placeholder-aspect-ratio: 640\/426;\" \/><\/a><\/figure>\n\n\n\n<h3 class=\"wp-block-heading\">\u200bActo Central y Desfile Civico-Militar<\/h3>\n\n\n\n<p>\u200bEl encuentro principal se desarroll\u00f3 sobre la avenida Mitre. Tras la presentaci\u00f3n de la <strong>Agrupaci\u00f3n 29 de Abril<\/strong> y el saludo oficial a las tropas, se entonaron las estrofas del Himno Nacional Argentino.<\/p>\n\n\n\n<p>\u200bEn su discurso, el intendente Ruiz destac\u00f3 que la gesti\u00f3n prioriza la educaci\u00f3n y el deporte, en total sinton\u00eda con las pol\u00edticas provinciales. Por su parte, el jefe de Gabinete, V\u00edctor Araujo, subray\u00f3 la importancia de concretar estas obras en un contexto nacional complejo:<\/p>\n\n\n\n<blockquote class=\"wp-block-quote is-layout-flow wp-block-quote-is-layout-flow\">\n<p>\u200b\u201cEs enormemente gratificante inaugurar viviendas y un polideportivo con todas las comodidades. Instamos a los vecinos a seguir en este sendero, entendiendo que la prioridad siempre debe ser la gente y el progreso de la ciudad\u201d, afirm\u00f3 Araujo.<\/p>\n<\/blockquote>\n\n\n\n<figure class=\"wp-block-image size-large\"><a href=\"https:\/\/i0.wp.com\/elterritorialweb.com.ar\/web\/wp-content\/uploads\/2026\/04\/1000414142.jpg?ssl=1\"><img data-recalc-dims=\"1\" decoding=\"async\" width=\"640\" height=\"427\" data-src=\"https:\/\/i0.wp.com\/elterritorialweb.com.ar\/web\/wp-content\/uploads\/2026\/04\/1000414142-1024x683.jpg?resize=640%2C427&#038;ssl=1\" alt=\"\" class=\"wp-image-84088 lazyload\" data-srcset=\"https:\/\/i0.wp.com\/elterritorialweb.com.ar\/web\/wp-content\/uploads\/2026\/04\/1000414142.jpg?resize=1024%2C683&amp;ssl=1 1024w, https:\/\/i0.wp.com\/elterritorialweb.com.ar\/web\/wp-content\/uploads\/2026\/04\/1000414142.jpg?resize=300%2C200&amp;ssl=1 300w, https:\/\/i0.wp.com\/elterritorialweb.com.ar\/web\/wp-content\/uploads\/2026\/04\/1000414142.jpg?resize=768%2C512&amp;ssl=1 768w, https:\/\/i0.wp.com\/elterritorialweb.com.ar\/web\/wp-content\/uploads\/2026\/04\/1000414142.jpg?resize=1536%2C1025&amp;ssl=1 1536w, https:\/\/i0.wp.com\/elterritorialweb.com.ar\/web\/wp-content\/uploads\/2026\/04\/1000414142.jpg?w=2048&amp;ssl=1 2048w, https:\/\/i0.wp.com\/elterritorialweb.com.ar\/web\/wp-content\/uploads\/2026\/04\/1000414142.jpg?w=1280 1280w, https:\/\/i0.wp.com\/elterritorialweb.com.ar\/web\/wp-content\/uploads\/2026\/04\/1000414142.jpg?w=1920 1920w\" data-sizes=\"(max-width: 640px) 100vw, 640px\" src=\"data:image\/svg+xml;base64,PHN2ZyB3aWR0aD0iMSIgaGVpZ2h0PSIxIiB4bWxucz0iaHR0cDovL3d3dy53My5vcmcvMjAwMC9zdmciPjwvc3ZnPg==\" style=\"--smush-placeholder-width: 640px; --smush-placeholder-aspect-ratio: 640\/427;\" \/><\/a><\/figure>\n\n\n\n<h3 class=\"wp-block-heading\">\u200bPresencias Oficiales<\/h3>\n\n\n\n<p>\u200bAcompa\u00f1aron el evento los ministros <strong>\u00c1ngel Niccolai<\/strong> (Desarrollo Social) y <strong>Aldo Hid<\/strong> (Obras P\u00fablicas); los secretarios <strong>Jorge Zua\u00edn<\/strong> (Obras P\u00fablicas) y <strong>Carlos Dapello<\/strong> (Deportes); y el subsecretario de Turismo, <strong>Nelson Bravo<\/strong>, junto a otras autoridades provinciales y municipales.<\/p>\n\n\n\n<p>\u200bLa celebraci\u00f3n concluy\u00f3 con el tradicional canto del \u00abFeliz cumplea\u00f1os\u00bb y un desfile que reuni\u00f3 a instituciones educativas, fuerzas de seguridad y vecinos, ratificando el sentido de pertenencia de la comunidad clodomirense.<\/p>\n","protected":false},"excerpt":{"rendered":"<p>V\u00edctor Araujo acompa\u00f1\u00f3 al intendente Daniel Ruiz en los festejos centrales, donde se habilitaron viviendas sociales y un nuevo complejo polideportivo para la comunidad.<\/p>\n","protected":false},"author":2,"featured_media":84086,"comment_status":"open","ping_status":"open","sticky":false,"template":"","format":"standard","meta":{"om_disable_all_campaigns":false,"_monsterinsights_skip_tracking":false,"_monsterinsights_sitenote_active":false,"_monsterinsights_sitenote_note":"","_monsterinsights_sitenote_category":0,"_uf_show_specific_survey":0,"_uf_disable_surveys":false,"jetpack_post_was_ever_published":false,"_jetpack_newsletter_access":"","_jetpack_dont_email_post_to_subs":false,"_jetpack_newsletter_tier_id":0,"_jetpack_memberships_contains_paywalled_content":false,"_jetpack_memberships_contains_paid_content":false,"footnotes":"","jetpack_publicize_message":"","jetpack_publicize_feature_enabled":true,"jetpack_social_post_already_shared":true,"jetpack_social_options":{"image_generator_settings":{"template":"highway","default_image_id":0,"font":"","enabled":false},"version":2}},"categories":[4,35],"tags":[1722],"class_list":["post-84081","post","type-post","status-publish","format-standard","has-post-thumbnail","hentry","category-destacadas","category-interior","tag-aniversario-de-la-ciudad-de-clodomira"],"aioseo_notices":[],"views":6,"jetpack_publicize_connections":[],"jetpack_featured_media_url":"https:\/\/i0.wp.com\/elterritorialweb.com.ar\/web\/wp-content\/uploads\/2026\/04\/FB_IMG_1777504611237.jpg?fit=2048%2C1366&ssl=1","jetpack_sharing_enabled":true,"_links":{"self":[{"href":"https:\/\/elterritorialweb.com.ar\/web\/wp-json\/wp\/v2\/posts\/84081","targetHints":{"allow":["GET"]}}],"collection":[{"href":"https:\/\/elterritorialweb.com.ar\/web\/wp-json\/wp\/v2\/posts"}],"about":[{"href":"https:\/\/elterritorialweb.com.ar\/web\/wp-json\/wp\/v2\/types\/post"}],"author":[{"embeddable":true,"href":"https:\/\/elterritorialweb.com.ar\/web\/wp-json\/wp\/v2\/users\/2"}],"replies":[{"embeddable":true,"href":"https:\/\/elterritorialweb.com.ar\/web\/wp-json\/wp\/v2\/comments?post=84081"}],"version-history":[{"count":2,"href":"https:\/\/elterritorialweb.com.ar\/web\/wp-json\/wp\/v2\/posts\/84081\/revisions"}],"predecessor-version":[{"id":84089,"href":"https:\/\/elterritorialweb.com.ar\/web\/wp-json\/wp\/v2\/posts\/84081\/revisions\/84089"}],"wp:featuredmedia":[{"embeddable":true,"href":"https:\/\/elterritorialweb.com.ar\/web\/wp-json\/wp\/v2\/media\/84086"}],"wp:attachment":[{"href":"https:\/\/elterritorialweb.com.ar\/web\/wp-json\/wp\/v2\/media?parent=84081"}],"wp:term":[{"taxonomy":"category","embeddable":true,"href":"https:\/\/elterritorialweb.com.ar\/web\/wp-json\/wp\/v2\/categories?post=84081"},{"taxonomy":"post_tag","embeddable":true,"href":"https:\/\/elterritorialweb.com.ar\/web\/wp-json\/wp\/v2\/tags?post=84081"}],"curies":[{"name":"wp","href":"https:\/\/api.w.org\/{rel}","templated":true}]}}