{"id":84091,"date":"2026-04-29T23:26:50","date_gmt":"2026-04-29T23:26:50","guid":{"rendered":"https:\/\/elterritorialweb.com.ar\/web\/?p=84091"},"modified":"2026-04-29T23:26:53","modified_gmt":"2026-04-29T23:26:53","slug":"estudiantes-de-loreto-y-anatuya-visitaron-la-casa-de-gobierno-en-el-marco-del-programa-conociendo-mi-provincia","status":"publish","type":"post","link":"https:\/\/elterritorialweb.com.ar\/web\/estudiantes-de-loreto-y-anatuya-visitaron-la-casa-de-gobierno-en-el-marco-del-programa-conociendo-mi-provincia\/","title":{"rendered":"ESTUDIANTES DE LORETO Y A\u00d1ATUYA VISITARON LA CASA DE GOBIERNO EN EL MARCO DEL PROGRAMA \u00abCONOCIENDO MI PROVINCIA\u00bb"},"content":{"rendered":"\n<p>\u200bEn una jornada marcada por el entusiasmo y el aprendizaje c\u00edvico, el jefe de Gabinete de Ministros, <strong>V\u00edctor Araujo<\/strong>, encabez\u00f3 un encuentro en la Casa de Gobierno con alumnos del <strong>Colegio \u201cVirgen de Loreto\u201d<\/strong> (Loreto) y del <strong>Instituto \u201cSan Alfonso de Ligorio\u201d<\/strong> (A\u00f1atuya). La recepci\u00f3n se dio en representaci\u00f3n del gobernador El\u00edas Su\u00e1rez, consolidando un espacio de di\u00e1logo entre el Estado y la juventud estudiantil.<\/p>\n\n\n\n<h3 class=\"wp-block-heading\">\u200bUn recorrido por la identidad santiague\u00f1a<\/h3>\n\n\n\n<p>\u200bLa visita se desarrolla bajo el ala del programa <strong>\u201cConociendo mi provincia\u201d<\/strong>, coordinado por Silvio Villalba. Esta iniciativa permite que estudiantes que cursan el \u00faltimo a\u00f1o del nivel secundario en el interior provincial accedan a un itinerario estrat\u00e9gico que incluye:<\/p>\n\n\n\n<ul class=\"wp-block-list\">\n<li>\u200b<strong>Santiago Capital:<\/strong> Recorrido por instituciones gubernamentales y sitios hist\u00f3ricos.<\/li>\n\n\n\n<li>\u200b<strong>Las Termas de R\u00edo Hondo:<\/strong> Reconocimiento de polos tur\u00edsticos y deportivos.<\/li>\n\n\n\n<li>\u200b<strong>Villa La Punta:<\/strong> Contacto con el patrimonio natural y cultural de la regi\u00f3n.<\/li>\n<\/ul>\n\n\n\n<h3 class=\"wp-block-heading\">\u200bEl valor del aprendizaje en el territorio<\/h3>\n\n\n\n<p>\u200bDurante la reuni\u00f3n en el Sal\u00f3n de Acuerdos, tanto docentes como alumnos coincidieron en que el viaje trasciende lo recreativo. Los educadores se\u00f1alaron que la experiencia favorece la <strong>uni\u00f3n entre distintas comunidades educativas<\/strong> y brinda a los j\u00f3venes una visi\u00f3n de primera mano sobre el funcionamiento de las instituciones p\u00fablicas.<\/p>\n\n\n\n<p>\u200bPor su parte, V\u00edctor Araujo transmiti\u00f3 el saludo afectuoso del gobernador y enfatiz\u00f3 el car\u00e1cter inclusivo de la pol\u00edtica educativa provincial:<\/p>\n\n\n\n<blockquote class=\"wp-block-quote is-layout-flow wp-block-quote-is-layout-flow\">\n<p>\u200b\u201cOjal\u00e1 que hayan disfrutado esta experiencia y que tambi\u00e9n les haya servido para aprender. Este programa est\u00e1 dirigido especialmente a los chicos del interior, sin ning\u00fan tipo de distinci\u00f3n, promoviendo un aprendizaje vivencial que fortalece los lazos sociales\u201d, expres\u00f3 el jefe de Gabinete.<\/p>\n<\/blockquote>\n\n\n\n<p>\u200bAl finalizar el encuentro, las delegaciones continuaron con su agenda de actividades, reafirmando el objetivo del programa de garantizar que cada estudiante santiague\u00f1o, independientemente de su lugar de origen, pueda apropiarse del acervo cultural e institucional de su provincia.<\/p>\n","protected":false},"excerpt":{"rendered":"<p>El jefe de Gabinete, V\u00edctor Araujo, recibi\u00f3 a las delegaciones escolares en el Sal\u00f3n de Acuerdos, destacando la importancia del aprendizaje vivencial y la integraci\u00f3n de los j\u00f3venes del interior santiague\u00f1o.<\/p>\n","protected":false},"author":2,"featured_media":84092,"comment_status":"open","ping_status":"open","sticky":false,"template":"","format":"standard","meta":{"om_disable_all_campaigns":false,"_monsterinsights_skip_tracking":false,"_monsterinsights_sitenote_active":false,"_monsterinsights_sitenote_note":"","_monsterinsights_sitenote_category":0,"_uf_show_specific_survey":0,"_uf_disable_surveys":false,"jetpack_post_was_ever_published":false,"_jetpack_newsletter_access":"","_jetpack_dont_email_post_to_subs":false,"_jetpack_newsletter_tier_id":0,"_jetpack_memberships_contains_paywalled_content":false,"_jetpack_memberships_contains_paid_content":false,"footnotes":"","jetpack_publicize_message":"","jetpack_publicize_feature_enabled":true,"jetpack_social_post_already_shared":true,"jetpack_social_options":{"image_generator_settings":{"template":"highway","default_image_id":0,"font":"","enabled":false},"version":2}},"categories":[4,21],"tags":[202,201,197],"class_list":["post-84091","post","type-post","status-publish","format-standard","has-post-thumbnail","hentry","category-destacadas","category-locales","tag-casa-de-gobierno","tag-programa-conociendo-mi-provincia","tag-victor-araujo"],"aioseo_notices":[],"views":9,"jetpack_publicize_connections":[],"jetpack_featured_media_url":"https:\/\/i0.wp.com\/elterritorialweb.com.ar\/web\/wp-content\/uploads\/2026\/04\/IMG-20260429-WA0046.jpg?fit=1600%2C1064&ssl=1","jetpack_sharing_enabled":true,"_links":{"self":[{"href":"https:\/\/elterritorialweb.com.ar\/web\/wp-json\/wp\/v2\/posts\/84091","targetHints":{"allow":["GET"]}}],"collection":[{"href":"https:\/\/elterritorialweb.com.ar\/web\/wp-json\/wp\/v2\/posts"}],"about":[{"href":"https:\/\/elterritorialweb.com.ar\/web\/wp-json\/wp\/v2\/types\/post"}],"author":[{"embeddable":true,"href":"https:\/\/elterritorialweb.com.ar\/web\/wp-json\/wp\/v2\/users\/2"}],"replies":[{"embeddable":true,"href":"https:\/\/elterritorialweb.com.ar\/web\/wp-json\/wp\/v2\/comments?post=84091"}],"version-history":[{"count":1,"href":"https:\/\/elterritorialweb.com.ar\/web\/wp-json\/wp\/v2\/posts\/84091\/revisions"}],"predecessor-version":[{"id":84093,"href":"https:\/\/elterritorialweb.com.ar\/web\/wp-json\/wp\/v2\/posts\/84091\/revisions\/84093"}],"wp:featuredmedia":[{"embeddable":true,"href":"https:\/\/elterritorialweb.com.ar\/web\/wp-json\/wp\/v2\/media\/84092"}],"wp:attachment":[{"href":"https:\/\/elterritorialweb.com.ar\/web\/wp-json\/wp\/v2\/media?parent=84091"}],"wp:term":[{"taxonomy":"category","embeddable":true,"href":"https:\/\/elterritorialweb.com.ar\/web\/wp-json\/wp\/v2\/categories?post=84091"},{"taxonomy":"post_tag","embeddable":true,"href":"https:\/\/elterritorialweb.com.ar\/web\/wp-json\/wp\/v2\/tags?post=84091"}],"curies":[{"name":"wp","href":"https:\/\/api.w.org\/{rel}","templated":true}]}}