{"id":84094,"date":"2026-04-29T23:31:43","date_gmt":"2026-04-29T23:31:43","guid":{"rendered":"https:\/\/elterritorialweb.com.ar\/web\/?p=84094"},"modified":"2026-04-29T23:31:45","modified_gmt":"2026-04-29T23:31:45","slug":"acuerdo-educativo-tecnicos-en-enfermeria-podran-acceder-a-la-licenciatura-en-la-unse","status":"publish","type":"post","link":"https:\/\/elterritorialweb.com.ar\/web\/acuerdo-educativo-tecnicos-en-enfermeria-podran-acceder-a-la-licenciatura-en-la-unse\/","title":{"rendered":"ACUERDO EDUCATIVO: T\u00c9CNICOS EN ENFERMER\u00cdA PODR\u00c1N ACCEDER A LA LICENCIATURA EN LA UNSE"},"content":{"rendered":"\n<p>\u200bEn un paso significativo para la salud p\u00fablica y el sistema educativo provincial, el <strong>Ministerio de Educaci\u00f3n, Ciencia y Tecnolog\u00eda<\/strong> y la <strong>Universidad Nacional de Santiago del Estero (UNSE)<\/strong> sellaron este mi\u00e9rcoles un Convenio Espec\u00edfico de Colaboraci\u00f3n Acad\u00e9mica. El acuerdo tiene como objetivo central brindar un marco de continuidad pedag\u00f3gica para los egresados de la <strong>Tecnicatura Superior en Enfermer\u00eda<\/strong>.<\/p>\n\n\n\n<p>\u200bLa r\u00fabrica del documento estuvo a cargo de la ministra de Educaci\u00f3n, <strong>Dra. Mariela Nassif<\/strong>, y el rector de la UNSE, <strong>Lic. Marcelino Ledesma<\/strong>. A trav\u00e9s de esta alianza, los t\u00e9cnicos superiores \u2014provenientes tanto de instituciones p\u00fablicas como privadas\u2014 quedar\u00e1n habilitados para cursar el segundo ciclo de la <strong>Licenciatura en Enfermer\u00eda<\/strong> dictada por la universidad local.<\/p>\n\n\n\n<h3 class=\"wp-block-heading\">\u200bFortalecimiento del sistema de salud<\/h3>\n\n\n\n<p>\u200bEsta iniciativa busca no solo ampliar el horizonte laboral de los enfermeros y enfermeras, sino tambi\u00e9n elevar los est\u00e1ndares de calidad en la atenci\u00f3n sanitaria de la provincia. La articulaci\u00f3n acad\u00e9mica permite que quienes ya cuentan con una base t\u00e9cnica puedan alcanzar el grado de licenciados, promoviendo la <strong>profesionalizaci\u00f3n y jerarquizaci\u00f3n<\/strong> del sector.<\/p>\n\n\n\n<blockquote class=\"wp-block-quote is-layout-flow wp-block-quote-is-layout-flow\">\n<p>\u200b\u00bbEsta articulaci\u00f3n reafirma el compromiso de seguir ampliando oportunidades educativas y fortaleciendo la calidad de la formaci\u00f3n profesional en la provincia\u00bb, destacaron las autoridades durante el encuentro.<\/p>\n<\/blockquote>\n\n\n\n<h3 class=\"wp-block-heading\">\u200bPuntos clave del convenio:<\/h3>\n\n\n\n<ul class=\"wp-block-list\">\n<li>\u200b<strong>Destinatarios:<\/strong> Egresados de la Tecnicatura Superior en Enfermer\u00eda (p\u00fablicos y privados).<\/li>\n\n\n\n<li>\u200b<strong>Objetivo:<\/strong> Acceso directo al segundo ciclo de la Licenciatura en Enfermer\u00eda de la UNSE.<\/li>\n\n\n\n<li>\u200b<strong>Impacto:<\/strong> Jerarquizaci\u00f3n del recurso humano en el \u00e1rea de salud y mayor competitividad profesional.<\/li>\n<\/ul>\n\n\n\n<p>\u200bCon esta medida, la provincia consolida un puente estrat\u00e9gico entre la educaci\u00f3n superior t\u00e9cnica y el \u00e1mbito universitario, respondiendo a una demanda hist\u00f3rica del personal de enfermer\u00eda santiague\u00f1o.<\/p>\n","protected":false},"excerpt":{"rendered":"<p>El Ministerio de Educaci\u00f3n y la Universidad Nacional de Santiago del Estero formalizaron un convenio de articulaci\u00f3n acad\u00e9mica que permitir\u00e1 a los egresados de tecnicaturas superiores jerarquizar su formaci\u00f3n profesional.<\/p>\n","protected":false},"author":2,"featured_media":84095,"comment_status":"open","ping_status":"open","sticky":false,"template":"","format":"standard","meta":{"om_disable_all_campaigns":false,"_monsterinsights_skip_tracking":false,"_monsterinsights_sitenote_active":false,"_monsterinsights_sitenote_note":"","_monsterinsights_sitenote_category":0,"_uf_show_specific_survey":0,"_uf_disable_surveys":false,"jetpack_post_was_ever_published":false,"_jetpack_newsletter_access":"","_jetpack_dont_email_post_to_subs":false,"_jetpack_newsletter_tier_id":0,"_jetpack_memberships_contains_paywalled_content":false,"_jetpack_memberships_contains_paid_content":false,"footnotes":"","jetpack_publicize_message":"","jetpack_publicize_feature_enabled":true,"jetpack_social_post_already_shared":true,"jetpack_social_options":{"image_generator_settings":{"template":"highway","default_image_id":0,"font":"","enabled":false},"version":2}},"categories":[4,19],"tags":[353,1167,74],"class_list":["post-84094","post","type-post","status-publish","format-standard","has-post-thumbnail","hentry","category-destacadas","category-educacion","tag-firma-de-convenio","tag-ministerio-de-educacion-ciencia-y-tecnologia","tag-unse"],"aioseo_notices":[],"views":7,"jetpack_publicize_connections":[],"jetpack_featured_media_url":"https:\/\/i0.wp.com\/elterritorialweb.com.ar\/web\/wp-content\/uploads\/2026\/04\/IMG-20260429-WA0057.jpg?fit=1599%2C1066&ssl=1","jetpack_sharing_enabled":true,"_links":{"self":[{"href":"https:\/\/elterritorialweb.com.ar\/web\/wp-json\/wp\/v2\/posts\/84094","targetHints":{"allow":["GET"]}}],"collection":[{"href":"https:\/\/elterritorialweb.com.ar\/web\/wp-json\/wp\/v2\/posts"}],"about":[{"href":"https:\/\/elterritorialweb.com.ar\/web\/wp-json\/wp\/v2\/types\/post"}],"author":[{"embeddable":true,"href":"https:\/\/elterritorialweb.com.ar\/web\/wp-json\/wp\/v2\/users\/2"}],"replies":[{"embeddable":true,"href":"https:\/\/elterritorialweb.com.ar\/web\/wp-json\/wp\/v2\/comments?post=84094"}],"version-history":[{"count":1,"href":"https:\/\/elterritorialweb.com.ar\/web\/wp-json\/wp\/v2\/posts\/84094\/revisions"}],"predecessor-version":[{"id":84096,"href":"https:\/\/elterritorialweb.com.ar\/web\/wp-json\/wp\/v2\/posts\/84094\/revisions\/84096"}],"wp:featuredmedia":[{"embeddable":true,"href":"https:\/\/elterritorialweb.com.ar\/web\/wp-json\/wp\/v2\/media\/84095"}],"wp:attachment":[{"href":"https:\/\/elterritorialweb.com.ar\/web\/wp-json\/wp\/v2\/media?parent=84094"}],"wp:term":[{"taxonomy":"category","embeddable":true,"href":"https:\/\/elterritorialweb.com.ar\/web\/wp-json\/wp\/v2\/categories?post=84094"},{"taxonomy":"post_tag","embeddable":true,"href":"https:\/\/elterritorialweb.com.ar\/web\/wp-json\/wp\/v2\/tags?post=84094"}],"curies":[{"name":"wp","href":"https:\/\/api.w.org\/{rel}","templated":true}]}}