{"id":84100,"date":"2026-04-30T11:33:08","date_gmt":"2026-04-30T11:33:08","guid":{"rendered":"https:\/\/elterritorialweb.com.ar\/web\/?p=84100"},"modified":"2026-04-30T11:33:11","modified_gmt":"2026-04-30T11:33:11","slug":"santiago-del-estero-presento-su-dia-en-la-50-feria-internacional-del-libro-y-anuncio-la-feria-provincial","status":"publish","type":"post","link":"https:\/\/elterritorialweb.com.ar\/web\/santiago-del-estero-presento-su-dia-en-la-50-feria-internacional-del-libro-y-anuncio-la-feria-provincial\/","title":{"rendered":"SANTIAGO DEL ESTERO PRESENT\u00d3 SU D\u00cdA EN LA 50\u00b0 FERIA INTERNACIONAL DEL LIBRO Y ANUNCI\u00d3 LA FERIA PROVINCIAL"},"content":{"rendered":"\n<p>\u200bEn el marco de la emblem\u00e1tica 50\u00b0 edici\u00f3n de la <strong>Feria Internacional del Libro de Buenos Aires 2026<\/strong>, la provincia de Santiago del Estero celebr\u00f3 su acto oficial en la Sala Jos\u00e9 Hern\u00e1ndez del predio de Palermo. El evento no solo sirvi\u00f3 para exhibir la riqueza identitaria del territorio, sino tambi\u00e9n para sentar las bases de lo que ser\u00e1 el evento cultural m\u00e1s importante del norte argentino en la segunda mitad del a\u00f1o.<\/p>\n\n\n\n<h3 class=\"wp-block-heading\">\u200bUn puente hacia la Feria Provincial<\/h3>\n\n\n\n<p>\u200bUno de los hitos de la jornada fue la firma de una carta de intenci\u00f3n entre el Gobierno de la Provincia y la <strong>Fundaci\u00f3n El Libro<\/strong>. El acuerdo, rubricado por el gobernador <strong>El\u00edas Su\u00e1rez<\/strong> y el presidente de la fundaci\u00f3n, <strong>Christian Rainone<\/strong>, garantiza la colaboraci\u00f3n t\u00e9cnica y organizativa para la pr\u00f3xima <strong>Feria del Libro en Santiago del Estero<\/strong>, la cual se desarrollar\u00e1 del <strong>29 de septiembre al 4 de octubre<\/strong>.<\/p>\n\n\n\n<figure class=\"wp-block-image size-large\"><a href=\"https:\/\/i0.wp.com\/elterritorialweb.com.ar\/web\/wp-content\/uploads\/2026\/04\/1000414310.jpg?ssl=1\"><img data-recalc-dims=\"1\" decoding=\"async\" width=\"640\" height=\"427\" data-src=\"https:\/\/i0.wp.com\/elterritorialweb.com.ar\/web\/wp-content\/uploads\/2026\/04\/1000414310-1024x683.jpg?resize=640%2C427&#038;ssl=1\" alt=\"\" class=\"wp-image-84104 lazyload\" data-srcset=\"https:\/\/i0.wp.com\/elterritorialweb.com.ar\/web\/wp-content\/uploads\/2026\/04\/1000414310.jpg?resize=1024%2C683&amp;ssl=1 1024w, https:\/\/i0.wp.com\/elterritorialweb.com.ar\/web\/wp-content\/uploads\/2026\/04\/1000414310.jpg?resize=300%2C200&amp;ssl=1 300w, https:\/\/i0.wp.com\/elterritorialweb.com.ar\/web\/wp-content\/uploads\/2026\/04\/1000414310.jpg?resize=768%2C512&amp;ssl=1 768w, https:\/\/i0.wp.com\/elterritorialweb.com.ar\/web\/wp-content\/uploads\/2026\/04\/1000414310.jpg?resize=1536%2C1024&amp;ssl=1 1536w, https:\/\/i0.wp.com\/elterritorialweb.com.ar\/web\/wp-content\/uploads\/2026\/04\/1000414310.jpg?w=1600&amp;ssl=1 1600w, https:\/\/i0.wp.com\/elterritorialweb.com.ar\/web\/wp-content\/uploads\/2026\/04\/1000414310.jpg?w=1280 1280w\" data-sizes=\"(max-width: 640px) 100vw, 640px\" src=\"data:image\/svg+xml;base64,PHN2ZyB3aWR0aD0iMSIgaGVpZ2h0PSIxIiB4bWxucz0iaHR0cDovL3d3dy53My5vcmcvMjAwMC9zdmciPjwvc3ZnPg==\" style=\"--smush-placeholder-width: 640px; --smush-placeholder-aspect-ratio: 640\/427;\" \/><\/a><\/figure>\n\n\n\n<p>\u200bEl gobernador destac\u00f3 que este esfuerzo colectivo representa \u00abel trabajo de nuestra cultura y el esfuerzo de toda la provincia\u00bb, invitando a la comunidad a participar de este espacio de encuentro que ya es un cl\u00e1sico del calendario regional.<\/p>\n\n\n\n<h3 class=\"wp-block-heading\">\u200bReivindicaci\u00f3n de la identidad: \u00abLa Brasa\u00bb<\/h3>\n\n\n\n<p>\u200bEl eje literario de la presentaci\u00f3n estuvo marcado por la reedici\u00f3n de <em>La Brasa, una expresi\u00f3n generacional santiague\u00f1a<\/em>, de la autora <strong>Marta Cartier de Hamann<\/strong>. La obra, considerada una pieza clave para entender la idiosincrasia local, fue presentada con la participaci\u00f3n de la investigadora del CONICET, <strong>Ana Teresa Mart\u00ednez<\/strong>, y <strong>Marta Hamann<\/strong>, hija de la escritora.<\/p>\n\n\n\n<blockquote class=\"wp-block-quote is-layout-flow wp-block-quote-is-layout-flow\">\n<p>\u200b\u201cEsta reedici\u00f3n marca una vanguardia vinculada a la identidad de Santiago y del Norte argentino, y pone de manifiesto c\u00f3mo valorizar nuestra cultura\u201d, subray\u00f3 el gobernador Su\u00e1rez durante su discurso.<\/p>\n<\/blockquote>\n\n\n\n<figure class=\"wp-block-image size-large\"><a href=\"https:\/\/i0.wp.com\/elterritorialweb.com.ar\/web\/wp-content\/uploads\/2026\/04\/1000414307.jpg?ssl=1\"><img data-recalc-dims=\"1\" decoding=\"async\" width=\"640\" height=\"426\" data-src=\"https:\/\/i0.wp.com\/elterritorialweb.com.ar\/web\/wp-content\/uploads\/2026\/04\/1000414307-1024x682.jpg?resize=640%2C426&#038;ssl=1\" alt=\"\" class=\"wp-image-84102 lazyload\" data-srcset=\"https:\/\/i0.wp.com\/elterritorialweb.com.ar\/web\/wp-content\/uploads\/2026\/04\/1000414307.jpg?resize=1024%2C682&amp;ssl=1 1024w, https:\/\/i0.wp.com\/elterritorialweb.com.ar\/web\/wp-content\/uploads\/2026\/04\/1000414307.jpg?resize=300%2C200&amp;ssl=1 300w, https:\/\/i0.wp.com\/elterritorialweb.com.ar\/web\/wp-content\/uploads\/2026\/04\/1000414307.jpg?resize=768%2C512&amp;ssl=1 768w, https:\/\/i0.wp.com\/elterritorialweb.com.ar\/web\/wp-content\/uploads\/2026\/04\/1000414307.jpg?resize=1536%2C1023&amp;ssl=1 1536w, https:\/\/i0.wp.com\/elterritorialweb.com.ar\/web\/wp-content\/uploads\/2026\/04\/1000414307.jpg?w=1600&amp;ssl=1 1600w, https:\/\/i0.wp.com\/elterritorialweb.com.ar\/web\/wp-content\/uploads\/2026\/04\/1000414307.jpg?w=1280 1280w\" data-sizes=\"(max-width: 640px) 100vw, 640px\" src=\"data:image\/svg+xml;base64,PHN2ZyB3aWR0aD0iMSIgaGVpZ2h0PSIxIiB4bWxucz0iaHR0cDovL3d3dy53My5vcmcvMjAwMC9zdmciPjwvc3ZnPg==\" style=\"--smush-placeholder-width: 640px; --smush-placeholder-aspect-ratio: 640\/426;\" \/><\/a><\/figure>\n\n\n\n<h3 class=\"wp-block-heading\">\u200bPresencia institucional y diplom\u00e1tica<\/h3>\n\n\n\n<p>\u200bEl acto cont\u00f3 con un fuerte respaldo pol\u00edtico y diplom\u00e1tico. Acompa\u00f1aron al mandatario provincial el jefe de Gabinete, <strong>V\u00edctor Araujo<\/strong>; el secretario de Relaciones Internacionales, <strong>Bernardo Abruzzese<\/strong>; y el subsecretario de Cultura, <strong>Juan Leguizam\u00f3n<\/strong>.<\/p>\n\n\n\n<p>\u200bLa relevancia del evento trascendi\u00f3 las fronteras nacionales con la presencia de embajadores de pa\u00edses como <strong>Colombia y Congo<\/strong>, adem\u00e1s de representantes de la embajada de <strong>Hait\u00ed<\/strong>, quienes otorgaron un marco de prestigio internacional a la presentaci\u00f3n.<\/p>\n\n\n\n<h3 class=\"wp-block-heading\">\u200bReconocimientos y cierre musical<\/h3>\n\n\n\n<p>\u200bLa ceremonia incluy\u00f3 momentos de profunda emotividad, como la entrega de una distinci\u00f3n a Marta Hamann por el legado de su madre, y un reconocimiento a la trayectoria acad\u00e9mica de Ana Teresa Mart\u00ednez.<\/p>\n\n\n\n<figure class=\"wp-block-image size-large\"><a href=\"https:\/\/i0.wp.com\/elterritorialweb.com.ar\/web\/wp-content\/uploads\/2026\/04\/1000414286.jpg?ssl=1\"><img data-recalc-dims=\"1\" decoding=\"async\" width=\"640\" height=\"426\" data-src=\"https:\/\/i0.wp.com\/elterritorialweb.com.ar\/web\/wp-content\/uploads\/2026\/04\/1000414286-1024x682.jpg?resize=640%2C426&#038;ssl=1\" alt=\"\" class=\"wp-image-84103 lazyload\" data-srcset=\"https:\/\/i0.wp.com\/elterritorialweb.com.ar\/web\/wp-content\/uploads\/2026\/04\/1000414286.jpg?resize=1024%2C682&amp;ssl=1 1024w, https:\/\/i0.wp.com\/elterritorialweb.com.ar\/web\/wp-content\/uploads\/2026\/04\/1000414286.jpg?resize=300%2C200&amp;ssl=1 300w, https:\/\/i0.wp.com\/elterritorialweb.com.ar\/web\/wp-content\/uploads\/2026\/04\/1000414286.jpg?resize=768%2C512&amp;ssl=1 768w, https:\/\/i0.wp.com\/elterritorialweb.com.ar\/web\/wp-content\/uploads\/2026\/04\/1000414286.jpg?resize=1536%2C1023&amp;ssl=1 1536w, https:\/\/i0.wp.com\/elterritorialweb.com.ar\/web\/wp-content\/uploads\/2026\/04\/1000414286.jpg?w=1600&amp;ssl=1 1600w, https:\/\/i0.wp.com\/elterritorialweb.com.ar\/web\/wp-content\/uploads\/2026\/04\/1000414286.jpg?w=1280 1280w\" data-sizes=\"(max-width: 640px) 100vw, 640px\" src=\"data:image\/svg+xml;base64,PHN2ZyB3aWR0aD0iMSIgaGVpZ2h0PSIxIiB4bWxucz0iaHR0cDovL3d3dy53My5vcmcvMjAwMC9zdmciPjwvc3ZnPg==\" style=\"--smush-placeholder-width: 640px; --smush-placeholder-aspect-ratio: 640\/426;\" \/><\/a><\/figure>\n\n\n\n<p>\u200bPara cerrar la velada con el sello distintivo de la provincia, el reconocido violinista y cantautor <strong>N\u00e9stor Garnica<\/strong> brind\u00f3 un concierto que hizo vibrar a un auditorio colmado de residentes santiague\u00f1os y visitantes. Entre acordes de folclore y danzas t\u00edpicas, Santiago del Estero dej\u00f3 inaugurado su camino hacia su propia gran feria en el mes de septiembre.<\/p>\n","protected":false},"excerpt":{"rendered":"<p>En una jornada que combin\u00f3 tradici\u00f3n e institucionalidad en La Rural, el gobierno santiague\u00f1o reafirm\u00f3 su compromiso con la cultura y confirm\u00f3 la fecha de su propia muestra literaria para septiembre.<\/p>\n","protected":false},"author":2,"featured_media":84101,"comment_status":"open","ping_status":"open","sticky":false,"template":"","format":"standard","meta":{"om_disable_all_campaigns":false,"_monsterinsights_skip_tracking":false,"_monsterinsights_sitenote_active":false,"_monsterinsights_sitenote_note":"","_monsterinsights_sitenote_category":0,"_uf_show_specific_survey":0,"_uf_disable_surveys":false,"jetpack_post_was_ever_published":false,"_jetpack_newsletter_access":"","_jetpack_dont_email_post_to_subs":false,"_jetpack_newsletter_tier_id":0,"_jetpack_memberships_contains_paywalled_content":false,"_jetpack_memberships_contains_paid_content":false,"footnotes":"","jetpack_publicize_message":"","jetpack_publicize_feature_enabled":true,"jetpack_social_post_already_shared":true,"jetpack_social_options":{"image_generator_settings":{"template":"highway","default_image_id":0,"font":"","enabled":false},"version":2}},"categories":[4,21],"tags":[1311],"class_list":["post-84100","post","type-post","status-publish","format-standard","has-post-thumbnail","hentry","category-destacadas","category-locales","tag-feria-internacional-del-libro"],"aioseo_notices":[],"views":4,"jetpack_publicize_connections":[],"jetpack_featured_media_url":"https:\/\/i0.wp.com\/elterritorialweb.com.ar\/web\/wp-content\/uploads\/2026\/04\/IMG-20260429-WA0075.jpg?fit=1600%2C1067&ssl=1","jetpack_sharing_enabled":true,"_links":{"self":[{"href":"https:\/\/elterritorialweb.com.ar\/web\/wp-json\/wp\/v2\/posts\/84100","targetHints":{"allow":["GET"]}}],"collection":[{"href":"https:\/\/elterritorialweb.com.ar\/web\/wp-json\/wp\/v2\/posts"}],"about":[{"href":"https:\/\/elterritorialweb.com.ar\/web\/wp-json\/wp\/v2\/types\/post"}],"author":[{"embeddable":true,"href":"https:\/\/elterritorialweb.com.ar\/web\/wp-json\/wp\/v2\/users\/2"}],"replies":[{"embeddable":true,"href":"https:\/\/elterritorialweb.com.ar\/web\/wp-json\/wp\/v2\/comments?post=84100"}],"version-history":[{"count":1,"href":"https:\/\/elterritorialweb.com.ar\/web\/wp-json\/wp\/v2\/posts\/84100\/revisions"}],"predecessor-version":[{"id":84105,"href":"https:\/\/elterritorialweb.com.ar\/web\/wp-json\/wp\/v2\/posts\/84100\/revisions\/84105"}],"wp:featuredmedia":[{"embeddable":true,"href":"https:\/\/elterritorialweb.com.ar\/web\/wp-json\/wp\/v2\/media\/84101"}],"wp:attachment":[{"href":"https:\/\/elterritorialweb.com.ar\/web\/wp-json\/wp\/v2\/media?parent=84100"}],"wp:term":[{"taxonomy":"category","embeddable":true,"href":"https:\/\/elterritorialweb.com.ar\/web\/wp-json\/wp\/v2\/categories?post=84100"},{"taxonomy":"post_tag","embeddable":true,"href":"https:\/\/elterritorialweb.com.ar\/web\/wp-json\/wp\/v2\/tags?post=84100"}],"curies":[{"name":"wp","href":"https:\/\/api.w.org\/{rel}","templated":true}]}}