{"id":84113,"date":"2026-04-30T23:29:56","date_gmt":"2026-04-30T23:29:56","guid":{"rendered":"https:\/\/elterritorialweb.com.ar\/web\/?p=84113"},"modified":"2026-04-30T23:29:58","modified_gmt":"2026-04-30T23:29:58","slug":"el-rock-rutero-de-burro-de-arranque-desembarca-en-santiago-del-estero","status":"publish","type":"post","link":"https:\/\/elterritorialweb.com.ar\/web\/el-rock-rutero-de-burro-de-arranque-desembarca-en-santiago-del-estero\/","title":{"rendered":"EL ROCK RUTERO DE BURRO DE ARRANQUE DESEMBARCA EN SANTIAGO DEL ESTERO"},"content":{"rendered":"\n<p>\u200b\u200bEl rock, en su esencia m\u00e1s pura, siempre ha estado ligado a la libertad del camino. Para <strong>Burro de Arranque<\/strong>, esta premisa no es solo una met\u00e1fora, sino una hoja de ruta que los llev\u00f3 desde sus inicios en <strong>Tucum\u00e1n en 2012<\/strong> hasta su actual residencia en la vibrante <strong>Ciudad de M\u00e9xico<\/strong>. En esta oportunidad, la banda regresa a sus ra\u00edces para reencontrarse con el p\u00fablico del NOA, confirmando una esperada presentaci\u00f3n en <strong>Santiago del Estero<\/strong>.<\/p>\n\n\n\n<figure class=\"wp-block-image size-full\"><a href=\"https:\/\/i0.wp.com\/elterritorialweb.com.ar\/web\/wp-content\/uploads\/2026\/04\/IMG-20260430-WA0026.jpg\"><img data-recalc-dims=\"1\" decoding=\"async\" width=\"640\" height=\"697\" data-src=\"https:\/\/i0.wp.com\/elterritorialweb.com.ar\/web\/wp-content\/uploads\/2026\/04\/IMG-20260430-WA0026.jpg?resize=640%2C697\" alt=\"\" class=\"wp-image-84116 lazyload\" data-srcset=\"https:\/\/i0.wp.com\/elterritorialweb.com.ar\/web\/wp-content\/uploads\/2026\/04\/IMG-20260430-WA0026.jpg?w=853&amp;ssl=1 853w, https:\/\/i0.wp.com\/elterritorialweb.com.ar\/web\/wp-content\/uploads\/2026\/04\/IMG-20260430-WA0026.jpg?resize=275%2C300&amp;ssl=1 275w, https:\/\/i0.wp.com\/elterritorialweb.com.ar\/web\/wp-content\/uploads\/2026\/04\/IMG-20260430-WA0026.jpg?resize=768%2C836&amp;ssl=1 768w\" data-sizes=\"(max-width: 640px) 100vw, 640px\" src=\"data:image\/svg+xml;base64,PHN2ZyB3aWR0aD0iMSIgaGVpZ2h0PSIxIiB4bWxucz0iaHR0cDovL3d3dy53My5vcmcvMjAwMC9zdmciPjwvc3ZnPg==\" style=\"--smush-placeholder-width: 640px; --smush-placeholder-aspect-ratio: 640\/697;\" \/><\/a><\/figure>\n\n\n\n<h3 class=\"wp-block-heading\">\u200bUna Identidad Forjada en el Asfalto<\/h3>\n\n\n\n<p>\u200bCon una est\u00e9tica profundamente vinculada a las motos, los viajes y la camarader\u00eda, Burro de Arranque ha logrado amalgamar el <strong>rock y el blues<\/strong> con un sello distintivo: el \u00abalma rutera\u00bb. Esta identidad se refleja en sus tres materiales de estudio, los cuales han marcado la evoluci\u00f3n del grupo:<\/p>\n\n\n\n<ul class=\"wp-block-list\">\n<li>\u200b<strong>Descontrol Remoto (2016)<\/strong><\/li>\n\n\n\n<li>\u200b<strong>Prende el Fuego (2019)<\/strong><\/li>\n\n\n\n<li>\u200b<strong>Todo Rompen (2022)<\/strong><\/li>\n<\/ul>\n\n\n\n<h3 class=\"wp-block-heading\">\u200bEntre el Norte Argentino y el Coraz\u00f3n de M\u00e9xico<\/h3>\n\n\n\n<p>\u200bLa banda mantiene una din\u00e1mica binacional que nutre su propuesta. En su formaci\u00f3n original, el proyecto cuenta con <strong>Gonzalo Fares<\/strong> (guitarra y voz), <strong>Facundo Castelli<\/strong> (bater\u00eda y coros) y <strong>Gustavo \u201cPipi\u201d P\u00e9rez Rossi<\/strong> (bajo). Por su parte, la alineaci\u00f3n en tierras aztecas se completa con <strong>Pato Pe\u00f1a<\/strong> en bajo y <strong>Jon Am\u00e1bilis<\/strong> en bater\u00eda.<\/p>\n\n\n\n<figure class=\"wp-block-image size-large\"><a href=\"https:\/\/i0.wp.com\/elterritorialweb.com.ar\/web\/wp-content\/uploads\/2026\/04\/1000414739.jpg?ssl=1\"><img data-recalc-dims=\"1\" decoding=\"async\" width=\"640\" height=\"334\" data-src=\"https:\/\/i0.wp.com\/elterritorialweb.com.ar\/web\/wp-content\/uploads\/2026\/04\/1000414739-1024x535.jpg?resize=640%2C334&#038;ssl=1\" alt=\"\" class=\"wp-image-84115 lazyload\" data-srcset=\"https:\/\/i0.wp.com\/elterritorialweb.com.ar\/web\/wp-content\/uploads\/2026\/04\/1000414739.jpg?resize=1024%2C535&amp;ssl=1 1024w, https:\/\/i0.wp.com\/elterritorialweb.com.ar\/web\/wp-content\/uploads\/2026\/04\/1000414739.jpg?resize=300%2C157&amp;ssl=1 300w, https:\/\/i0.wp.com\/elterritorialweb.com.ar\/web\/wp-content\/uploads\/2026\/04\/1000414739.jpg?resize=768%2C401&amp;ssl=1 768w, https:\/\/i0.wp.com\/elterritorialweb.com.ar\/web\/wp-content\/uploads\/2026\/04\/1000414739.jpg?resize=1536%2C803&amp;ssl=1 1536w, https:\/\/i0.wp.com\/elterritorialweb.com.ar\/web\/wp-content\/uploads\/2026\/04\/1000414739.jpg?w=1600&amp;ssl=1 1600w, https:\/\/i0.wp.com\/elterritorialweb.com.ar\/web\/wp-content\/uploads\/2026\/04\/1000414739.jpg?w=1280 1280w\" data-sizes=\"(max-width: 640px) 100vw, 640px\" src=\"data:image\/svg+xml;base64,PHN2ZyB3aWR0aD0iMSIgaGVpZ2h0PSIxIiB4bWxucz0iaHR0cDovL3d3dy53My5vcmcvMjAwMC9zdmciPjwvc3ZnPg==\" style=\"--smush-placeholder-width: 640px; --smush-placeholder-aspect-ratio: 640\/334;\" \/><\/a><\/figure>\n\n\n\n<p>\u200bA lo largo de su trayectoria, el grupo ha compartido escenario con leyendas del g\u00e9nero como <strong>Marky Ramone<\/strong> y <strong>Ratones Paranoicos<\/strong>, adem\u00e1s de ser una presencia recurrente en puntos estrat\u00e9gicos como Buenos Aires, Rosario, C\u00f3rdoba y el emblem\u00e1tico Festival de Rock de Amaicha del Valle.<\/p>\n\n\n\n<blockquote class=\"wp-block-quote is-layout-flow wp-block-quote-is-layout-flow\">\n<p>\u200b\u00bbBurro de Arranque es m\u00e1s que una banda; es una historia de motores encendidos y canciones que nacen entre amigos.\u00bb<\/p>\n<\/blockquote>\n\n\n\n<p>\u200bSu llegada a Santiago del Estero representa no solo un show m\u00e1s, sino la consolidaci\u00f3n de un puente musical que une el Cono Sur con M\u00e9xico, demostrando que, para el rock de calidad, las fronteras son solo una estaci\u00f3n m\u00e1s en el mapa.<\/p>\n\n\n\n<p><\/p>\n","protected":false},"excerpt":{"rendered":"<p>Tras consolidarse en la escena de Ciudad de M\u00e9xico, la banda nacida en Tucum\u00e1n regresa al norte argentino para presentar su potente sonido de blues y carretera.<\/p>\n","protected":false},"author":2,"featured_media":84114,"comment_status":"open","ping_status":"open","sticky":false,"template":"","format":"standard","meta":{"om_disable_all_campaigns":false,"_monsterinsights_skip_tracking":false,"_monsterinsights_sitenote_active":false,"_monsterinsights_sitenote_note":"","_monsterinsights_sitenote_category":0,"_uf_show_specific_survey":0,"_uf_disable_surveys":false,"jetpack_post_was_ever_published":false,"_jetpack_newsletter_access":"","_jetpack_dont_email_post_to_subs":false,"_jetpack_newsletter_tier_id":0,"_jetpack_memberships_contains_paywalled_content":false,"_jetpack_memberships_contains_paid_content":false,"footnotes":"","jetpack_publicize_message":"","jetpack_publicize_feature_enabled":true,"jetpack_social_post_already_shared":true,"jetpack_social_options":{"image_generator_settings":{"template":"highway","default_image_id":0,"font":"","enabled":false},"version":2}},"categories":[4,20],"tags":[],"class_list":["post-84113","post","type-post","status-publish","format-standard","has-post-thumbnail","hentry","category-destacadas","category-especysociales"],"aioseo_notices":[],"views":6,"jetpack_publicize_connections":[],"jetpack_featured_media_url":"https:\/\/i0.wp.com\/elterritorialweb.com.ar\/web\/wp-content\/uploads\/2026\/04\/IMG-20260430-WA0023.jpg?fit=1024%2C683&ssl=1","jetpack_sharing_enabled":true,"_links":{"self":[{"href":"https:\/\/elterritorialweb.com.ar\/web\/wp-json\/wp\/v2\/posts\/84113","targetHints":{"allow":["GET"]}}],"collection":[{"href":"https:\/\/elterritorialweb.com.ar\/web\/wp-json\/wp\/v2\/posts"}],"about":[{"href":"https:\/\/elterritorialweb.com.ar\/web\/wp-json\/wp\/v2\/types\/post"}],"author":[{"embeddable":true,"href":"https:\/\/elterritorialweb.com.ar\/web\/wp-json\/wp\/v2\/users\/2"}],"replies":[{"embeddable":true,"href":"https:\/\/elterritorialweb.com.ar\/web\/wp-json\/wp\/v2\/comments?post=84113"}],"version-history":[{"count":1,"href":"https:\/\/elterritorialweb.com.ar\/web\/wp-json\/wp\/v2\/posts\/84113\/revisions"}],"predecessor-version":[{"id":84117,"href":"https:\/\/elterritorialweb.com.ar\/web\/wp-json\/wp\/v2\/posts\/84113\/revisions\/84117"}],"wp:featuredmedia":[{"embeddable":true,"href":"https:\/\/elterritorialweb.com.ar\/web\/wp-json\/wp\/v2\/media\/84114"}],"wp:attachment":[{"href":"https:\/\/elterritorialweb.com.ar\/web\/wp-json\/wp\/v2\/media?parent=84113"}],"wp:term":[{"taxonomy":"category","embeddable":true,"href":"https:\/\/elterritorialweb.com.ar\/web\/wp-json\/wp\/v2\/categories?post=84113"},{"taxonomy":"post_tag","embeddable":true,"href":"https:\/\/elterritorialweb.com.ar\/web\/wp-json\/wp\/v2\/tags?post=84113"}],"curies":[{"name":"wp","href":"https:\/\/api.w.org\/{rel}","templated":true}]}}