{"id":84124,"date":"2026-05-01T11:18:30","date_gmt":"2026-05-01T11:18:30","guid":{"rendered":"https:\/\/elterritorialweb.com.ar\/web\/?p=84124"},"modified":"2026-05-01T11:18:32","modified_gmt":"2026-05-01T11:18:32","slug":"gisela-diaz-la-campeona-santiaguena-que-busca-apoyo-para-seguir-haciendo-historia-en-el-atletismo","status":"publish","type":"post","link":"https:\/\/elterritorialweb.com.ar\/web\/gisela-diaz-la-campeona-santiaguena-que-busca-apoyo-para-seguir-haciendo-historia-en-el-atletismo\/","title":{"rendered":"GISELA DIAZ: LA CAMPEONA SANTIAGUE\u00d1A QUE BUSCA APOYO PARA SEGUIR HACIENDO HISTORIA EN EL ATLETISMO"},"content":{"rendered":"\n<p>\u200bLa destacada fondista santiague\u00f1a Gisela Diaz, nacida el 31 de octubre de 1992, se ha consolidado como una de las figuras m\u00e1s importantes del atletismo regional tras su reciente e impecable desempe\u00f1o en los 21K de la Marat\u00f3n Mijovi, donde registr\u00f3 un tiempo de 1 hora, 26 minutos y 40 segundos. A sus 33 a\u00f1os y siendo madre de dos ni\u00f1as, la deportista representa un ejemplo de superaci\u00f3n y constancia en una disciplina que demanda una preparaci\u00f3n de alto rendimiento.<\/p>\n\n\n\n<figure class=\"wp-block-image size-large\"><a href=\"https:\/\/i0.wp.com\/elterritorialweb.com.ar\/web\/wp-content\/uploads\/2026\/05\/1000415633.jpg?ssl=1\"><img data-recalc-dims=\"1\" decoding=\"async\" width=\"640\" height=\"484\" data-src=\"https:\/\/i0.wp.com\/elterritorialweb.com.ar\/web\/wp-content\/uploads\/2026\/05\/1000415633-1024x774.jpg?resize=640%2C484&#038;ssl=1\" alt=\"\" class=\"wp-image-84126 lazyload\" data-srcset=\"https:\/\/i0.wp.com\/elterritorialweb.com.ar\/web\/wp-content\/uploads\/2026\/05\/1000415633.jpg?resize=1024%2C774&amp;ssl=1 1024w, https:\/\/i0.wp.com\/elterritorialweb.com.ar\/web\/wp-content\/uploads\/2026\/05\/1000415633.jpg?resize=300%2C227&amp;ssl=1 300w, https:\/\/i0.wp.com\/elterritorialweb.com.ar\/web\/wp-content\/uploads\/2026\/05\/1000415633.jpg?resize=768%2C580&amp;ssl=1 768w, https:\/\/i0.wp.com\/elterritorialweb.com.ar\/web\/wp-content\/uploads\/2026\/05\/1000415633.jpg?w=1440&amp;ssl=1 1440w, https:\/\/i0.wp.com\/elterritorialweb.com.ar\/web\/wp-content\/uploads\/2026\/05\/1000415633.jpg?w=1280 1280w\" data-sizes=\"(max-width: 640px) 100vw, 640px\" src=\"data:image\/svg+xml;base64,PHN2ZyB3aWR0aD0iMSIgaGVpZ2h0PSIxIiB4bWxucz0iaHR0cDovL3d3dy53My5vcmcvMjAwMC9zdmciPjwvc3ZnPg==\" style=\"--smush-placeholder-width: 640px; --smush-placeholder-aspect-ratio: 640\/484;\" \/><\/a><\/figure>\n\n\n\n<p>\u200bA pesar de contar con un equipo t\u00e9cnico s\u00f3lido que incluye el acompa\u00f1amiento del Gimnasio Elena Tejerina, su entrenadora Neri Ch\u00e1vez, el masajista Miguel \u00c1ngel, el kinesi\u00f3logo Rodrigo Zurita y la nutricionista Constanza Arias Com\u00e1n, Diaz no posee actualmente ning\u00fan tipo de apoyo o financiamiento privado. Su trayectoria, iniciada hace seis a\u00f1os, se ha construido \u00edntegramente sobre la base del sacrificio personal y el esfuerzo propio, sin haber recibido ayuda externa hasta la fecha.<\/p>\n\n\n\n<p>\u200bSu palmar\u00e9s incluye actuaciones destacadas en diversos escenarios, como el Torneo de Pista en Concepci\u00f3n del Uruguay durante 2025, el campeonato de los 21K en Yerba Buena, Tucum\u00e1n, y podios relevantes como el segundo lugar en los 15K de Ciudad Corre, adem\u00e1s de participaciones en competencias tradicionales como La Banda Corre y Huaracachay. Estos logros respaldan el potencial de una atleta que hoy sue\u00f1a con llevar los colores de Santiago del Estero a las principales competencias de 10K y 21K en la provincia de Buenos Aires.<\/p>\n\n\n\n<figure class=\"wp-block-image size-full\"><a href=\"https:\/\/i0.wp.com\/elterritorialweb.com.ar\/web\/wp-content\/uploads\/2026\/05\/1000415634.jpg?ssl=1\"><img data-recalc-dims=\"1\" decoding=\"async\" width=\"640\" height=\"576\" data-src=\"https:\/\/i0.wp.com\/elterritorialweb.com.ar\/web\/wp-content\/uploads\/2026\/05\/1000415634.jpg?resize=640%2C576&#038;ssl=1\" alt=\"\" class=\"wp-image-84127 lazyload\" data-srcset=\"https:\/\/i0.wp.com\/elterritorialweb.com.ar\/web\/wp-content\/uploads\/2026\/05\/1000415634.jpg?w=720&amp;ssl=1 720w, https:\/\/i0.wp.com\/elterritorialweb.com.ar\/web\/wp-content\/uploads\/2026\/05\/1000415634.jpg?resize=300%2C270&amp;ssl=1 300w\" data-sizes=\"(max-width: 640px) 100vw, 640px\" src=\"data:image\/svg+xml;base64,PHN2ZyB3aWR0aD0iMSIgaGVpZ2h0PSIxIiB4bWxucz0iaHR0cDovL3d3dy53My5vcmcvMjAwMC9zdmciPjwvc3ZnPg==\" style=\"--smush-placeholder-width: 640px; --smush-placeholder-aspect-ratio: 640\/576;\" \/><\/a><\/figure>\n\n\n\n<p>\u200bEl objetivo inmediato de Gisela es conseguir el respaldo de comerciantes, grupos empresariales y distribuidoras locales para solventar los gastos de traslado y participaci\u00f3n en nuevos destinos competitivos. Aquellos interesados en colaborar con la carrera de esta campeona y contribuir a que siga dejando en alto la bandera provincial pueden contactarse directamente a trav\u00e9s de su n\u00famero de WhatsApp (0385) 156-136-798.<\/p>\n","protected":false},"excerpt":{"rendered":"<p>\u200bTras consagrarse como la \u00faltima ganadora de los 21K de la Marat\u00f3n Mijovi, la atleta Gisela Diaz busca patrocinadores que le permitan competir en Buenos Aires y continuar bajando sus marcas personales a nivel nacional.<\/p>\n","protected":false},"author":2,"featured_media":84125,"comment_status":"open","ping_status":"open","sticky":false,"template":"","format":"standard","meta":{"om_disable_all_campaigns":false,"_monsterinsights_skip_tracking":false,"_monsterinsights_sitenote_active":false,"_monsterinsights_sitenote_note":"","_monsterinsights_sitenote_category":0,"_uf_show_specific_survey":0,"_uf_disable_surveys":false,"jetpack_post_was_ever_published":false,"_jetpack_newsletter_access":"","_jetpack_dont_email_post_to_subs":false,"_jetpack_newsletter_tier_id":0,"_jetpack_memberships_contains_paywalled_content":false,"_jetpack_memberships_contains_paid_content":false,"footnotes":"","jetpack_publicize_message":"","jetpack_publicize_feature_enabled":true,"jetpack_social_post_already_shared":true,"jetpack_social_options":{"image_generator_settings":{"template":"highway","default_image_id":0,"font":"","enabled":false},"version":2}},"categories":[6,4],"tags":[],"class_list":["post-84124","post","type-post","status-publish","format-standard","has-post-thumbnail","hentry","category-deportes","category-destacadas"],"aioseo_notices":[],"views":5,"jetpack_publicize_connections":[],"jetpack_featured_media_url":"https:\/\/i0.wp.com\/elterritorialweb.com.ar\/web\/wp-content\/uploads\/2026\/05\/FB_IMG_1777633965823.jpg?fit=1440%2C1440&ssl=1","jetpack_sharing_enabled":true,"_links":{"self":[{"href":"https:\/\/elterritorialweb.com.ar\/web\/wp-json\/wp\/v2\/posts\/84124","targetHints":{"allow":["GET"]}}],"collection":[{"href":"https:\/\/elterritorialweb.com.ar\/web\/wp-json\/wp\/v2\/posts"}],"about":[{"href":"https:\/\/elterritorialweb.com.ar\/web\/wp-json\/wp\/v2\/types\/post"}],"author":[{"embeddable":true,"href":"https:\/\/elterritorialweb.com.ar\/web\/wp-json\/wp\/v2\/users\/2"}],"replies":[{"embeddable":true,"href":"https:\/\/elterritorialweb.com.ar\/web\/wp-json\/wp\/v2\/comments?post=84124"}],"version-history":[{"count":1,"href":"https:\/\/elterritorialweb.com.ar\/web\/wp-json\/wp\/v2\/posts\/84124\/revisions"}],"predecessor-version":[{"id":84128,"href":"https:\/\/elterritorialweb.com.ar\/web\/wp-json\/wp\/v2\/posts\/84124\/revisions\/84128"}],"wp:featuredmedia":[{"embeddable":true,"href":"https:\/\/elterritorialweb.com.ar\/web\/wp-json\/wp\/v2\/media\/84125"}],"wp:attachment":[{"href":"https:\/\/elterritorialweb.com.ar\/web\/wp-json\/wp\/v2\/media?parent=84124"}],"wp:term":[{"taxonomy":"category","embeddable":true,"href":"https:\/\/elterritorialweb.com.ar\/web\/wp-json\/wp\/v2\/categories?post=84124"},{"taxonomy":"post_tag","embeddable":true,"href":"https:\/\/elterritorialweb.com.ar\/web\/wp-json\/wp\/v2\/tags?post=84124"}],"curies":[{"name":"wp","href":"https:\/\/api.w.org\/{rel}","templated":true}]}}