{"id":84130,"date":"2026-05-01T11:48:12","date_gmt":"2026-05-01T11:48:12","guid":{"rendered":"https:\/\/elterritorialweb.com.ar\/web\/?p=84130"},"modified":"2026-05-01T11:48:13","modified_gmt":"2026-05-01T11:48:13","slug":"neli-penaflor-las-puertas-se-abren-para-quienes-giran-el-picaporte","status":"publish","type":"post","link":"https:\/\/elterritorialweb.com.ar\/web\/neli-penaflor-las-puertas-se-abren-para-quienes-giran-el-picaporte\/","title":{"rendered":"NELI PE\u00d1AFLOR: \u201cLAS PUERTAS SE ABREN PARA QUIENES GIRAN EL PICAPORTE\u201d"},"content":{"rendered":"\n<p>Con una profunda emoci\u00f3n, la <strong>atleta Neli Pe\u00f1aflor<\/strong> expres\u00f3 que su llegada al equipo nacional no es producto de la casualidad, sino de un camino recorrido con constancia y dedicaci\u00f3n. <\/p>\n\n\n\n<p>En sus propias palabras, se\u00f1al\u00f3 que las oportunidades se presentan para aquellos que se atreven a buscarlas, valorando especialmente el tiempo y la gu\u00eda de su <strong>entrenador, Juan Mor\u00e1n<\/strong>, a quien atribuy\u00f3 gran parte de este logro por su acompa\u00f1amiento tanto en el deporte como en la vida.<\/p>\n\n\n\n<p>\u200bPe\u00f1aflor resalt\u00f3 que representar a la Argentina por primera vez en una cita internacional de la magnitud de los Juegos Iberoamericanos en Per\u00fa es un sue\u00f1o cumplido. <\/p>\n\n\n\n<figure class=\"wp-block-image size-large\"><a href=\"https:\/\/i0.wp.com\/elterritorialweb.com.ar\/web\/wp-content\/uploads\/2026\/05\/FB_IMG_1777635530043-e1777635921180.jpg\"><img data-recalc-dims=\"1\" decoding=\"async\" width=\"640\" height=\"601\" data-src=\"https:\/\/i0.wp.com\/elterritorialweb.com.ar\/web\/wp-content\/uploads\/2026\/05\/FB_IMG_1777635530043-e1777635921180-1024x961.jpg?resize=640%2C601\" alt=\"\" class=\"wp-image-84132 lazyload\" data-srcset=\"https:\/\/i0.wp.com\/elterritorialweb.com.ar\/web\/wp-content\/uploads\/2026\/05\/FB_IMG_1777635530043-e1777635921180.jpg?resize=1024%2C961&amp;ssl=1 1024w, https:\/\/i0.wp.com\/elterritorialweb.com.ar\/web\/wp-content\/uploads\/2026\/05\/FB_IMG_1777635530043-e1777635921180.jpg?resize=300%2C281&amp;ssl=1 300w, https:\/\/i0.wp.com\/elterritorialweb.com.ar\/web\/wp-content\/uploads\/2026\/05\/FB_IMG_1777635530043-e1777635921180.jpg?resize=768%2C720&amp;ssl=1 768w, https:\/\/i0.wp.com\/elterritorialweb.com.ar\/web\/wp-content\/uploads\/2026\/05\/FB_IMG_1777635530043-e1777635921180.jpg?w=1066&amp;ssl=1 1066w\" data-sizes=\"(max-width: 640px) 100vw, 640px\" src=\"data:image\/svg+xml;base64,PHN2ZyB3aWR0aD0iMSIgaGVpZ2h0PSIxIiB4bWxucz0iaHR0cDovL3d3dy53My5vcmcvMjAwMC9zdmciPjwvc3ZnPg==\" style=\"--smush-placeholder-width: 640px; --smush-placeholder-aspect-ratio: 640\/601;\" \/><\/a><\/figure>\n\n\n\n<p>Asimismo, extendi\u00f3 su agradecimiento a quienes la sostuvieron y creyeron en su potencial, incluyendo el apoyo de Aerobismo Fr\u00edas, Sportsfacilities y New Balance. <\/p>\n\n\n\n<p>La corredora concluy\u00f3 que este \u00e9xito le pertenece tambi\u00e9n a todas las personas que la acompa\u00f1aron en el proceso, reafirmando su compromiso de vestir los colores celestes y blancos con m\u00e1ximo orgullo en la capital peruana.<\/p>\n\n\n\n<p><\/p>\n","protected":false},"excerpt":{"rendered":"<p>\u200bTras confirmar su convocatoria a la Selecci\u00f3n Argentina de Atletismo, la deportista destac\u00f3 que esta oportunidad es el resultado de cinco a\u00f1os de procesos y aprendizajes que le permitir\u00e1n representar al pa\u00eds en los Juegos Iberoamericanos de Lima.<\/p>\n","protected":false},"author":2,"featured_media":84131,"comment_status":"open","ping_status":"open","sticky":false,"template":"","format":"standard","meta":{"om_disable_all_campaigns":false,"_monsterinsights_skip_tracking":false,"_monsterinsights_sitenote_active":false,"_monsterinsights_sitenote_note":"","_monsterinsights_sitenote_category":0,"_uf_show_specific_survey":0,"_uf_disable_surveys":false,"jetpack_post_was_ever_published":false,"_jetpack_newsletter_access":"","_jetpack_dont_email_post_to_subs":false,"_jetpack_newsletter_tier_id":0,"_jetpack_memberships_contains_paywalled_content":false,"_jetpack_memberships_contains_paid_content":false,"footnotes":"","jetpack_publicize_message":"","jetpack_publicize_feature_enabled":true,"jetpack_social_post_already_shared":true,"jetpack_social_options":{"image_generator_settings":{"template":"highway","default_image_id":0,"font":"","enabled":false},"version":2}},"categories":[6,4],"tags":[1344],"class_list":["post-84130","post","type-post","status-publish","format-standard","has-post-thumbnail","hentry","category-deportes","category-destacadas","tag-neli-penaflor"],"aioseo_notices":[],"views":3,"jetpack_publicize_connections":[],"jetpack_featured_media_url":"https:\/\/i0.wp.com\/elterritorialweb.com.ar\/web\/wp-content\/uploads\/2026\/05\/FB_IMG_1777635513232.jpg?fit=1440%2C1920&ssl=1","jetpack_sharing_enabled":true,"_links":{"self":[{"href":"https:\/\/elterritorialweb.com.ar\/web\/wp-json\/wp\/v2\/posts\/84130","targetHints":{"allow":["GET"]}}],"collection":[{"href":"https:\/\/elterritorialweb.com.ar\/web\/wp-json\/wp\/v2\/posts"}],"about":[{"href":"https:\/\/elterritorialweb.com.ar\/web\/wp-json\/wp\/v2\/types\/post"}],"author":[{"embeddable":true,"href":"https:\/\/elterritorialweb.com.ar\/web\/wp-json\/wp\/v2\/users\/2"}],"replies":[{"embeddable":true,"href":"https:\/\/elterritorialweb.com.ar\/web\/wp-json\/wp\/v2\/comments?post=84130"}],"version-history":[{"count":1,"href":"https:\/\/elterritorialweb.com.ar\/web\/wp-json\/wp\/v2\/posts\/84130\/revisions"}],"predecessor-version":[{"id":84133,"href":"https:\/\/elterritorialweb.com.ar\/web\/wp-json\/wp\/v2\/posts\/84130\/revisions\/84133"}],"wp:featuredmedia":[{"embeddable":true,"href":"https:\/\/elterritorialweb.com.ar\/web\/wp-json\/wp\/v2\/media\/84131"}],"wp:attachment":[{"href":"https:\/\/elterritorialweb.com.ar\/web\/wp-json\/wp\/v2\/media?parent=84130"}],"wp:term":[{"taxonomy":"category","embeddable":true,"href":"https:\/\/elterritorialweb.com.ar\/web\/wp-json\/wp\/v2\/categories?post=84130"},{"taxonomy":"post_tag","embeddable":true,"href":"https:\/\/elterritorialweb.com.ar\/web\/wp-json\/wp\/v2\/tags?post=84130"}],"curies":[{"name":"wp","href":"https:\/\/api.w.org\/{rel}","templated":true}]}}