{"id":84136,"date":"2026-05-01T13:20:48","date_gmt":"2026-05-01T13:20:48","guid":{"rendered":"https:\/\/elterritorialweb.com.ar\/web\/?p=84136"},"modified":"2026-05-01T15:32:05","modified_gmt":"2026-05-01T15:32:05","slug":"el-mercado-laboral-argentino-ante-el-desafio-de-la-reconfiguracion-y-la-informalidad","status":"publish","type":"post","link":"https:\/\/elterritorialweb.com.ar\/web\/el-mercado-laboral-argentino-ante-el-desafio-de-la-reconfiguracion-y-la-informalidad\/","title":{"rendered":"\u200bEL MERCADO LABORAL ARGENTINO ANTE EL DESAF\u00cdO DE LA RECONFIGURACI\u00d3N Y LA INFORMALIDAD"},"content":{"rendered":"\n<p>\u200b\u200bEste 1\u00b0 de mayo encuentra a la fuerza laboral argentina en un punto de inflexi\u00f3n. Tras un inicio de a\u00f1o marcado por la volatilidad econ\u00f3mica, el mercado de trabajo atraviesa una transformaci\u00f3n profunda que redefine la relaci\u00f3n entre empleadores y asalariados. Seg\u00fan los \u00faltimos relevamientos, el empleo registrado ha cedido terreno frente al avance del cuentapropismo y la informalidad, que ya alcanza niveles comparables a los de la post-pandemia.<\/p>\n\n\n\n<h3 class=\"wp-block-heading\">\u200bLa crisis en la industria y el sector p\u00fablico<\/h3>\n\n\n\n<p>\u200bUno de los datos m\u00e1s alarmantes de este 2026 es la retracci\u00f3n en la <strong>industria manufacturera<\/strong>, que concentra cerca del 97% de las bajas en el empleo privado formal. El encarecimiento de costos operativos y la ca\u00edda del consumo interno han forzado a las peque\u00f1as y medianas empresas (PyMEs) a reducir sus plantillas.<\/p>\n\n\n\n<p>\u200bPor otro lado, el <strong>empleo p\u00fablico<\/strong> ha registrado una ca\u00edda significativa, con m\u00e1s de 67.000 desvinculaciones en el \u00e1mbito estatal desde el inicio del proceso de reforma del Estado. Esta transici\u00f3n ha volcado a miles de trabajadores hacia el sector de servicios o hacia modalidades de trabajo independiente por cuenta propia.<\/p>\n\n\n\n<h3 class=\"wp-block-heading\">\u200bRadiograf\u00eda del empleo: Informalidad y salarios<\/h3>\n\n\n\n<p>\u200bLa brecha entre el empleo \u00aben blanco\u00bb y el informal contin\u00faa ampli\u00e1ndose. De acuerdo con datos procesados por organismos estad\u00edsticos:<\/p>\n\n\n\n<ul class=\"wp-block-list\">\n<li>\u200b<strong>Informalidad laboral:<\/strong> Afecta al <strong>43%<\/strong> de los trabajadores ocupados, lo que representa a m\u00e1s de 9 millones de personas que carecen de protecci\u00f3n social y aportes jubilatorios.<\/li>\n\n\n\n<li>\u200b<strong>Poder adquisitivo:<\/strong> Durante el primer trimestre de 2026, los salarios pretendidos han mostrado un retraso frente a la inflaci\u00f3n acumulada, afectando especialmente a los mandos medios y sectores operativos.<\/li>\n<\/ul>\n\n\n\n<ul class=\"wp-block-list\">\n<li>\u200b<strong>El fen\u00f3meno del \u00abpluriempleo\u00bb:<\/strong> Se estima que el <strong>43% de los trabajadores activos<\/strong> busca activamente una segunda fuente de ingresos para cubrir la canasta b\u00e1sica.<\/li>\n<\/ul>\n\n\n\n<h3 class=\"wp-block-heading\">\u200bEl refugio en el conocimiento y la tecnolog\u00eda<\/h3>\n\n\n\n<p>\u200bNo todo el panorama es sombr\u00edo. Los sectores vinculados a la <strong>Econom\u00eda del Conocimiento<\/strong> y la <strong>Inteligencia Artificial<\/strong> mantienen una demanda insatisfecha. Las empresas de tecnolog\u00eda, log\u00edstica y servicios profesionales siguen buscando talento calificado, aunque con una exigencia cada vez mayor en competencias digitales.<\/p>\n\n\n\n<blockquote class=\"wp-block-quote is-layout-flow wp-block-quote-is-layout-flow\">\n<p>\u200b\u00bbEstamos viendo una migraci\u00f3n del empleo asalariado tradicional hacia el trabajo por proyectos y la modalidad freelance\u00bb, explican analistas de Recursos Humanos. \u00abEl reto para 2026 no es solo crear puestos de trabajo, sino mejorar la calidad de los mismos y reducir la brecha de habilidades que deja a muchos fuera del sistema\u00bb.<\/p>\n<\/blockquote>\n\n\n\n<h3 class=\"wp-block-heading\">\u200bPerspectivas para el segundo semestre<\/h3>\n\n\n\n<p>\u200bA pesar de la estabilidad en la tasa de desempleo general (que ronda el 6,3%), la preocupaci\u00f3n central para el resto del a\u00f1o radica en la <strong>calidad del empleo<\/strong>. El aumento de la subocupaci\u00f3n y la cantidad de \u00abtrabajadores pobres\u00bb \u2014aquellos que aun teniendo empleo no logran superar la l\u00ednea de pobreza\u2014 marcan la agenda de los sindicatos y las c\u00e1maras empresariales en este D\u00eda del Trabajador.<\/p>\n\n\n\n<p>\u200bLa recuperaci\u00f3n del mercado depender\u00e1, en gran medida, de la capacidad de la industria para recuperar competitividad y de la implementaci\u00f3n de incentivos que faciliten la formalizaci\u00f3n de las millones de personas que hoy operan fuera del sistema registrado.<\/p>\n","protected":false},"excerpt":{"rendered":"<p>En el marco del D\u00eda del Trabajador, el panorama del empleo en Argentina presenta se\u00f1ales mixtas: mientras algunos sectores tecnol\u00f3gicos y de servicios profesionales demandan nuevos perfiles, la industria manufacturera y el sector p\u00fablico enfrentan ajustes estructurales con un crecimiento sostenido del trabajo independiente y la informalidad.<\/p>\n","protected":false},"author":2,"featured_media":84138,"comment_status":"open","ping_status":"open","sticky":false,"template":"","format":"standard","meta":{"om_disable_all_campaigns":false,"_monsterinsights_skip_tracking":false,"_monsterinsights_sitenote_active":false,"_monsterinsights_sitenote_note":"","_monsterinsights_sitenote_category":0,"_uf_show_specific_survey":0,"_uf_disable_surveys":false,"jetpack_post_was_ever_published":false,"_jetpack_newsletter_access":"","_jetpack_dont_email_post_to_subs":false,"_jetpack_newsletter_tier_id":0,"_jetpack_memberships_contains_paywalled_content":false,"_jetpack_memberships_contains_paid_content":false,"footnotes":"","jetpack_publicize_message":"","jetpack_publicize_feature_enabled":true,"jetpack_social_post_already_shared":true,"jetpack_social_options":{"image_generator_settings":{"template":"highway","default_image_id":0,"font":"","enabled":false},"version":2}},"categories":[4,30],"tags":[97,1723,1724,1725],"class_list":["post-84136","post","type-post","status-publish","format-standard","has-post-thumbnail","hentry","category-destacadas","category-informe","tag-argentina","tag-dia-del-trabajador","tag-informe","tag-trabajo"],"aioseo_notices":[],"views":8,"jetpack_publicize_connections":[],"jetpack_featured_media_url":"https:\/\/i0.wp.com\/elterritorialweb.com.ar\/web\/wp-content\/uploads\/2026\/05\/Screenshot_20260501_102349_Chrome.jpg?fit=1080%2C700&ssl=1","jetpack_sharing_enabled":true,"_links":{"self":[{"href":"https:\/\/elterritorialweb.com.ar\/web\/wp-json\/wp\/v2\/posts\/84136","targetHints":{"allow":["GET"]}}],"collection":[{"href":"https:\/\/elterritorialweb.com.ar\/web\/wp-json\/wp\/v2\/posts"}],"about":[{"href":"https:\/\/elterritorialweb.com.ar\/web\/wp-json\/wp\/v2\/types\/post"}],"author":[{"embeddable":true,"href":"https:\/\/elterritorialweb.com.ar\/web\/wp-json\/wp\/v2\/users\/2"}],"replies":[{"embeddable":true,"href":"https:\/\/elterritorialweb.com.ar\/web\/wp-json\/wp\/v2\/comments?post=84136"}],"version-history":[{"count":2,"href":"https:\/\/elterritorialweb.com.ar\/web\/wp-json\/wp\/v2\/posts\/84136\/revisions"}],"predecessor-version":[{"id":84139,"href":"https:\/\/elterritorialweb.com.ar\/web\/wp-json\/wp\/v2\/posts\/84136\/revisions\/84139"}],"wp:featuredmedia":[{"embeddable":true,"href":"https:\/\/elterritorialweb.com.ar\/web\/wp-json\/wp\/v2\/media\/84138"}],"wp:attachment":[{"href":"https:\/\/elterritorialweb.com.ar\/web\/wp-json\/wp\/v2\/media?parent=84136"}],"wp:term":[{"taxonomy":"category","embeddable":true,"href":"https:\/\/elterritorialweb.com.ar\/web\/wp-json\/wp\/v2\/categories?post=84136"},{"taxonomy":"post_tag","embeddable":true,"href":"https:\/\/elterritorialweb.com.ar\/web\/wp-json\/wp\/v2\/tags?post=84136"}],"curies":[{"name":"wp","href":"https:\/\/api.w.org\/{rel}","templated":true}]}}