{"id":84140,"date":"2026-05-02T01:08:27","date_gmt":"2026-05-02T01:08:27","guid":{"rendered":"https:\/\/elterritorialweb.com.ar\/web\/?p=84140"},"modified":"2026-05-02T01:08:29","modified_gmt":"2026-05-02T01:08:29","slug":"francesca-cella-la-joven-promesa-que-brillo-en-tucuman","status":"publish","type":"post","link":"https:\/\/elterritorialweb.com.ar\/web\/francesca-cella-la-joven-promesa-que-brillo-en-tucuman\/","title":{"rendered":"FRANCESCA CELLA: LA JOVEN PROMESA QUE BRILL\u00d3 EN TUCUM\u00c1N"},"content":{"rendered":"\n<p>\u200b\u200bEl f\u00fatbol femenino de la regi\u00f3n tiene un nuevo nombre que resuena con fuerza: <strong>Francesca Cella<\/strong>. La joven futbolista del <strong>Club Atl\u00e9tico Mitre<\/strong> viene de firmar una actuaci\u00f3n consagratoria en el reciente torneo interprovincial organizado por el club <strong>San Mart\u00edn de Tucum\u00e1n<\/strong>, disputado los d\u00edas 25 y 26 de abril.<\/p>\n\n\n\n<h3 class=\"wp-block-heading\">\u200bUna actuaci\u00f3n estelar<\/h3>\n\n\n\n<p>\u200bCon apenas 11 a\u00f1os, Francesca no solo demostr\u00f3 una t\u00e9cnica envidiable, sino tambi\u00e9n una contundencia implacable frente al arco. Su desempe\u00f1o le vali\u00f3 un doble reconocimiento oficial por parte de la organizaci\u00f3n:<\/p>\n\n\n\n<ul class=\"wp-block-list\">\n<li>\u200b<strong>M\u00e1xima goleadora del torneo interprovincial.<\/strong><\/li>\n\n\n\n<li>\u200b<strong>Mejor goleadora de la categor\u00eda Sub 11.<\/strong><\/li>\n<\/ul>\n\n\n\n<h3 class=\"wp-block-heading\">\u200bEl camino al t\u00edtulo<\/h3>\n\n\n\n<p>\u200bBajo la direcci\u00f3n t\u00e9cnica de <strong>Roc\u00edo Sabalza<\/strong>, el equipo Sub 11 de Mitre exhibi\u00f3 un juego s\u00f3lido y colectivo, logrando consagrarse <strong>Campe\u00f3n de la Copa de Oro<\/strong>. En este esquema, Cella result\u00f3 ser la pieza clave, destrabando encuentros decisivos y liderando la ofensiva con la madurez de una jugadora experimentada.<\/p>\n\n\n\n<blockquote class=\"wp-block-quote is-layout-flow wp-block-quote-is-layout-flow\">\n<p>\u200b\u00bbFrancesca es, sin dudas, una de las grandes promesas del f\u00fatbol femenino. Su talento fue determinante en cada partido\u00bb, se\u00f1alaron desde el entorno del club tras el regreso de la delegaci\u00f3n.<\/p>\n<\/blockquote>\n\n\n\n<h3 class=\"wp-block-heading\">\u200bPresente y futuro<\/h3>\n\n\n\n<p>\u200bLejos de conformarse con los trofeos obtenidos en la vecina provincia, la joven goleadora ya se encuentra enfocada en sus pr\u00f3ximos objetivos. Actualmente, <strong>entrena con intensidad<\/strong> junto a sus compa\u00f1eras, puliendo detalles t\u00e1cticos y f\u00edsicos para los desaf\u00edos que restan en el calendario anual.<\/p>\n\n\n\n<p>\u200bCon el respaldo de su club y un instinto goleador que parece no tener techo, Francesca Cella se posiciona como una de las realidades m\u00e1s brillantes de las divisiones formativas, llevando la bandera de Mitre a lo m\u00e1s alto del podio regional.<\/p>\n\n\n\n<p><\/p>\n","protected":false},"excerpt":{"rendered":"<p>La delantera de Mitre fue la m\u00e1xima artillera en el torneo del Club San Mart\u00edn, donde su equipo se coron\u00f3 campe\u00f3n de la Copa de Oro en la categor\u00eda Sub 11.<\/p>\n","protected":false},"author":2,"featured_media":84144,"comment_status":"open","ping_status":"open","sticky":false,"template":"","format":"standard","meta":{"om_disable_all_campaigns":false,"_monsterinsights_skip_tracking":false,"_monsterinsights_sitenote_active":false,"_monsterinsights_sitenote_note":"","_monsterinsights_sitenote_category":0,"_uf_show_specific_survey":0,"_uf_disable_surveys":false,"jetpack_post_was_ever_published":false,"_jetpack_newsletter_access":"","_jetpack_dont_email_post_to_subs":false,"_jetpack_newsletter_tier_id":0,"_jetpack_memberships_contains_paywalled_content":false,"_jetpack_memberships_contains_paid_content":false,"footnotes":"","jetpack_publicize_message":"","jetpack_publicize_feature_enabled":true,"jetpack_social_post_already_shared":true,"jetpack_social_options":{"image_generator_settings":{"template":"highway","default_image_id":0,"font":"","enabled":false},"version":2}},"categories":[6],"tags":[],"class_list":["post-84140","post","type-post","status-publish","format-standard","has-post-thumbnail","hentry","category-deportes"],"aioseo_notices":[],"views":5,"jetpack_publicize_connections":[],"jetpack_featured_media_url":"https:\/\/i0.wp.com\/elterritorialweb.com.ar\/web\/wp-content\/uploads\/2026\/05\/IMG-20260501-WA0028.jpg?fit=898%2C979&ssl=1","jetpack_sharing_enabled":true,"_links":{"self":[{"href":"https:\/\/elterritorialweb.com.ar\/web\/wp-json\/wp\/v2\/posts\/84140","targetHints":{"allow":["GET"]}}],"collection":[{"href":"https:\/\/elterritorialweb.com.ar\/web\/wp-json\/wp\/v2\/posts"}],"about":[{"href":"https:\/\/elterritorialweb.com.ar\/web\/wp-json\/wp\/v2\/types\/post"}],"author":[{"embeddable":true,"href":"https:\/\/elterritorialweb.com.ar\/web\/wp-json\/wp\/v2\/users\/2"}],"replies":[{"embeddable":true,"href":"https:\/\/elterritorialweb.com.ar\/web\/wp-json\/wp\/v2\/comments?post=84140"}],"version-history":[{"count":1,"href":"https:\/\/elterritorialweb.com.ar\/web\/wp-json\/wp\/v2\/posts\/84140\/revisions"}],"predecessor-version":[{"id":84145,"href":"https:\/\/elterritorialweb.com.ar\/web\/wp-json\/wp\/v2\/posts\/84140\/revisions\/84145"}],"wp:featuredmedia":[{"embeddable":true,"href":"https:\/\/elterritorialweb.com.ar\/web\/wp-json\/wp\/v2\/media\/84144"}],"wp:attachment":[{"href":"https:\/\/elterritorialweb.com.ar\/web\/wp-json\/wp\/v2\/media?parent=84140"}],"wp:term":[{"taxonomy":"category","embeddable":true,"href":"https:\/\/elterritorialweb.com.ar\/web\/wp-json\/wp\/v2\/categories?post=84140"},{"taxonomy":"post_tag","embeddable":true,"href":"https:\/\/elterritorialweb.com.ar\/web\/wp-json\/wp\/v2\/tags?post=84140"}],"curies":[{"name":"wp","href":"https:\/\/api.w.org\/{rel}","templated":true}]}}