{"id":88192,"date":"2026-08-31T01:09:41","date_gmt":"2026-08-31T01:09:41","guid":{"rendered":"https:\/\/elterritorialweb.com.ar\/web\/?p=88192"},"modified":"2026-08-31T01:09:44","modified_gmt":"2026-08-31T01:09:44","slug":"los-leones-hicieron-historia-en-el-mundial-2026-vencieron-a-paises-bajos-y-se-quedaron-con-el-bronce","status":"publish","type":"post","link":"https:\/\/elterritorialweb.com.ar\/web\/los-leones-hicieron-historia-en-el-mundial-2026-vencieron-a-paises-bajos-y-se-quedaron-con-el-bronce\/","title":{"rendered":"LOS LEONES HICIERON HISTORIA EN EL MUNDIAL 2026: VENCIERON A PA\u00cdSES BAJOS Y SE QUEDARON CON EL BRONCE"},"content":{"rendered":"\n<p class=\"wp-block-paragraph\">\u200b\u200bEl seleccionado argentino de hockey masculino, dirigido por <strong>Lucas Rey<\/strong>, cerr\u00f3 una actuaci\u00f3n inolvidable en la <strong>Copa del Mundo de B\u00e9lgica y Pa\u00edses Bajos 2026<\/strong> al adjudicarse la <strong>medalla de bronce<\/strong>. En un apasionante encuentro disputado en el <strong>Belfius Hockey Arena<\/strong>, el conjunto albiceleste venci\u00f3 por <strong>2 a 1<\/strong> al seleccionado local y vigente <strong>campe\u00f3n ol\u00edmpico<\/strong>, logrando la primera victoria de su historia frente a los neerlandeses en un Mundial de mayores.<\/p>\n\n\n\n<p class=\"wp-block-paragraph\">\u200bEl tr\u00e1mite del encuentro comenz\u00f3 con una alta intensidad en el primer cuarto, con defensas muy concentradas donde <strong>Tom\u00e1s Santiago<\/strong> fue clave en el arco argentino para sostener el cero. Tras una primera mitad sumamente disputada y con intentos invalidados a trav\u00e9s del c\u00f3rner corto para ambos lados, la apertura del marcador lleg\u00f3 a los 11 minutos del tercer cuarto, cuando <strong>Facundo Z\u00e1rate<\/strong> asisti\u00f3 a <strong>Tom\u00e1s Domene<\/strong> para decretar el 1 a 0 parcial.<\/p>\n\n\n\n<p class=\"wp-block-paragraph\">\u200bEl \u00faltimo per\u00edodo estuvo cargado de dramatismo. Pa\u00edses Bajos logr\u00f3 la igualdad transitoria a los cuatro minutos por intermedio de <strong>Floris Middendorp<\/strong> de c\u00f3rner corto. Poco despu\u00e9s, la intervenci\u00f3n del <strong>\u00e1rbitro de video<\/strong> fue determinante para anular un tanto del seleccionado local por jugada peligrosa, manteniendo con vida las aspiraciones de <strong>Los Leones<\/strong>.<\/p>\n\n\n\n<figure class=\"wp-block-image size-large\"><a href=\"https:\/\/i0.wp.com\/elterritorialweb.com.ar\/web\/wp-content\/uploads\/2026\/08\/IMG-20260830-WA0051.jpg\"><img data-recalc-dims=\"1\" decoding=\"async\" width=\"640\" height=\"426\" data-src=\"https:\/\/i0.wp.com\/elterritorialweb.com.ar\/web\/wp-content\/uploads\/2026\/08\/IMG-20260830-WA0051.jpg?resize=640%2C426\" alt=\"\" class=\"wp-image-88193 lazyload\" data-srcset=\"https:\/\/i0.wp.com\/elterritorialweb.com.ar\/web\/wp-content\/uploads\/2026\/08\/IMG-20260830-WA0051.jpg?resize=1024%2C682&amp;ssl=1 1024w, https:\/\/i0.wp.com\/elterritorialweb.com.ar\/web\/wp-content\/uploads\/2026\/08\/IMG-20260830-WA0051.jpg?resize=300%2C200&amp;ssl=1 300w, https:\/\/i0.wp.com\/elterritorialweb.com.ar\/web\/wp-content\/uploads\/2026\/08\/IMG-20260830-WA0051.jpg?resize=768%2C512&amp;ssl=1 768w, https:\/\/i0.wp.com\/elterritorialweb.com.ar\/web\/wp-content\/uploads\/2026\/08\/IMG-20260830-WA0051.jpg?resize=1536%2C1023&amp;ssl=1 1536w, https:\/\/i0.wp.com\/elterritorialweb.com.ar\/web\/wp-content\/uploads\/2026\/08\/IMG-20260830-WA0051.jpg?w=1600&amp;ssl=1 1600w, https:\/\/i0.wp.com\/elterritorialweb.com.ar\/web\/wp-content\/uploads\/2026\/08\/IMG-20260830-WA0051.jpg?w=1280 1280w\" data-sizes=\"(max-width: 640px) 100vw, 640px\" src=\"data:image\/svg+xml;base64,PHN2ZyB3aWR0aD0iMSIgaGVpZ2h0PSIxIiB4bWxucz0iaHR0cDovL3d3dy53My5vcmcvMjAwMC9zdmciPjwvc3ZnPg==\" style=\"--smush-placeholder-width: 640px; --smush-placeholder-aspect-ratio: 640\/426;\" \/><\/a><\/figure>\n\n\n\n<p class=\"wp-block-paragraph\">\u200bLa definici\u00f3n del choque lleg\u00f3 a falta de dos minutos para el cierre. Tras un nuevo c\u00f3rner corto, el capit\u00e1n <strong>Mat\u00edas Rey<\/strong>, en el sexto Mundial de su carrera, captur\u00f3 un rebote para se\u00f1alar el <strong>2 a 1<\/strong> definitivo. En los instantes finales, la solidez defensiva argentina contuvo los desesperados embates de la escuadra local desde el c\u00f3rner corto para concretar el festejado triunfo.<\/p>\n\n\n\n<p class=\"wp-block-paragraph\">\u200bLa formaci\u00f3n titular que salt\u00f3 a la cancha estuvo integrada por <strong>Tom\u00e1s Santiago<\/strong>, <strong>Nicol\u00e1s Della Torre<\/strong>, <strong>Lucas Toscani<\/strong>, <strong>Joaqu\u00edn Toscani<\/strong>, <strong>Mat\u00edas Andreotti<\/strong>, <strong>Tom\u00e1s Domene<\/strong>, <strong>Mat\u00edas Rey<\/strong>, <strong>Nicol\u00e1s Cicileo<\/strong>, <strong>Tadeo Marcucci<\/strong>, <strong>Thomas Habif<\/strong> y <strong>Bautista Capurro<\/strong>, sumados a los posteriores ingresos de <strong>Facundo Z\u00e1rate<\/strong>, <strong>Maico Casella<\/strong>, <strong>Tom\u00e1s Ruiz<\/strong>, <strong>Ignacio Ibarra<\/strong>, <strong>Mart\u00edn Ferreiro<\/strong> y <strong>Lucio M\u00e9ndez Pin<\/strong>.<\/p>\n\n\n\n<p class=\"wp-block-paragraph\">\u200bEste logro se suma a la consagraci\u00f3n de <strong>Las Leonas<\/strong> consumada el d\u00eda anterior, completando una haza\u00f1a in\u00e9dita al ubicar a ambos seleccionados nacionales en el podio mundialista por segunda vez en la historia, superando lo hecho en <strong>La Haya 2014<\/strong>.<\/p>\n","protected":false},"excerpt":{"rendered":"<p>El seleccionado argentino masculino de hockey derrot\u00f3 por 2 a 1 al anfitri\u00f3n y campe\u00f3n ol\u00edmpico en su propia casa. Tras doce a\u00f1os de espera, el equipo nacional repiti\u00f3 la gesta de La Haya 2014 y complet\u00f3 un fin de semana so\u00f1ado para el deporte nacional.<\/p>\n","protected":false},"author":2,"featured_media":88194,"comment_status":"open","ping_status":"open","sticky":false,"template":"","format":"standard","meta":{"om_disable_all_campaigns":false,"_monsterinsights_skip_tracking":false,"_uf_show_specific_survey":0,"_uf_disable_surveys":false,"_jetpack_newsletter_access":"","_jetpack_dont_email_post_to_subs":false,"_jetpack_newsletter_tier_id":0,"_jetpack_memberships_contains_paywalled_content":false,"_jetpack_feature_clip_id":0,"_jetpack_memberships_contains_paid_content":false,"footnotes":"","jetpack_publicize_message":"","jetpack_publicize_feature_enabled":true,"jetpack_social_post_already_shared":true,"jetpack_social_options":{"image_generator_settings":{"template":"highway","default_image_id":0,"font":"","enabled":false},"version":2},"jetpack_post_was_ever_published":false},"categories":[6,4],"tags":[805,1868],"class_list":["post-88192","post","type-post","status-publish","format-standard","has-post-thumbnail","hentry","category-deportes","category-destacadas","tag-los-leones","tag-mundial-de-hockey-2026"],"aioseo_notices":[],"views":6,"jetpack_publicize_connections":[],"jetpack_sharing_enabled":true,"jetpack_featured_media_url":"https:\/\/i0.wp.com\/elterritorialweb.com.ar\/web\/wp-content\/uploads\/2026\/08\/IMG-20260830-WA0061.jpg?fit=1600%2C1066&ssl=1","_links":{"self":[{"href":"https:\/\/elterritorialweb.com.ar\/web\/wp-json\/wp\/v2\/posts\/88192","targetHints":{"allow":["GET"]}}],"collection":[{"href":"https:\/\/elterritorialweb.com.ar\/web\/wp-json\/wp\/v2\/posts"}],"about":[{"href":"https:\/\/elterritorialweb.com.ar\/web\/wp-json\/wp\/v2\/types\/post"}],"author":[{"embeddable":true,"href":"https:\/\/elterritorialweb.com.ar\/web\/wp-json\/wp\/v2\/users\/2"}],"replies":[{"embeddable":true,"href":"https:\/\/elterritorialweb.com.ar\/web\/wp-json\/wp\/v2\/comments?post=88192"}],"version-history":[{"count":1,"href":"https:\/\/elterritorialweb.com.ar\/web\/wp-json\/wp\/v2\/posts\/88192\/revisions"}],"predecessor-version":[{"id":88195,"href":"https:\/\/elterritorialweb.com.ar\/web\/wp-json\/wp\/v2\/posts\/88192\/revisions\/88195"}],"wp:featuredmedia":[{"embeddable":true,"href":"https:\/\/elterritorialweb.com.ar\/web\/wp-json\/wp\/v2\/media\/88194"}],"wp:attachment":[{"href":"https:\/\/elterritorialweb.com.ar\/web\/wp-json\/wp\/v2\/media?parent=88192"}],"wp:term":[{"taxonomy":"category","embeddable":true,"href":"https:\/\/elterritorialweb.com.ar\/web\/wp-json\/wp\/v2\/categories?post=88192"},{"taxonomy":"post_tag","embeddable":true,"href":"https:\/\/elterritorialweb.com.ar\/web\/wp-json\/wp\/v2\/tags?post=88192"}],"curies":[{"name":"wp","href":"https:\/\/api.w.org\/{rel}","templated":true}]}}