{"id":88196,"date":"2026-08-31T01:16:25","date_gmt":"2026-08-31T01:16:25","guid":{"rendered":"https:\/\/elterritorialweb.com.ar\/web\/?p=88196"},"modified":"2026-08-31T01:16:28","modified_gmt":"2026-08-31T01:16:28","slug":"mitre-dejo-escapar-el-triunfo-en-un-final-agonico-ante-central-norte","status":"publish","type":"post","link":"https:\/\/elterritorialweb.com.ar\/web\/mitre-dejo-escapar-el-triunfo-en-un-final-agonico-ante-central-norte\/","title":{"rendered":"MITRE DEJ\u00d3 ESCAPAR EL TRIUNFO EN UN FINAL AG\u00d3NICO ANTE CENTRAL NORTE"},"content":{"rendered":"\n<p class=\"wp-block-paragraph\">El <strong>Club Atl\u00e9tico Mitre<\/strong> empat\u00f3 este domingo en condici\u00f3n de local ante <strong>Central Norte de Salta<\/strong>, en un encuentro correspondiente a la <strong>vig\u00e9sima s\u00e9ptima fecha de la Zona A del Torneo de la Primera Nacional 2026<\/strong>. Las acciones se desarrollaron en el <strong>Estadio Doctores Jos\u00e9 y Antonio Castiglione<\/strong>, bajo el arbitraje de <strong>Joaqu\u00edn Gil<\/strong>, en un duelo directo por la clasificaci\u00f3n que dej\u00f3 un sabor amargo para el due\u00f1o de casa por el tr\u00e1mite del juego.<\/p>\n\n\n\n<p class=\"wp-block-paragraph\">El equipo dirigido por <strong>Claudio Biaggio<\/strong> salt\u00f3 al campo de juego con Ignacio Pietrobono en el arco, una l\u00ednea defensiva integrada por Br\u00edan M\u00ederes, Jonathan Cabral, Maximiliano Romero y Franco Ferrari. En el mediocampo se plantaron Rodrigo Gonz\u00e1lez, Juan Alessandroni, Mart\u00edn V\u00e1zquez y Enzo Avaro, mientras que la delantera inicial estuvo compuesta por Marcos Machado y Favio Cabral. Sin embargo, los planes del \u00abPampa\u00bb sufrieron un contratiempo tempranero debido a la lesi\u00f3n de Favio Cabral, obligando al ingreso de <strong>Juan Pablo Z\u00e1rate<\/strong> sobre los 25 minutos del primer tiempo.<\/p>\n\n\n\n<figure class=\"wp-block-image size-large\"><a href=\"https:\/\/i0.wp.com\/elterritorialweb.com.ar\/web\/wp-content\/uploads\/2026\/08\/IMG-20260830-WA0069.jpg\"><img data-recalc-dims=\"1\" decoding=\"async\" width=\"640\" height=\"428\" data-src=\"https:\/\/i0.wp.com\/elterritorialweb.com.ar\/web\/wp-content\/uploads\/2026\/08\/IMG-20260830-WA0069.jpg?resize=640%2C428\" alt=\"\" class=\"wp-image-88199 lazyload\" data-srcset=\"https:\/\/i0.wp.com\/elterritorialweb.com.ar\/web\/wp-content\/uploads\/2026\/08\/IMG-20260830-WA0069.jpg?resize=1024%2C684&amp;ssl=1 1024w, https:\/\/i0.wp.com\/elterritorialweb.com.ar\/web\/wp-content\/uploads\/2026\/08\/IMG-20260830-WA0069.jpg?resize=300%2C200&amp;ssl=1 300w, https:\/\/i0.wp.com\/elterritorialweb.com.ar\/web\/wp-content\/uploads\/2026\/08\/IMG-20260830-WA0069.jpg?resize=768%2C513&amp;ssl=1 768w, https:\/\/i0.wp.com\/elterritorialweb.com.ar\/web\/wp-content\/uploads\/2026\/08\/IMG-20260830-WA0069.jpg?resize=1536%2C1025&amp;ssl=1 1536w, https:\/\/i0.wp.com\/elterritorialweb.com.ar\/web\/wp-content\/uploads\/2026\/08\/IMG-20260830-WA0069.jpg?w=1600&amp;ssl=1 1600w, https:\/\/i0.wp.com\/elterritorialweb.com.ar\/web\/wp-content\/uploads\/2026\/08\/IMG-20260830-WA0069.jpg?w=1280 1280w\" data-sizes=\"(max-width: 640px) 100vw, 640px\" src=\"data:image\/svg+xml;base64,PHN2ZyB3aWR0aD0iMSIgaGVpZ2h0PSIxIiB4bWxucz0iaHR0cDovL3d3dy53My5vcmcvMjAwMC9zdmciPjwvc3ZnPg==\" style=\"--smush-placeholder-width: 640px; --smush-placeholder-aspect-ratio: 640\/428;\" \/><\/a><\/figure>\n\n\n\n<p class=\"wp-block-paragraph\">Por su parte, el conjunto salte\u00f1o comandado por <strong>Alexis Matteo<\/strong> se par\u00f3 con Fabricio Hass bajo los tres palos; Pablo Rosales, Agust\u00edn Lamosa, El\u00edas Calder\u00f3n y Pedro Sanz en la \u00faltima l\u00ednea; Mat\u00edas Moravec, Gianluca Mancuso, Ra\u00fal Virrarreal y Tom\u00e1s Castro en la zona de volantes; complementando el ataque con Juan Bustinduy y Francisco Borda.<\/p>\n\n\n\n<p class=\"wp-block-paragraph\">La primera mitad mostr\u00f3 una paridad t\u00e1ctica que se rompi\u00f3 en el tramo final con una r\u00e1faga del conjunto santiague\u00f1o. A los 42 minutos, <strong>Marcos Machado<\/strong> frot\u00f3 la l\u00e1mpara para poner el 1 a 0 parcial y, cuando el descanso acechaba, el ingresado <strong>Juan Pablo Z\u00e1rate<\/strong> capitaliz\u00f3 su oportunidad a los 45 minutos para estirar la ventaja y desatar la euforia en las tribunas.<\/p>\n\n\n\n<figure class=\"wp-block-image size-large\"><a href=\"https:\/\/i0.wp.com\/elterritorialweb.com.ar\/web\/wp-content\/uploads\/2026\/08\/IMG-20260830-WA0071.jpg\"><img data-recalc-dims=\"1\" decoding=\"async\" width=\"640\" height=\"426\" data-src=\"https:\/\/i0.wp.com\/elterritorialweb.com.ar\/web\/wp-content\/uploads\/2026\/08\/IMG-20260830-WA0071.jpg?resize=640%2C426\" alt=\"\" class=\"wp-image-88198 lazyload\" data-srcset=\"https:\/\/i0.wp.com\/elterritorialweb.com.ar\/web\/wp-content\/uploads\/2026\/08\/IMG-20260830-WA0071.jpg?resize=1024%2C682&amp;ssl=1 1024w, https:\/\/i0.wp.com\/elterritorialweb.com.ar\/web\/wp-content\/uploads\/2026\/08\/IMG-20260830-WA0071.jpg?resize=300%2C200&amp;ssl=1 300w, https:\/\/i0.wp.com\/elterritorialweb.com.ar\/web\/wp-content\/uploads\/2026\/08\/IMG-20260830-WA0071.jpg?resize=768%2C512&amp;ssl=1 768w, https:\/\/i0.wp.com\/elterritorialweb.com.ar\/web\/wp-content\/uploads\/2026\/08\/IMG-20260830-WA0071.jpg?resize=1536%2C1023&amp;ssl=1 1536w, https:\/\/i0.wp.com\/elterritorialweb.com.ar\/web\/wp-content\/uploads\/2026\/08\/IMG-20260830-WA0071.jpg?w=1600&amp;ssl=1 1600w, https:\/\/i0.wp.com\/elterritorialweb.com.ar\/web\/wp-content\/uploads\/2026\/08\/IMG-20260830-WA0071.jpg?w=1280 1280w\" data-sizes=\"(max-width: 640px) 100vw, 640px\" src=\"data:image\/svg+xml;base64,PHN2ZyB3aWR0aD0iMSIgaGVpZ2h0PSIxIiB4bWxucz0iaHR0cDovL3d3dy53My5vcmcvMjAwMC9zdmciPjwvc3ZnPg==\" style=\"--smush-placeholder-width: 640px; --smush-placeholder-aspect-ratio: 640\/426;\" \/><\/a><\/figure>\n\n\n\n<p class=\"wp-block-paragraph\">En el complemento, la visita movi\u00f3 el banco con variantes ofensivas y comenz\u00f3 a adelantar sus l\u00edneas frente a un Mitre que intent\u00f3 refrescar el mediocampo con las variantes de Oscar Garrido, Facundo Minissale y Santiago Rodr\u00edguez. Cuando el partido parec\u00eda controlado, la fortuna le jug\u00f3 una mala pasada al local a los 85 minutos con un gol en contra del defensor <strong>Maximiliano Romero<\/strong>, d\u00e1ndole vida a los salte\u00f1os. Ya en tiempo de descuento, a los 95 minutos, el delantero <strong>Francisco Borda<\/strong> capitaliz\u00f3 la \u00faltima pelota de la tarde para decretar el definitivo 2 a 2.<\/p>\n\n\n\n<p class=\"wp-block-paragraph\">Con este resultado, la escuadra santiague\u00f1a se ubica en el <strong>puesto 11 de la tabla de posiciones con 30 puntos<\/strong>, manteni\u00e9ndose a la expectativa en el torneo. Sin tiempo para lamentos, Mitre ya piensa en su pr\u00f3ximo compromiso, el cual se disputar\u00e1 el <strong>pr\u00f3ximo viernes 4 de septiembre a las 20 horas<\/strong>, cuando enfrente al <strong>Club Ferrocarril Oeste<\/strong> en la provincia de Buenos Aires en condici\u00f3n de visitante.<\/p>\n","protected":false},"excerpt":{"rendered":"<p>En un final electrizante en el barrio 8 de Abril, el \u00abAurinegro\u00bb ganaba por dos goles pero el \u00abCuervo\u00bb reaccion\u00f3 en el complemento para sellar un emotivo 2 a 2.<\/p>\n","protected":false},"author":2,"featured_media":88197,"comment_status":"open","ping_status":"open","sticky":false,"template":"","format":"standard","meta":{"om_disable_all_campaigns":false,"_monsterinsights_skip_tracking":false,"_uf_show_specific_survey":0,"_uf_disable_surveys":false,"_jetpack_newsletter_access":"","_jetpack_dont_email_post_to_subs":false,"_jetpack_newsletter_tier_id":0,"_jetpack_memberships_contains_paywalled_content":false,"_jetpack_feature_clip_id":0,"_jetpack_memberships_contains_paid_content":false,"footnotes":"","jetpack_publicize_message":"","jetpack_publicize_feature_enabled":true,"jetpack_social_post_already_shared":true,"jetpack_social_options":{"image_generator_settings":{"template":"highway","default_image_id":0,"font":"","enabled":false},"version":2},"jetpack_post_was_ever_published":false},"categories":[6,4],"tags":[1424,1717,94],"class_list":["post-88196","post","type-post","status-publish","format-standard","has-post-thumbnail","hentry","category-deportes","category-destacadas","tag-central-norte-de-salta","tag-club-atletico-mitre-2","tag-primera-nacional"],"aioseo_notices":[],"views":9,"jetpack_publicize_connections":[],"jetpack_sharing_enabled":true,"jetpack_featured_media_url":"https:\/\/i0.wp.com\/elterritorialweb.com.ar\/web\/wp-content\/uploads\/2026\/08\/IMG-20260830-WA0070.jpg?fit=1600%2C1066&ssl=1","_links":{"self":[{"href":"https:\/\/elterritorialweb.com.ar\/web\/wp-json\/wp\/v2\/posts\/88196","targetHints":{"allow":["GET"]}}],"collection":[{"href":"https:\/\/elterritorialweb.com.ar\/web\/wp-json\/wp\/v2\/posts"}],"about":[{"href":"https:\/\/elterritorialweb.com.ar\/web\/wp-json\/wp\/v2\/types\/post"}],"author":[{"embeddable":true,"href":"https:\/\/elterritorialweb.com.ar\/web\/wp-json\/wp\/v2\/users\/2"}],"replies":[{"embeddable":true,"href":"https:\/\/elterritorialweb.com.ar\/web\/wp-json\/wp\/v2\/comments?post=88196"}],"version-history":[{"count":1,"href":"https:\/\/elterritorialweb.com.ar\/web\/wp-json\/wp\/v2\/posts\/88196\/revisions"}],"predecessor-version":[{"id":88201,"href":"https:\/\/elterritorialweb.com.ar\/web\/wp-json\/wp\/v2\/posts\/88196\/revisions\/88201"}],"wp:featuredmedia":[{"embeddable":true,"href":"https:\/\/elterritorialweb.com.ar\/web\/wp-json\/wp\/v2\/media\/88197"}],"wp:attachment":[{"href":"https:\/\/elterritorialweb.com.ar\/web\/wp-json\/wp\/v2\/media?parent=88196"}],"wp:term":[{"taxonomy":"category","embeddable":true,"href":"https:\/\/elterritorialweb.com.ar\/web\/wp-json\/wp\/v2\/categories?post=88196"},{"taxonomy":"post_tag","embeddable":true,"href":"https:\/\/elterritorialweb.com.ar\/web\/wp-json\/wp\/v2\/tags?post=88196"}],"curies":[{"name":"wp","href":"https:\/\/api.w.org\/{rel}","templated":true}]}}