{"id":88202,"date":"2026-08-31T01:31:15","date_gmt":"2026-08-31T01:31:15","guid":{"rendered":"https:\/\/elterritorialweb.com.ar\/web\/?p=88202"},"modified":"2026-08-31T01:31:18","modified_gmt":"2026-08-31T01:31:18","slug":"river-plate-logro-un-agonico-triunfo-en-el-debut-de-ponzio-como-entrenador","status":"publish","type":"post","link":"https:\/\/elterritorialweb.com.ar\/web\/river-plate-logro-un-agonico-triunfo-en-el-debut-de-ponzio-como-entrenador\/","title":{"rendered":"RIVER PLATE LOGR\u00d3 UN AG\u00d3NICO TRIUNFO EN EL DEBUT DE PONZIO COMO ENTRENADOR"},"content":{"rendered":"\n<p class=\"wp-block-paragraph\">El debut de <strong>Leonardo Ponzio como director t\u00e9cnico interino<\/strong> trajo el alivio que tanto necesitaba N\u00fa\u00f1ez. Tras la destituci\u00f3n de Eduardo Coudet, <strong>River Plate venci\u00f3 hoy 3-2 a Banfield<\/strong> en condici\u00f3n de visitante, logrando cortar una racha negativa en un partido que tuvo absolutamente de todo. <\/p>\n\n\n\n<p class=\"wp-block-paragraph\">El encuentro comenz\u00f3 favorable para el conjunto millonario, que mostr\u00f3 una cara renovada desde la actitud y la propuesta ofensiva. <strong>Sebasti\u00e1n Driussi<\/strong> abri\u00f3 el marcador para la visita tras una gran jugada colectiva, imponiendo condiciones desde temprano. Poco despu\u00e9s, tras una infracci\u00f3n dentro del \u00e1rea, <strong>Thiago Almada se encarg\u00f3 de ejecutar un penal preciso<\/strong> para estampar el segundo grito de la tarde, lo que signific\u00f3 adem\u00e1s <strong>su primer tanto oficial con la camiseta del club<\/strong>.<\/p>\n\n\n\n<figure class=\"wp-block-image size-large\"><a href=\"https:\/\/i0.wp.com\/elterritorialweb.com.ar\/web\/wp-content\/uploads\/2026\/08\/HQ_YfghXAAAxPpa.jpg\"><img data-recalc-dims=\"1\" decoding=\"async\" width=\"640\" height=\"426\" data-src=\"https:\/\/i0.wp.com\/elterritorialweb.com.ar\/web\/wp-content\/uploads\/2026\/08\/HQ_YfghXAAAxPpa.jpg?resize=640%2C426\" alt=\"\" class=\"wp-image-88204 lazyload\" data-srcset=\"https:\/\/i0.wp.com\/elterritorialweb.com.ar\/web\/wp-content\/uploads\/2026\/08\/HQ_YfghXAAAxPpa.jpg?resize=1024%2C682&amp;ssl=1 1024w, https:\/\/i0.wp.com\/elterritorialweb.com.ar\/web\/wp-content\/uploads\/2026\/08\/HQ_YfghXAAAxPpa.jpg?resize=300%2C200&amp;ssl=1 300w, https:\/\/i0.wp.com\/elterritorialweb.com.ar\/web\/wp-content\/uploads\/2026\/08\/HQ_YfghXAAAxPpa.jpg?resize=768%2C512&amp;ssl=1 768w, https:\/\/i0.wp.com\/elterritorialweb.com.ar\/web\/wp-content\/uploads\/2026\/08\/HQ_YfghXAAAxPpa.jpg?resize=1536%2C1023&amp;ssl=1 1536w, https:\/\/i0.wp.com\/elterritorialweb.com.ar\/web\/wp-content\/uploads\/2026\/08\/HQ_YfghXAAAxPpa.jpg?w=1600&amp;ssl=1 1600w, https:\/\/i0.wp.com\/elterritorialweb.com.ar\/web\/wp-content\/uploads\/2026\/08\/HQ_YfghXAAAxPpa.jpg?w=1280 1280w\" data-sizes=\"(max-width: 640px) 100vw, 640px\" src=\"data:image\/svg+xml;base64,PHN2ZyB3aWR0aD0iMSIgaGVpZ2h0PSIxIiB4bWxucz0iaHR0cDovL3d3dy53My5vcmcvMjAwMC9zdmciPjwvc3ZnPg==\" style=\"--smush-placeholder-width: 640px; --smush-placeholder-aspect-ratio: 640\/426;\" \/><\/a><\/figure>\n\n\n\n<p class=\"wp-block-paragraph\">A pesar de la desventaja inicial, el Taladro no baj\u00f3 los brazos y comenz\u00f3 a presionar, sacando provecho de las falencias defensivas que el Millonario todav\u00eda arrastra. El delantero <strong>Bruno Sep\u00falveda se convirti\u00f3 en la pesadilla de la zaga millonaria<\/strong> y descont\u00f3 por duplicado, poniendo a tiro al conjunto local y llenando de incertidumbre el tramo final del cotejo. <\/p>\n\n\n\n<p class=\"wp-block-paragraph\">Sin embargo, la jerarqu\u00eda individual volvi\u00f3 a inclinar la balanza cuando <strong>\u00c1ngel Correa anot\u00f3 el tercer gol definitivo<\/strong> para los de Ponzio tras un letal contraataque. El cierre del partido roz\u00f3 el drama absoluto en el sur del Gran Buenos Aires, ya que en la \u00faltima jugada del tiempo de descuento, todo Banfield festej\u00f3 lo que parec\u00eda la igualdad heroica. <\/p>\n\n\n\n<figure class=\"wp-block-image size-large\"><a href=\"https:\/\/i0.wp.com\/elterritorialweb.com.ar\/web\/wp-content\/uploads\/2026\/08\/HQ_4qvEWAAAnSH3.jpg\"><img data-recalc-dims=\"1\" decoding=\"async\" width=\"640\" height=\"640\" data-src=\"https:\/\/i0.wp.com\/elterritorialweb.com.ar\/web\/wp-content\/uploads\/2026\/08\/HQ_4qvEWAAAnSH3.jpg?resize=640%2C640\" alt=\"\" class=\"wp-image-88205 lazyload\" data-srcset=\"https:\/\/i0.wp.com\/elterritorialweb.com.ar\/web\/wp-content\/uploads\/2026\/08\/HQ_4qvEWAAAnSH3.jpg?resize=1024%2C1024&amp;ssl=1 1024w, https:\/\/i0.wp.com\/elterritorialweb.com.ar\/web\/wp-content\/uploads\/2026\/08\/HQ_4qvEWAAAnSH3.jpg?resize=300%2C300&amp;ssl=1 300w, https:\/\/i0.wp.com\/elterritorialweb.com.ar\/web\/wp-content\/uploads\/2026\/08\/HQ_4qvEWAAAnSH3.jpg?resize=150%2C150&amp;ssl=1 150w, https:\/\/i0.wp.com\/elterritorialweb.com.ar\/web\/wp-content\/uploads\/2026\/08\/HQ_4qvEWAAAnSH3.jpg?resize=768%2C768&amp;ssl=1 768w, https:\/\/i0.wp.com\/elterritorialweb.com.ar\/web\/wp-content\/uploads\/2026\/08\/HQ_4qvEWAAAnSH3.jpg?resize=1536%2C1536&amp;ssl=1 1536w, https:\/\/i0.wp.com\/elterritorialweb.com.ar\/web\/wp-content\/uploads\/2026\/08\/HQ_4qvEWAAAnSH3.jpg?w=1706&amp;ssl=1 1706w, https:\/\/i0.wp.com\/elterritorialweb.com.ar\/web\/wp-content\/uploads\/2026\/08\/HQ_4qvEWAAAnSH3.jpg?w=1280 1280w\" data-sizes=\"(max-width: 640px) 100vw, 640px\" src=\"data:image\/svg+xml;base64,PHN2ZyB3aWR0aD0iMSIgaGVpZ2h0PSIxIiB4bWxucz0iaHR0cDovL3d3dy53My5vcmcvMjAwMC9zdmciPjwvc3ZnPg==\" style=\"--smush-placeholder-width: 640px; --smush-placeholder-aspect-ratio: 640\/640;\" \/><\/a><\/figure>\n\n\n\n<p class=\"wp-block-paragraph\">No obstante, <strong>el VAR intervino para anular de forma milim\u00e9trica el gol del empate definitivo<\/strong> por una posici\u00f3n adelantada casi imperceptible, desatando el festejo contenido de un River que respira y empieza una nueva etapa con el pie derecho.<\/p>\n\n\n\n<p class=\"wp-block-paragraph\"><\/p>\n","protected":false},"excerpt":{"rendered":"<p>El Millonario venci\u00f3 3-2 a Banfield en el Florencio Sola con goles de Driussi, Almada y Correa, en una tarde cargada de emociones y suspenso por el VAR.<\/p>\n","protected":false},"author":2,"featured_media":88203,"comment_status":"open","ping_status":"open","sticky":false,"template":"","format":"standard","meta":{"om_disable_all_campaigns":false,"_monsterinsights_skip_tracking":false,"_uf_show_specific_survey":0,"_uf_disable_surveys":false,"_jetpack_newsletter_access":"","_jetpack_dont_email_post_to_subs":false,"_jetpack_newsletter_tier_id":0,"_jetpack_memberships_contains_paywalled_content":false,"_jetpack_feature_clip_id":0,"_jetpack_memberships_contains_paid_content":false,"footnotes":"","jetpack_publicize_message":"","jetpack_publicize_feature_enabled":true,"jetpack_social_post_already_shared":true,"jetpack_social_options":{"image_generator_settings":{"template":"highway","default_image_id":0,"font":"","enabled":false},"version":2},"jetpack_post_was_ever_published":false},"categories":[6,4],"tags":[921,104,44],"class_list":["post-88202","post","type-post","status-publish","format-standard","has-post-thumbnail","hentry","category-deportes","category-destacadas","tag-club-atletico-banfield","tag-liga-profesional-de-futbol","tag-river-plate"],"aioseo_notices":[],"views":7,"jetpack_publicize_connections":[],"jetpack_sharing_enabled":true,"jetpack_featured_media_url":"https:\/\/i0.wp.com\/elterritorialweb.com.ar\/web\/wp-content\/uploads\/2026\/08\/HQ_j7JbXoAAYrmy.jpg?fit=1345%2C896&ssl=1","_links":{"self":[{"href":"https:\/\/elterritorialweb.com.ar\/web\/wp-json\/wp\/v2\/posts\/88202","targetHints":{"allow":["GET"]}}],"collection":[{"href":"https:\/\/elterritorialweb.com.ar\/web\/wp-json\/wp\/v2\/posts"}],"about":[{"href":"https:\/\/elterritorialweb.com.ar\/web\/wp-json\/wp\/v2\/types\/post"}],"author":[{"embeddable":true,"href":"https:\/\/elterritorialweb.com.ar\/web\/wp-json\/wp\/v2\/users\/2"}],"replies":[{"embeddable":true,"href":"https:\/\/elterritorialweb.com.ar\/web\/wp-json\/wp\/v2\/comments?post=88202"}],"version-history":[{"count":1,"href":"https:\/\/elterritorialweb.com.ar\/web\/wp-json\/wp\/v2\/posts\/88202\/revisions"}],"predecessor-version":[{"id":88206,"href":"https:\/\/elterritorialweb.com.ar\/web\/wp-json\/wp\/v2\/posts\/88202\/revisions\/88206"}],"wp:featuredmedia":[{"embeddable":true,"href":"https:\/\/elterritorialweb.com.ar\/web\/wp-json\/wp\/v2\/media\/88203"}],"wp:attachment":[{"href":"https:\/\/elterritorialweb.com.ar\/web\/wp-json\/wp\/v2\/media?parent=88202"}],"wp:term":[{"taxonomy":"category","embeddable":true,"href":"https:\/\/elterritorialweb.com.ar\/web\/wp-json\/wp\/v2\/categories?post=88202"},{"taxonomy":"post_tag","embeddable":true,"href":"https:\/\/elterritorialweb.com.ar\/web\/wp-json\/wp\/v2\/tags?post=88202"}],"curies":[{"name":"wp","href":"https:\/\/api.w.org\/{rel}","templated":true}]}}