{"id":88207,"date":"2026-08-31T01:36:50","date_gmt":"2026-08-31T01:36:50","guid":{"rendered":"https:\/\/elterritorialweb.com.ar\/web\/?p=88207"},"modified":"2026-08-31T01:36:52","modified_gmt":"2026-08-31T01:36:52","slug":"joaquin-lopez-lorenz-vengo-a-trabajar-mucho","status":"publish","type":"post","link":"https:\/\/elterritorialweb.com.ar\/web\/joaquin-lopez-lorenz-vengo-a-trabajar-mucho\/","title":{"rendered":"JOAQU\u00cdN L\u00d3PEZ LORENZ: \u201cVENGO A TRABAJAR MUCHO\u201d"},"content":{"rendered":"\n<p class=\"wp-block-paragraph\">El plantel de <strong>Ol\u00edmpico<\/strong> sigue sumando piezas de cara a la pr\u00f3xima temporada y la llegada de <strong>Joaqu\u00edn L\u00f3pez Lorenz<\/strong> genera grandes expectativas. El joven interno, <strong>formado \u00edntegramente en Obras Sanitarias<\/strong> donde realiz\u00f3 todo su proceso formativo hasta debutar en la m\u00e1xima categor\u00eda del b\u00e1squet argentino, inicia un <strong>nuevo desaf\u00edo en su carrera<\/strong> con el foco puesto en el crecimiento personal y el trabajo colectivo.<\/p>\n\n\n\n<p class=\"wp-block-paragraph\">\u200bCon la humildad y el dinamismo que lo caracterizan, el jugador asumi\u00f3 este traspaso con absoluta dedicaci\u00f3n. <strong>\u201cVengo con la expectativa de trabajar mucho. Siento que somos un equipo que puede competir y estoy preparado para empezar a trabajar\u201d<\/strong>, afirm\u00f3 con solidez sobre sus primeros d\u00edas integrado a la disciplina del equipo bande\u00f1o.<\/p>\n\n\n\n<p class=\"wp-block-paragraph\">\u200bConsciente del rol que le toca asumir dentro de una estructura competitiva, el pivote comprende que el camino requiere paciencia y constancia diaria. Al analizar lo que puede entregarle al esquema t\u00e1ctico, remarc\u00f3 que su principal sello ser\u00e1 la entrega f\u00edsica. <strong>\u201cPuedo aportar mi energ\u00eda. Soy bastante joven y s\u00e9 que tengo que arrancar de atr\u00e1s, trabajando para poder sumar lo m\u00e1ximo posible al equipo\u201d<\/strong>, asegur\u00f3.<\/p>\n\n\n\n<p class=\"wp-block-paragraph\">\u200bSu v\u00ednculo con el <strong>Negro de La Banda<\/strong> no es completamente nuevo, ya que hab\u00eda transitado por el predio en compromisos previos vinculados a su paso por la <strong>Selecci\u00f3n Argentina<\/strong>. Sin embargo, experimentar la rutina de la instituci\u00f3n en el d\u00eda a d\u00eda le dio una perspectiva totalmente renovada del entorno. <strong>\u201cMe parece un club muy lindo, con tres muy buenas canchas. Es una muy buena instituci\u00f3n para poder seguir trabajando y desarroll\u00e1ndome como jugador\u201d<\/strong>, ponder\u00f3 al evaluar la infraestructura que tendr\u00e1 a disposici\u00f3n durante todo el torneo.<\/p>\n\n\n\n<p class=\"wp-block-paragraph\">\u200bCon la ilusi\u00f3n intacta y la pretemporada en marcha, el pivote cerr\u00f3 su carta de presentaci\u00f3n envi\u00e1ndole un mensaje directo a toda la parcialidad de Ol\u00edmpico: <strong>\u201cVamos con todo esta temporada. A meterle\u201d<\/strong>.<\/p>\n","protected":false},"excerpt":{"rendered":"<p>\u200bEl nuevo interno de Ol\u00edmpico transita sus primeros d\u00edas en el club de La Banda, enfocado en sumar energ\u00eda, ganarse un lugar y potenciar su desarrollo en la Liga Nacional.<\/p>\n","protected":false},"author":2,"featured_media":88208,"comment_status":"open","ping_status":"open","sticky":false,"template":"","format":"standard","meta":{"om_disable_all_campaigns":false,"_monsterinsights_skip_tracking":false,"_uf_show_specific_survey":0,"_uf_disable_surveys":false,"_jetpack_newsletter_access":"","_jetpack_dont_email_post_to_subs":false,"_jetpack_newsletter_tier_id":0,"_jetpack_memberships_contains_paywalled_content":false,"_jetpack_feature_clip_id":0,"_jetpack_memberships_contains_paid_content":false,"footnotes":"","jetpack_publicize_message":"","jetpack_publicize_feature_enabled":true,"jetpack_social_post_already_shared":true,"jetpack_social_options":{"image_generator_settings":{"template":"highway","default_image_id":0,"font":"","enabled":false},"version":2},"jetpack_post_was_ever_published":false},"categories":[6,4],"tags":[707,1887],"class_list":["post-88207","post","type-post","status-publish","format-standard","has-post-thumbnail","hentry","category-deportes","category-destacadas","tag-club-ciclista-olimpico","tag-joaquin-lopez-lorenz"],"aioseo_notices":[],"views":7,"jetpack_publicize_connections":[],"jetpack_sharing_enabled":true,"jetpack_featured_media_url":"https:\/\/i0.wp.com\/elterritorialweb.com.ar\/web\/wp-content\/uploads\/2026\/08\/Screenshot_20260830_223257_Chrome.jpg?fit=726%2C498&ssl=1","_links":{"self":[{"href":"https:\/\/elterritorialweb.com.ar\/web\/wp-json\/wp\/v2\/posts\/88207","targetHints":{"allow":["GET"]}}],"collection":[{"href":"https:\/\/elterritorialweb.com.ar\/web\/wp-json\/wp\/v2\/posts"}],"about":[{"href":"https:\/\/elterritorialweb.com.ar\/web\/wp-json\/wp\/v2\/types\/post"}],"author":[{"embeddable":true,"href":"https:\/\/elterritorialweb.com.ar\/web\/wp-json\/wp\/v2\/users\/2"}],"replies":[{"embeddable":true,"href":"https:\/\/elterritorialweb.com.ar\/web\/wp-json\/wp\/v2\/comments?post=88207"}],"version-history":[{"count":1,"href":"https:\/\/elterritorialweb.com.ar\/web\/wp-json\/wp\/v2\/posts\/88207\/revisions"}],"predecessor-version":[{"id":88209,"href":"https:\/\/elterritorialweb.com.ar\/web\/wp-json\/wp\/v2\/posts\/88207\/revisions\/88209"}],"wp:featuredmedia":[{"embeddable":true,"href":"https:\/\/elterritorialweb.com.ar\/web\/wp-json\/wp\/v2\/media\/88208"}],"wp:attachment":[{"href":"https:\/\/elterritorialweb.com.ar\/web\/wp-json\/wp\/v2\/media?parent=88207"}],"wp:term":[{"taxonomy":"category","embeddable":true,"href":"https:\/\/elterritorialweb.com.ar\/web\/wp-json\/wp\/v2\/categories?post=88207"},{"taxonomy":"post_tag","embeddable":true,"href":"https:\/\/elterritorialweb.com.ar\/web\/wp-json\/wp\/v2\/tags?post=88207"}],"curies":[{"name":"wp","href":"https:\/\/api.w.org\/{rel}","templated":true}]}}