{"id":88233,"date":"2026-08-31T15:02:12","date_gmt":"2026-08-31T15:02:12","guid":{"rendered":"https:\/\/elterritorialweb.com.ar\/web\/?p=88233"},"modified":"2026-08-31T15:02:14","modified_gmt":"2026-08-31T15:02:14","slug":"estudiantes-de-la-favaloro-se-despidieron-de-la-canada","status":"publish","type":"post","link":"https:\/\/elterritorialweb.com.ar\/web\/estudiantes-de-la-favaloro-se-despidieron-de-la-canada\/","title":{"rendered":"ESTUDIANTES DE LA FAVALORO SE DESPIDIERON DE LA CA\u00d1ADA"},"content":{"rendered":"\n<p class=\"wp-block-paragraph\">\u200bSe trata de <strong>Rafaela Altilio, Isabella Calandri, Julieta Lauzurica Malisia y Luc\u00eda Moreno<\/strong>, quienes culminaron su per\u00edodo de formaci\u00f3n pr\u00e1ctica con la realizaci\u00f3n de su <strong>examen final<\/strong>, cerrando una etapa marcada por el <strong>trabajo territorial<\/strong>, la cercan\u00eda con la comunidad y el <strong>compromiso profesional<\/strong>.<\/p>\n\n\n\n<p class=\"wp-block-paragraph\">\u200bLas futuras profesionales llevaron adelante sus actividades bajo la direcci\u00f3n del <strong>Dr. Santiago Abalos Mussi<\/strong>, participando activamente en acciones de prevenci\u00f3n, <strong>acompa\u00f1amiento a embarazadas<\/strong>, intervenciones en <strong>establecimientos educativos<\/strong> y talleres destinados a distintos sectores de la poblaci\u00f3n.<\/p>\n\n\n\n<figure class=\"wp-block-image size-full\"><a href=\"https:\/\/i0.wp.com\/elterritorialweb.com.ar\/web\/wp-content\/uploads\/2026\/08\/CanadaResidentes1.jpeg\"><img data-recalc-dims=\"1\" decoding=\"async\" width=\"640\" height=\"565\" data-src=\"https:\/\/i0.wp.com\/elterritorialweb.com.ar\/web\/wp-content\/uploads\/2026\/08\/CanadaResidentes1.jpeg?resize=640%2C565\" alt=\"\" class=\"wp-image-88235 lazyload\" data-srcset=\"https:\/\/i0.wp.com\/elterritorialweb.com.ar\/web\/wp-content\/uploads\/2026\/08\/CanadaResidentes1.jpeg?w=900&amp;ssl=1 900w, https:\/\/i0.wp.com\/elterritorialweb.com.ar\/web\/wp-content\/uploads\/2026\/08\/CanadaResidentes1.jpeg?resize=300%2C265&amp;ssl=1 300w, https:\/\/i0.wp.com\/elterritorialweb.com.ar\/web\/wp-content\/uploads\/2026\/08\/CanadaResidentes1.jpeg?resize=768%2C678&amp;ssl=1 768w\" data-sizes=\"(max-width: 640px) 100vw, 640px\" src=\"data:image\/svg+xml;base64,PHN2ZyB3aWR0aD0iMSIgaGVpZ2h0PSIxIiB4bWxucz0iaHR0cDovL3d3dy53My5vcmcvMjAwMC9zdmciPjwvc3ZnPg==\" style=\"--smush-placeholder-width: 640px; --smush-placeholder-aspect-ratio: 640\/565;\" \/><\/a><\/figure>\n\n\n\n<p class=\"wp-block-paragraph\">\u200bEl comisionado municipal de La Ca\u00f1ada, <strong>Cristian Abiakel<\/strong>, destac\u00f3 el impacto positivo que tuvo la presencia de las alumnas en la vida cotidiana de la localidad y agradeci\u00f3 profundamente la <strong>dedicaci\u00f3n demostrada<\/strong> durante su estad\u00eda. El jefe comunal expres\u00f3 que las j\u00f3venes no solo aportaron herramientas de salud, sino que construyeron un <strong>v\u00ednculo muy cercano<\/strong> con los vecinos, gan\u00e1ndose el cari\u00f1o y el respeto de todos por su <strong>calidez humana<\/strong>.<\/p>\n\n\n\n<p class=\"wp-block-paragraph\">\u200bAsimismo, Abiakel resalt\u00f3 que la labor trascendi\u00f3 el \u00e1mbito estrictamente sanitario para convertirse en una <strong>experiencia enriquecedora<\/strong> que dej\u00f3 una <strong>huella importante<\/strong> en la zona. El comisionado aprovech\u00f3 la oportunidad para valorar el respaldo de la <strong>Universidad Favaloro<\/strong> por confiar en la comunidad para la realizaci\u00f3n de las <strong>pr\u00e1cticas profesionales<\/strong> y agradeci\u00f3 la coordinaci\u00f3n del doctor Abalos Mussi. Finalmente, felicit\u00f3 a las flamantes egresadas por culminar exitosamente su etapa formativa, dese\u00e1ndoles el mayor de los \u00e9xitos en su futuro laboral y remarcando que <strong>La Ca\u00f1ada siempre tendr\u00e1 las puertas abiertas<\/strong> para recibirlas.<\/p>\n","protected":false},"excerpt":{"rendered":"<p>\u200bLa Comisi\u00f3n Municipal de La Ca\u00f1ada despidi\u00f3 y reconoci\u00f3 a un grupo de estudiantes de la Universidad Favaloro que durante dos meses y medio desarrollaron actividades sanitarias y comunitarias en la localidad, dejando una valiosa contribuci\u00f3n en materia de promoci\u00f3n de la salud y acompa\u00f1amiento a los vecinos.<\/p>\n","protected":false},"author":2,"featured_media":88234,"comment_status":"open","ping_status":"open","sticky":false,"template":"","format":"standard","meta":{"om_disable_all_campaigns":false,"_monsterinsights_skip_tracking":false,"_uf_show_specific_survey":0,"_uf_disable_surveys":false,"_jetpack_newsletter_access":"","_jetpack_dont_email_post_to_subs":false,"_jetpack_newsletter_tier_id":0,"_jetpack_memberships_contains_paywalled_content":false,"_jetpack_feature_clip_id":0,"_jetpack_memberships_contains_paid_content":false,"footnotes":"","jetpack_publicize_message":"","jetpack_publicize_feature_enabled":true,"jetpack_social_post_already_shared":true,"jetpack_social_options":{"image_generator_settings":{"template":"highway","default_image_id":0,"font":"","enabled":false},"version":2},"jetpack_post_was_ever_published":false},"categories":[4,35],"tags":[1467],"class_list":["post-88233","post","type-post","status-publish","format-standard","has-post-thumbnail","hentry","category-destacadas","category-interior","tag-la-canada"],"aioseo_notices":[],"views":3,"jetpack_publicize_connections":[],"jetpack_sharing_enabled":true,"jetpack_featured_media_url":"https:\/\/i0.wp.com\/elterritorialweb.com.ar\/web\/wp-content\/uploads\/2026\/08\/CanadaResidentes.jpeg?fit=1280%2C720&ssl=1","_links":{"self":[{"href":"https:\/\/elterritorialweb.com.ar\/web\/wp-json\/wp\/v2\/posts\/88233","targetHints":{"allow":["GET"]}}],"collection":[{"href":"https:\/\/elterritorialweb.com.ar\/web\/wp-json\/wp\/v2\/posts"}],"about":[{"href":"https:\/\/elterritorialweb.com.ar\/web\/wp-json\/wp\/v2\/types\/post"}],"author":[{"embeddable":true,"href":"https:\/\/elterritorialweb.com.ar\/web\/wp-json\/wp\/v2\/users\/2"}],"replies":[{"embeddable":true,"href":"https:\/\/elterritorialweb.com.ar\/web\/wp-json\/wp\/v2\/comments?post=88233"}],"version-history":[{"count":1,"href":"https:\/\/elterritorialweb.com.ar\/web\/wp-json\/wp\/v2\/posts\/88233\/revisions"}],"predecessor-version":[{"id":88236,"href":"https:\/\/elterritorialweb.com.ar\/web\/wp-json\/wp\/v2\/posts\/88233\/revisions\/88236"}],"wp:featuredmedia":[{"embeddable":true,"href":"https:\/\/elterritorialweb.com.ar\/web\/wp-json\/wp\/v2\/media\/88234"}],"wp:attachment":[{"href":"https:\/\/elterritorialweb.com.ar\/web\/wp-json\/wp\/v2\/media?parent=88233"}],"wp:term":[{"taxonomy":"category","embeddable":true,"href":"https:\/\/elterritorialweb.com.ar\/web\/wp-json\/wp\/v2\/categories?post=88233"},{"taxonomy":"post_tag","embeddable":true,"href":"https:\/\/elterritorialweb.com.ar\/web\/wp-json\/wp\/v2\/tags?post=88233"}],"curies":[{"name":"wp","href":"https:\/\/api.w.org\/{rel}","templated":true}]}}