{"id":88237,"date":"2026-08-31T22:54:59","date_gmt":"2026-08-31T22:54:59","guid":{"rendered":"https:\/\/elterritorialweb.com.ar\/web\/?p=88237"},"modified":"2026-08-31T22:55:01","modified_gmt":"2026-08-31T22:55:01","slug":"el-ministerio-de-produccion-y-el-consejo-de-veterinarios-firmaron-un-convenio-marco-para-fortalecer-la-sanidad-animal-en-la-provincia","status":"publish","type":"post","link":"https:\/\/elterritorialweb.com.ar\/web\/el-ministerio-de-produccion-y-el-consejo-de-veterinarios-firmaron-un-convenio-marco-para-fortalecer-la-sanidad-animal-en-la-provincia\/","title":{"rendered":"EL MINISTERIO DE PRODUCCI\u00d3N Y EL CONSEJO DE VETERINARIOS FIRMARON UN CONVENIO MARCO PARA FORTALECER LA SANIDAD ANIMAL EN LA PROVINCIA"},"content":{"rendered":"\n<p class=\"wp-block-paragraph\">\u200bEn un paso decisivo para el desarrollo productivo local, el <strong>Ministerio de Producci\u00f3n, Recursos Naturales, Forestaci\u00f3n y Tierras<\/strong> y el <strong>Consejo Profesional de M\u00e9dico Veterinarios<\/strong> formalizaron una alianza estrat\u00e9gica mediante la firma de un <strong>convenio marco de comodato y cooperaci\u00f3n<\/strong>. El encuentro se llev\u00f3 a cabo este lunes en el <strong>Vivero San Carlos de La Banda<\/strong>, donde estamparon su r\u00fabrica el titular de la cartera productiva, <strong>N\u00e9stor Machado<\/strong>, y el presidente de la entidad veterinaria, <strong>Mart\u00edn Victorio K\u00fchn<\/strong>.<\/p>\n\n\n\n<p class=\"wp-block-paragraph\">\u200bEl eje central del acuerdo radica en la puesta en funcionamiento y gesti\u00f3n del <strong>Laboratorio Provincial de Diagn\u00f3stico Veterinario<\/strong>. Esta iniciativa busca recuperar la infraestructura y el equipamiento disponibles para ampliar de manera progresiva las prestaciones destinadas a los productores. Una de las metas prioritarias ser\u00e1 tramitar la <strong>habilitaci\u00f3n oficial ante el Senasa<\/strong> para integrar la <strong>Red Nacional de Laboratorios<\/strong> en el diagn\u00f3stico de <strong>brucelosis<\/strong> y otras patolog\u00edas de inter\u00e9s sanitario. Adem\u00e1s, se proyecta incorporar estudios de <strong>histopatolog\u00eda<\/strong>, an\u00e1lisis de <strong>enfermedades reproductivas de transmisi\u00f3n ven\u00e9rea<\/strong> y <strong>diagn\u00f3stico parasitol\u00f3gico<\/strong>.<\/p>\n\n\n\n<figure class=\"wp-block-image size-large\"><a href=\"https:\/\/i0.wp.com\/elterritorialweb.com.ar\/web\/wp-content\/uploads\/2026\/08\/1000559622-scaled.jpg?ssl=1\"><img data-recalc-dims=\"1\" decoding=\"async\" width=\"640\" height=\"427\" data-src=\"https:\/\/i0.wp.com\/elterritorialweb.com.ar\/web\/wp-content\/uploads\/2026\/08\/1000559622-1024x683.jpg?resize=640%2C427&#038;ssl=1\" alt=\"\" class=\"wp-image-88239 lazyload\" data-srcset=\"https:\/\/i0.wp.com\/elterritorialweb.com.ar\/web\/wp-content\/uploads\/2026\/08\/1000559622-scaled.jpg?resize=1024%2C683&amp;ssl=1 1024w, https:\/\/i0.wp.com\/elterritorialweb.com.ar\/web\/wp-content\/uploads\/2026\/08\/1000559622-scaled.jpg?resize=300%2C200&amp;ssl=1 300w, https:\/\/i0.wp.com\/elterritorialweb.com.ar\/web\/wp-content\/uploads\/2026\/08\/1000559622-scaled.jpg?resize=768%2C512&amp;ssl=1 768w, https:\/\/i0.wp.com\/elterritorialweb.com.ar\/web\/wp-content\/uploads\/2026\/08\/1000559622-scaled.jpg?resize=1536%2C1024&amp;ssl=1 1536w, https:\/\/i0.wp.com\/elterritorialweb.com.ar\/web\/wp-content\/uploads\/2026\/08\/1000559622-scaled.jpg?resize=2048%2C1365&amp;ssl=1 2048w, https:\/\/i0.wp.com\/elterritorialweb.com.ar\/web\/wp-content\/uploads\/2026\/08\/1000559622-scaled.jpg?w=1280 1280w, https:\/\/i0.wp.com\/elterritorialweb.com.ar\/web\/wp-content\/uploads\/2026\/08\/1000559622-scaled.jpg?w=1920 1920w\" data-sizes=\"(max-width: 640px) 100vw, 640px\" src=\"data:image\/svg+xml;base64,PHN2ZyB3aWR0aD0iMSIgaGVpZ2h0PSIxIiB4bWxucz0iaHR0cDovL3d3dy53My5vcmcvMjAwMC9zdmciPjwvc3ZnPg==\" style=\"--smush-placeholder-width: 640px; --smush-placeholder-aspect-ratio: 640\/427;\" \/><\/a><\/figure>\n\n\n\n<p class=\"wp-block-paragraph\">\u200bLa ejecuci\u00f3n del proyecto se estructurar\u00e1 de forma gradual. La primera fase abarcar\u00e1 la <strong>adecuaci\u00f3n edilicia<\/strong> junto con el inventario y adquisici\u00f3n de insumos. Posteriormente, se avanzar\u00e1 en la capacitaci\u00f3n del personal, la implementaci\u00f3n de un <strong>sistema de gesti\u00f3n de calidad<\/strong> y la obtenci\u00f3n de las certificaciones oficiales. En la etapa final se dar\u00e1 inicio a las prestaciones anal\u00edticas y al desarrollo integral del <strong>sistema provincial de vigilancia epidemiol\u00f3gica<\/strong>.<\/p>\n\n\n\n<p class=\"wp-block-paragraph\">\u200bDurante el acto, el ministro <strong>N\u00e9stor Machado<\/strong> remarc\u00f3 que este avance forma parte de la <strong>articulaci\u00f3n p\u00fablico-privada<\/strong> impulsada por el gobernador <strong>El\u00edas Suarez<\/strong> a trav\u00e9s del <strong>Consejo Econ\u00f3mico Social<\/strong>. El funcionario subray\u00f3 que la <strong>sanidad animal es un pilar estrat\u00e9gico<\/strong> en el desarrollo pecuario y enfatiz\u00f3 que el establecimiento cuenta con <strong>equipamiento de \u00faltima generaci\u00f3n<\/strong> para responder a las demandas de las cadenas <strong>bovina, porcina, caprina y ovina<\/strong>.<\/p>\n\n\n\n<p class=\"wp-block-paragraph\">\u200bA su turno, <strong>Mart\u00edn Victorio K\u00fchn<\/strong> valor\u00f3 el respaldo del Gobierno provincial y la confianza depositada en los profesionales del sector. El representante institucional ratific\u00f3 el compromiso del cuerpo profesional para trabajar con m\u00e1xima responsabilidad en el laboratorio, con el prop\u00f3sito fundamental de <strong>aumentar el trabajo productivo provincial<\/strong> y <strong>afianzar los lazos de trabajo interinstitucionales<\/strong>.<\/p>\n","protected":false},"excerpt":{"rendered":"<p>El Ministerio de Producci\u00f3n y el Consejo Profesional de M\u00e9dico Veterinarios acordaron implementar un modelo de gesti\u00f3n p\u00fablico-privado para optimizar el diagn\u00f3stico y la vigilancia sanitaria en el sector ganadero provincial.<\/p>\n","protected":false},"author":2,"featured_media":88238,"comment_status":"open","ping_status":"open","sticky":false,"template":"","format":"standard","meta":{"om_disable_all_campaigns":false,"_monsterinsights_skip_tracking":false,"_uf_show_specific_survey":0,"_uf_disable_surveys":false,"_jetpack_newsletter_access":"","_jetpack_dont_email_post_to_subs":false,"_jetpack_newsletter_tier_id":0,"_jetpack_memberships_contains_paywalled_content":false,"_jetpack_feature_clip_id":0,"_jetpack_memberships_contains_paid_content":false,"footnotes":"","jetpack_publicize_message":"","jetpack_publicize_feature_enabled":true,"jetpack_social_post_already_shared":true,"jetpack_social_options":{"image_generator_settings":{"template":"highway","default_image_id":0,"font":"","enabled":false},"version":2},"jetpack_post_was_ever_published":false},"categories":[4,21],"tags":[1888,742],"class_list":["post-88237","post","type-post","status-publish","format-standard","has-post-thumbnail","hentry","category-destacadas","category-locales","tag-consejo-de-veterinarios","tag-ministerio-de-produccion"],"aioseo_notices":[],"views":6,"jetpack_publicize_connections":[],"jetpack_sharing_enabled":true,"jetpack_featured_media_url":"https:\/\/i0.wp.com\/elterritorialweb.com.ar\/web\/wp-content\/uploads\/2026\/08\/IMG-20260831-WA0019-scaled.jpg?fit=2560%2C1707&ssl=1","_links":{"self":[{"href":"https:\/\/elterritorialweb.com.ar\/web\/wp-json\/wp\/v2\/posts\/88237","targetHints":{"allow":["GET"]}}],"collection":[{"href":"https:\/\/elterritorialweb.com.ar\/web\/wp-json\/wp\/v2\/posts"}],"about":[{"href":"https:\/\/elterritorialweb.com.ar\/web\/wp-json\/wp\/v2\/types\/post"}],"author":[{"embeddable":true,"href":"https:\/\/elterritorialweb.com.ar\/web\/wp-json\/wp\/v2\/users\/2"}],"replies":[{"embeddable":true,"href":"https:\/\/elterritorialweb.com.ar\/web\/wp-json\/wp\/v2\/comments?post=88237"}],"version-history":[{"count":1,"href":"https:\/\/elterritorialweb.com.ar\/web\/wp-json\/wp\/v2\/posts\/88237\/revisions"}],"predecessor-version":[{"id":88240,"href":"https:\/\/elterritorialweb.com.ar\/web\/wp-json\/wp\/v2\/posts\/88237\/revisions\/88240"}],"wp:featuredmedia":[{"embeddable":true,"href":"https:\/\/elterritorialweb.com.ar\/web\/wp-json\/wp\/v2\/media\/88238"}],"wp:attachment":[{"href":"https:\/\/elterritorialweb.com.ar\/web\/wp-json\/wp\/v2\/media?parent=88237"}],"wp:term":[{"taxonomy":"category","embeddable":true,"href":"https:\/\/elterritorialweb.com.ar\/web\/wp-json\/wp\/v2\/categories?post=88237"},{"taxonomy":"post_tag","embeddable":true,"href":"https:\/\/elterritorialweb.com.ar\/web\/wp-json\/wp\/v2\/tags?post=88237"}],"curies":[{"name":"wp","href":"https:\/\/api.w.org\/{rel}","templated":true}]}}