{"id":88241,"date":"2026-09-01T00:02:41","date_gmt":"2026-09-01T00:02:41","guid":{"rendered":"https:\/\/elterritorialweb.com.ar\/web\/?p=88241"},"modified":"2026-09-01T00:02:43","modified_gmt":"2026-09-01T00:02:43","slug":"mas-de-700-ninos-disfrutaron-de-un-gran-festival-del-dia-del-nino-en-el-club-besares-de-la-banda","status":"publish","type":"post","link":"https:\/\/elterritorialweb.com.ar\/web\/mas-de-700-ninos-disfrutaron-de-un-gran-festival-del-dia-del-nino-en-el-club-besares-de-la-banda\/","title":{"rendered":"M\u00c1S DE 700 NI\u00d1OS DISFRUTARON DE UN GRAN FESTIVAL DEL D\u00cdA DEL NI\u00d1O EN EL CLUB BESARES DE LA BANDA"},"content":{"rendered":"\n<p class=\"wp-block-paragraph\">\u200b\u200bCon una multitudinaria convocatoria, las instalaciones del <strong>Club Besares<\/strong> se vistieron de fiesta para recibir a <strong>m\u00e1s de 700 ni\u00f1os y ni\u00f1as<\/strong> en una tarde especialmente preparada para celebrar, compartir y regalar sonrisas. <\/p>\n\n\n\n<figure class=\"wp-block-image size-large\"><a href=\"https:\/\/i0.wp.com\/elterritorialweb.com.ar\/web\/wp-content\/uploads\/2026\/08\/IMG-20260831-WA0009.jpg\"><img data-recalc-dims=\"1\" decoding=\"async\" width=\"640\" height=\"481\" data-src=\"https:\/\/i0.wp.com\/elterritorialweb.com.ar\/web\/wp-content\/uploads\/2026\/08\/IMG-20260831-WA0009.jpg?resize=640%2C481\" alt=\"\" class=\"wp-image-88245 lazyload\" data-srcset=\"https:\/\/i0.wp.com\/elterritorialweb.com.ar\/web\/wp-content\/uploads\/2026\/08\/IMG-20260831-WA0009.jpg?resize=1024%2C770&amp;ssl=1 1024w, https:\/\/i0.wp.com\/elterritorialweb.com.ar\/web\/wp-content\/uploads\/2026\/08\/IMG-20260831-WA0009.jpg?resize=300%2C226&amp;ssl=1 300w, https:\/\/i0.wp.com\/elterritorialweb.com.ar\/web\/wp-content\/uploads\/2026\/08\/IMG-20260831-WA0009.jpg?resize=768%2C578&amp;ssl=1 768w, https:\/\/i0.wp.com\/elterritorialweb.com.ar\/web\/wp-content\/uploads\/2026\/08\/IMG-20260831-WA0009.jpg?w=1280&amp;ssl=1 1280w\" data-sizes=\"(max-width: 640px) 100vw, 640px\" src=\"data:image\/svg+xml;base64,PHN2ZyB3aWR0aD0iMSIgaGVpZ2h0PSIxIiB4bWxucz0iaHR0cDovL3d3dy53My5vcmcvMjAwMC9zdmciPjwvc3ZnPg==\" style=\"--smush-placeholder-width: 640px; --smush-placeholder-aspect-ratio: 640\/481;\" \/><\/a><\/figure>\n\n\n\n<p class=\"wp-block-paragraph\">La iniciativa fue el resultado directo del compromiso colectivo entre la <strong>Agrupaci\u00f3n del roperito solidarios \u201cAbrigando Almas\u201d<\/strong>, la <strong>ONG Sonrisas y Acci\u00f3n Solidaria<\/strong>, <strong>\u00c1ngeles Solidarios<\/strong>, <strong>Comunidad Activa<\/strong>, <strong>Barberos Solidarios<\/strong> y un numeroso grupo de comercios y vecinos que unieron esfuerzos para concretar la propuesta.<\/p>\n\n\n\n<figure class=\"wp-block-image size-large\"><a href=\"https:\/\/i0.wp.com\/elterritorialweb.com.ar\/web\/wp-content\/uploads\/2026\/08\/IMG-20260831-WA0006.jpg\"><img data-recalc-dims=\"1\" decoding=\"async\" width=\"640\" height=\"481\" data-src=\"https:\/\/i0.wp.com\/elterritorialweb.com.ar\/web\/wp-content\/uploads\/2026\/08\/IMG-20260831-WA0006.jpg?resize=640%2C481\" alt=\"\" class=\"wp-image-88244 lazyload\" data-srcset=\"https:\/\/i0.wp.com\/elterritorialweb.com.ar\/web\/wp-content\/uploads\/2026\/08\/IMG-20260831-WA0006.jpg?resize=1024%2C770&amp;ssl=1 1024w, https:\/\/i0.wp.com\/elterritorialweb.com.ar\/web\/wp-content\/uploads\/2026\/08\/IMG-20260831-WA0006.jpg?resize=300%2C226&amp;ssl=1 300w, https:\/\/i0.wp.com\/elterritorialweb.com.ar\/web\/wp-content\/uploads\/2026\/08\/IMG-20260831-WA0006.jpg?resize=768%2C578&amp;ssl=1 768w, https:\/\/i0.wp.com\/elterritorialweb.com.ar\/web\/wp-content\/uploads\/2026\/08\/IMG-20260831-WA0006.jpg?w=1280&amp;ssl=1 1280w\" data-sizes=\"(max-width: 640px) 100vw, 640px\" src=\"data:image\/svg+xml;base64,PHN2ZyB3aWR0aD0iMSIgaGVpZ2h0PSIxIiB4bWxucz0iaHR0cDovL3d3dy53My5vcmcvMjAwMC9zdmciPjwvc3ZnPg==\" style=\"--smush-placeholder-width: 640px; --smush-placeholder-aspect-ratio: 640\/481;\" \/><\/a><\/figure>\n\n\n\n<p class=\"wp-block-paragraph\">\u200bDurante el encuentro, los peque\u00f1os agasajados disfrutaron de <strong>chocolate con facturas y galletas<\/strong>, gaseosas, golosinas y una amplia variedad de <strong>juegos y peloteros<\/strong>. Seg\u00fan destac\u00f3 <strong>Kari Nu\u00f1ez<\/strong>, responsable de \u201cAbrigando Almas\u201d, la meta central se cumpli\u00f3 al ver la felicidad de los asistentes, quienes tambi\u00e9n aguardaron con entusiasmo la entrega de premios. Uno de los momentos cumbres de la tarde fue el <strong>sorteo de m\u00e1s de 250 regalos<\/strong>, entre los que se incluyeron <strong>juguetes, triciclos y bicicletas<\/strong>.<\/p>\n\n\n\n<p class=\"wp-block-paragraph\">\u200bEl marco festivo y familiar estuvo acompa\u00f1ado por una variada agenda art\u00edstica que incluy\u00f3 los <strong>shows en vivo de Suena Cumbia<\/strong> y la solista <strong>Caro Murillo<\/strong>, la presentaci\u00f3n del baile de <strong>Mat\u00edas Jackson<\/strong> junto al grupo <strong>\u201cFlow family\u201d<\/strong>, la m\u00fasica de los <strong>DJ\u00b4s Nico Olivera y Gabriel Gallo<\/strong>, el soporte t\u00e9cnico de <strong>\u201cCJS\u201d de Japo Daniel<\/strong> y la animaci\u00f3n de <strong>Pablito Marabotto y Ale Sosa<\/strong>.<\/p>\n\n\n\n<figure class=\"wp-block-image size-large\"><a href=\"https:\/\/i0.wp.com\/elterritorialweb.com.ar\/web\/wp-content\/uploads\/2026\/08\/IMG-20260831-WA0005.jpg\"><img data-recalc-dims=\"1\" decoding=\"async\" width=\"640\" height=\"360\" data-src=\"https:\/\/i0.wp.com\/elterritorialweb.com.ar\/web\/wp-content\/uploads\/2026\/08\/IMG-20260831-WA0005.jpg?resize=640%2C360\" alt=\"\" class=\"wp-image-88243 lazyload\" data-srcset=\"https:\/\/i0.wp.com\/elterritorialweb.com.ar\/web\/wp-content\/uploads\/2026\/08\/IMG-20260831-WA0005.jpg?resize=1024%2C576&amp;ssl=1 1024w, https:\/\/i0.wp.com\/elterritorialweb.com.ar\/web\/wp-content\/uploads\/2026\/08\/IMG-20260831-WA0005.jpg?resize=300%2C169&amp;ssl=1 300w, https:\/\/i0.wp.com\/elterritorialweb.com.ar\/web\/wp-content\/uploads\/2026\/08\/IMG-20260831-WA0005.jpg?resize=768%2C432&amp;ssl=1 768w, https:\/\/i0.wp.com\/elterritorialweb.com.ar\/web\/wp-content\/uploads\/2026\/08\/IMG-20260831-WA0005.jpg?resize=1536%2C864&amp;ssl=1 1536w, https:\/\/i0.wp.com\/elterritorialweb.com.ar\/web\/wp-content\/uploads\/2026\/08\/IMG-20260831-WA0005.jpg?w=1600&amp;ssl=1 1600w, https:\/\/i0.wp.com\/elterritorialweb.com.ar\/web\/wp-content\/uploads\/2026\/08\/IMG-20260831-WA0005.jpg?w=1280 1280w\" data-sizes=\"(max-width: 640px) 100vw, 640px\" src=\"data:image\/svg+xml;base64,PHN2ZyB3aWR0aD0iMSIgaGVpZ2h0PSIxIiB4bWxucz0iaHR0cDovL3d3dy53My5vcmcvMjAwMC9zdmciPjwvc3ZnPg==\" style=\"--smush-placeholder-width: 640px; --smush-placeholder-aspect-ratio: 640\/360;\" \/><\/a><\/figure>\n\n\n\n<p class=\"wp-block-paragraph\">\u200bPor su parte, <strong>Flor C\u00f3rdoba<\/strong>, referente de \u201cComunidad Activa\u201d, expres\u00f3 un profundo agradecimiento a todas las personas e instituciones que sumaron su tiempo y donaciones. La jornada demostr\u00f3 que el trabajo conjunto puede transformar una fecha en un <strong>recuerdo inolvidable<\/strong>, dejando como balance <strong>m\u00e1s de 700 sonrisas<\/strong> y reafirmando que, cuando la comunidad se organiza por un objetivo com\u00fan, la solidaridad se convierte en una fuerza transformadora.<\/p>\n","protected":false},"excerpt":{"rendered":"<p>Bajo el lema \u201cLa uni\u00f3n hace la fuerza\u201d, la jornada festiva combin\u00f3 juegos, shows en vivo, sorteos y una masiva red de solidaridad comunitaria.<\/p>\n","protected":false},"author":2,"featured_media":88242,"comment_status":"open","ping_status":"open","sticky":false,"template":"","format":"standard","meta":{"om_disable_all_campaigns":false,"_monsterinsights_skip_tracking":false,"_uf_show_specific_survey":0,"_uf_disable_surveys":false,"_jetpack_newsletter_access":"","_jetpack_dont_email_post_to_subs":false,"_jetpack_newsletter_tier_id":0,"_jetpack_memberships_contains_paywalled_content":false,"_jetpack_feature_clip_id":0,"_jetpack_memberships_contains_paid_content":false,"footnotes":"","jetpack_publicize_message":"","jetpack_publicize_feature_enabled":true,"jetpack_social_post_already_shared":true,"jetpack_social_options":{"image_generator_settings":{"template":"highway","default_image_id":0,"font":"","enabled":false},"version":2},"jetpack_post_was_ever_published":false},"categories":[9,4],"tags":[],"class_list":["post-88241","post","type-post","status-publish","format-standard","has-post-thumbnail","hentry","category-banda","category-destacadas"],"aioseo_notices":[],"views":3,"jetpack_publicize_connections":[],"jetpack_sharing_enabled":true,"jetpack_featured_media_url":"https:\/\/i0.wp.com\/elterritorialweb.com.ar\/web\/wp-content\/uploads\/2026\/08\/IMG-20260831-WA0004.jpg?fit=1600%2C900&ssl=1","_links":{"self":[{"href":"https:\/\/elterritorialweb.com.ar\/web\/wp-json\/wp\/v2\/posts\/88241","targetHints":{"allow":["GET"]}}],"collection":[{"href":"https:\/\/elterritorialweb.com.ar\/web\/wp-json\/wp\/v2\/posts"}],"about":[{"href":"https:\/\/elterritorialweb.com.ar\/web\/wp-json\/wp\/v2\/types\/post"}],"author":[{"embeddable":true,"href":"https:\/\/elterritorialweb.com.ar\/web\/wp-json\/wp\/v2\/users\/2"}],"replies":[{"embeddable":true,"href":"https:\/\/elterritorialweb.com.ar\/web\/wp-json\/wp\/v2\/comments?post=88241"}],"version-history":[{"count":1,"href":"https:\/\/elterritorialweb.com.ar\/web\/wp-json\/wp\/v2\/posts\/88241\/revisions"}],"predecessor-version":[{"id":88246,"href":"https:\/\/elterritorialweb.com.ar\/web\/wp-json\/wp\/v2\/posts\/88241\/revisions\/88246"}],"wp:featuredmedia":[{"embeddable":true,"href":"https:\/\/elterritorialweb.com.ar\/web\/wp-json\/wp\/v2\/media\/88242"}],"wp:attachment":[{"href":"https:\/\/elterritorialweb.com.ar\/web\/wp-json\/wp\/v2\/media?parent=88241"}],"wp:term":[{"taxonomy":"category","embeddable":true,"href":"https:\/\/elterritorialweb.com.ar\/web\/wp-json\/wp\/v2\/categories?post=88241"},{"taxonomy":"post_tag","embeddable":true,"href":"https:\/\/elterritorialweb.com.ar\/web\/wp-json\/wp\/v2\/tags?post=88241"}],"curies":[{"name":"wp","href":"https:\/\/api.w.org\/{rel}","templated":true}]}}