{"id":88247,"date":"2026-09-01T00:07:59","date_gmt":"2026-09-01T00:07:59","guid":{"rendered":"https:\/\/elterritorialweb.com.ar\/web\/?p=88247"},"modified":"2026-09-01T00:08:01","modified_gmt":"2026-09-01T00:08:01","slug":"la-unse-expande-su-escuela-de-emprendedores-y-lleva-capacitacion-gratuita-a-toda-la-provincia","status":"publish","type":"post","link":"https:\/\/elterritorialweb.com.ar\/web\/la-unse-expande-su-escuela-de-emprendedores-y-lleva-capacitacion-gratuita-a-toda-la-provincia\/","title":{"rendered":"LA UNSE EXPANDE SU ESCUELA DE EMPRENDEDORES Y LLEVA CAPACITACI\u00d3N GRATUITA A TODA LA PROVINCIA"},"content":{"rendered":"\n<p class=\"wp-block-paragraph\">Con el objetivo de promover el desarrollo socioecon\u00f3mico sustentable, la <strong>Universidad Nacional de Santiago del Estero (UNSE)<\/strong> relanz\u00f3 las actividades de su <strong>Escuela de Emprendedores<\/strong>, una iniciativa orientada a articular saberes acad\u00e9micos con las necesidades productivas de la regi\u00f3n. A trav\u00e9s del <strong>Programa UNSE para el Desarrollo Emprendedor y Fortalecimiento de las Econom\u00edas Locales<\/strong>, la casa de altos estudios busca consolidar alianzas estrat\u00e9gicas con <strong>municipios y comisiones municipales<\/strong> de todo el territorio santiague\u00f1o.<\/p>\n\n\n\n<p class=\"wp-block-paragraph\">\u200bLa convocatoria abarca un abanico amplio de actores territoriales, extendiendo sus contenidos a <strong>feriantes, artesanos, productores, trabajadores del sector textil y gastron\u00f3mico<\/strong>, as\u00ed como a cualquier vecino con intenciones de estructurar un proyecto productivo. Seg\u00fan detall\u00f3 <strong>Jos\u00e9 Certo<\/strong>, titular de la Escuela de Emprendedores, la meta principal reside en acercar instrumentos de formaci\u00f3n pr\u00e1ctica que permitan transformar ideas iniciales en iniciativas sustentables y consolidadas en el tiempo.<\/p>\n\n\n\n<p class=\"wp-block-paragraph\">\u200bEl sello distintivo de esta nueva etapa se fundamenta en su <strong>esp\u00edritu federal<\/strong>, una impronta que busca descentralizar la oferta educativa universitaria. Certo enfatiz\u00f3 que la propuesta consiste en llevar capacitaci\u00f3n directamente al territorio, adaptando las herramientas conceptuales a la realidad, identidad y demandas espec\u00edficas de cada comunidad en un trabajo conjunto con los gobiernos locales.<\/p>\n\n\n\n<p class=\"wp-block-paragraph\">\u200bEn t\u00e9rminos de estructura pedag\u00f3gica, la trayectora formativa comienza con una <strong>jornada comunitaria de sensibilizaci\u00f3n de dos horas<\/strong>, ideada para introducir conceptos clave e incentivar la participaci\u00f3n local. Posteriormente, la propuesta se profundiza mediante un <strong>curso intensivo de 20 horas de duraci\u00f3n<\/strong>, enfocado en \u00e1reas neur\u00e1lgicas para la viabilidad econ\u00f3mica de los proyectos, tales como <strong>precios, costos, ventas y planificaci\u00f3n financiera<\/strong>.<\/p>\n\n\n\n<p class=\"wp-block-paragraph\">\u200bComo complemento a esta malla curricular estandarizada, las gestiones locales cuentan con la facultad de requerir <strong>formaci\u00f3n a medida<\/strong> orientada a ejes tem\u00e1ticos espec\u00edficos, entre los que sobresalen la <strong>agregaci\u00f3n de valor, la econom\u00eda social y el turismo<\/strong>. Para poner en marcha este proceso de articulaci\u00f3n y transferencia acad\u00e9mica en cualquier punto de la provincia, los gobiernos locales solo deben presentar una <strong>nota de solicitud institucional<\/strong>, formalizando as\u00ed una alianza en la que la universidad aporta el conocimiento y cada territorio define sus prioridades de crecimiento.<\/p>\n","protected":false},"excerpt":{"rendered":"<p>\u200bLa Universidad Nacional de Santiago del Estero puso en marcha una propuesta institucional destinada a fortalecer las econom\u00edas locales a trav\u00e9s de la transferencia de conocimientos t\u00e9cnicos y herramientas estrat\u00e9gicas en cada territorio municipal.<\/p>\n","protected":false},"author":2,"featured_media":88248,"comment_status":"open","ping_status":"open","sticky":false,"template":"","format":"standard","meta":{"om_disable_all_campaigns":false,"_monsterinsights_skip_tracking":false,"_uf_show_specific_survey":0,"_uf_disable_surveys":false,"_jetpack_newsletter_access":"","_jetpack_dont_email_post_to_subs":false,"_jetpack_newsletter_tier_id":0,"_jetpack_memberships_contains_paywalled_content":false,"_jetpack_feature_clip_id":0,"_jetpack_memberships_contains_paid_content":false,"footnotes":"","jetpack_publicize_message":"","jetpack_publicize_feature_enabled":true,"jetpack_social_post_already_shared":true,"jetpack_social_options":{"image_generator_settings":{"template":"highway","default_image_id":0,"font":"","enabled":false},"version":2},"jetpack_post_was_ever_published":false},"categories":[4,19],"tags":[74],"class_list":["post-88247","post","type-post","status-publish","format-standard","has-post-thumbnail","hentry","category-destacadas","category-educacion","tag-unse"],"aioseo_notices":[],"views":2,"jetpack_publicize_connections":[],"jetpack_sharing_enabled":true,"jetpack_featured_media_url":"https:\/\/i0.wp.com\/elterritorialweb.com.ar\/web\/wp-content\/uploads\/2026\/09\/IMG-20260831-WA0030.jpg?fit=1600%2C994&ssl=1","_links":{"self":[{"href":"https:\/\/elterritorialweb.com.ar\/web\/wp-json\/wp\/v2\/posts\/88247","targetHints":{"allow":["GET"]}}],"collection":[{"href":"https:\/\/elterritorialweb.com.ar\/web\/wp-json\/wp\/v2\/posts"}],"about":[{"href":"https:\/\/elterritorialweb.com.ar\/web\/wp-json\/wp\/v2\/types\/post"}],"author":[{"embeddable":true,"href":"https:\/\/elterritorialweb.com.ar\/web\/wp-json\/wp\/v2\/users\/2"}],"replies":[{"embeddable":true,"href":"https:\/\/elterritorialweb.com.ar\/web\/wp-json\/wp\/v2\/comments?post=88247"}],"version-history":[{"count":1,"href":"https:\/\/elterritorialweb.com.ar\/web\/wp-json\/wp\/v2\/posts\/88247\/revisions"}],"predecessor-version":[{"id":88249,"href":"https:\/\/elterritorialweb.com.ar\/web\/wp-json\/wp\/v2\/posts\/88247\/revisions\/88249"}],"wp:featuredmedia":[{"embeddable":true,"href":"https:\/\/elterritorialweb.com.ar\/web\/wp-json\/wp\/v2\/media\/88248"}],"wp:attachment":[{"href":"https:\/\/elterritorialweb.com.ar\/web\/wp-json\/wp\/v2\/media?parent=88247"}],"wp:term":[{"taxonomy":"category","embeddable":true,"href":"https:\/\/elterritorialweb.com.ar\/web\/wp-json\/wp\/v2\/categories?post=88247"},{"taxonomy":"post_tag","embeddable":true,"href":"https:\/\/elterritorialweb.com.ar\/web\/wp-json\/wp\/v2\/tags?post=88247"}],"curies":[{"name":"wp","href":"https:\/\/api.w.org\/{rel}","templated":true}]}}