{"id":88250,"date":"2026-09-01T00:18:26","date_gmt":"2026-09-01T00:18:26","guid":{"rendered":"https:\/\/elterritorialweb.com.ar\/web\/?p=88250"},"modified":"2026-09-01T00:18:28","modified_gmt":"2026-09-01T00:18:28","slug":"las-campeonas-del-mundo-regresaron-al-pais","status":"publish","type":"post","link":"https:\/\/elterritorialweb.com.ar\/web\/las-campeonas-del-mundo-regresaron-al-pais\/","title":{"rendered":"LAS CAMPEONAS DEL MUNDO REGRESARON AL PA\u00cdS"},"content":{"rendered":"\n<p class=\"wp-block-paragraph\">\u200b\u200bLa Copa del Mundo ya se encuentra en suelo argentino. Luego de <strong>conquistar el t\u00edtulo en Amstelveen<\/strong>, una parte del seleccionado nacional de hockey sobre c\u00e9sped aterriz\u00f3 en el pa\u00eds y recibi\u00f3 una emotiva bienvenida por parte de seres queridos y miembros de la comunidad deportiva. La delantera <strong>Mar\u00eda Jos\u00e9 Granatto<\/strong> lider\u00f3 el desembarco al aparecer con el trofeo que <strong>Las Leonas volvieron a levantar despu\u00e9s de 16 a\u00f1os<\/strong>.<\/p>\n\n\n\n<p class=\"wp-block-paragraph\">\u200bEl equipo nacional <strong>se consagr\u00f3 campe\u00f3n tras empatar 1 a 1 ante Pa\u00edses Bajos<\/strong> en el tiempo reglamentario y <strong>definir la final por 3 a 1 en los shoot-outs<\/strong>. De esta manera, el conjunto albiceleste logr\u00f3 <strong>su tercer t\u00edtulo mundial de la historia<\/strong>, sum\u00e1ndolo a las gloriosas conquistas de <strong>Perth 2002 y Rosario 2010<\/strong>.<\/p>\n\n\n\n<p class=\"wp-block-paragraph\">\u200bLa gesta tuvo un sabor \u00fanico para la joven <strong>Juana Castellaro<\/strong>, quien vivi\u00f3 su <strong>primera Copa del Mundo con el seleccionado mayor<\/strong>. La jugadora defini\u00f3 la consagraci\u00f3n como <strong>\u00abuna locura incre\u00edble\u00bb<\/strong> y expres\u00f3 su felicidad por coronar su debut de esta manera impensada, remarcando <strong>la uni\u00f3n de un plantel que se entreg\u00f3 desde el primer minuto<\/strong>.<\/p>\n\n\n\n<figure class=\"wp-block-image size-full\"><a href=\"https:\/\/i0.wp.com\/elterritorialweb.com.ar\/web\/wp-content\/uploads\/2026\/09\/IMG-20260831-WA0020.jpg\"><img data-recalc-dims=\"1\" decoding=\"async\" width=\"640\" height=\"427\" data-src=\"https:\/\/i0.wp.com\/elterritorialweb.com.ar\/web\/wp-content\/uploads\/2026\/09\/IMG-20260831-WA0020.jpg?resize=640%2C427\" alt=\"\" class=\"wp-image-88252 lazyload\" data-srcset=\"https:\/\/i0.wp.com\/elterritorialweb.com.ar\/web\/wp-content\/uploads\/2026\/09\/IMG-20260831-WA0020.jpg?w=1000&amp;ssl=1 1000w, https:\/\/i0.wp.com\/elterritorialweb.com.ar\/web\/wp-content\/uploads\/2026\/09\/IMG-20260831-WA0020.jpg?resize=300%2C200&amp;ssl=1 300w, https:\/\/i0.wp.com\/elterritorialweb.com.ar\/web\/wp-content\/uploads\/2026\/09\/IMG-20260831-WA0020.jpg?resize=768%2C512&amp;ssl=1 768w\" data-sizes=\"(max-width: 640px) 100vw, 640px\" src=\"data:image\/svg+xml;base64,PHN2ZyB3aWR0aD0iMSIgaGVpZ2h0PSIxIiB4bWxucz0iaHR0cDovL3d3dy53My5vcmcvMjAwMC9zdmciPjwvc3ZnPg==\" style=\"--smush-placeholder-width: 640px; --smush-placeholder-aspect-ratio: 640\/427;\" \/><\/a><\/figure>\n\n\n\n<p class=\"wp-block-paragraph\">\u200bPor su parte, la delantera <strong>Julieta Jankunas<\/strong> manifest\u00f3 la enorme emoci\u00f3n del momento al se\u00f1alar que le costaba encontrar palabras para procesar semejante logro, remarcando <strong>el descontrol y la felicidad absoluta<\/strong> que vive el grupo. Adem\u00e1s, record\u00f3 con especial afecto <strong>el momento del himno argentino en territorio neerland\u00e9s<\/strong> y destac\u00f3 <strong>el apoyo de las ex referentes<\/strong> que acompa\u00f1aron al equipo durante el torneo.<\/p>\n\n\n\n<p class=\"wp-block-paragraph\">\u200bEl director t\u00e9cnico <strong>Fernando Ferrara<\/strong> sintetiz\u00f3 el sentir del cuerpo t\u00e9cnico al calificar el logro como una <strong>felicidad infinita que recompensa un esfuerzo enorme<\/strong>. El entrenador enfatiz\u00f3 que el plantel tom\u00f3 el torneo como <strong>la revancha de la edici\u00f3n anterior<\/strong> y destac\u00f3 el valor pedag\u00f3gico de la victoria, deseando que <strong>esta conquista sirva de inspiraci\u00f3n para las nuevas generaciones<\/strong>. Con <strong>la tercera estrella en casa<\/strong>, Las Leonas vuelven a escribir una de las p\u00e1ginas m\u00e1s doradas del deporte argentino.<\/p>\n","protected":false},"excerpt":{"rendered":"<p>Una parte de la delegaci\u00f3n de Las Leonas arrib\u00f3 este lunes al Aeropuerto Internacional de Ezeiza con la Copa del Mundo en sus manos. Entre abrazos, profunda emoci\u00f3n y el c\u00e1lido acompa\u00f1amiento de familiares y fan\u00e1ticos, el plantel comenz\u00f3 a dimensionar el valor de conquistar la tercera estrella de su historia.<\/p>\n","protected":false},"author":2,"featured_media":88251,"comment_status":"open","ping_status":"open","sticky":false,"template":"","format":"standard","meta":{"om_disable_all_campaigns":false,"_monsterinsights_skip_tracking":false,"_uf_show_specific_survey":0,"_uf_disable_surveys":false,"_jetpack_newsletter_access":"","_jetpack_dont_email_post_to_subs":false,"_jetpack_newsletter_tier_id":0,"_jetpack_memberships_contains_paywalled_content":false,"_jetpack_feature_clip_id":0,"_jetpack_memberships_contains_paid_content":false,"footnotes":"","jetpack_publicize_message":"","jetpack_publicize_feature_enabled":true,"jetpack_social_post_already_shared":true,"jetpack_social_options":{"image_generator_settings":{"template":"highway","default_image_id":0,"font":"","enabled":false},"version":2},"jetpack_post_was_ever_published":false},"categories":[6,4],"tags":[809,1868],"class_list":["post-88250","post","type-post","status-publish","format-standard","has-post-thumbnail","hentry","category-deportes","category-destacadas","tag-las-leonas","tag-mundial-de-hockey-2026"],"aioseo_notices":[],"views":4,"jetpack_publicize_connections":[],"jetpack_sharing_enabled":true,"jetpack_featured_media_url":"https:\/\/i0.wp.com\/elterritorialweb.com.ar\/web\/wp-content\/uploads\/2026\/09\/IMG-20260831-WA0021.jpg?fit=1000%2C800&ssl=1","_links":{"self":[{"href":"https:\/\/elterritorialweb.com.ar\/web\/wp-json\/wp\/v2\/posts\/88250","targetHints":{"allow":["GET"]}}],"collection":[{"href":"https:\/\/elterritorialweb.com.ar\/web\/wp-json\/wp\/v2\/posts"}],"about":[{"href":"https:\/\/elterritorialweb.com.ar\/web\/wp-json\/wp\/v2\/types\/post"}],"author":[{"embeddable":true,"href":"https:\/\/elterritorialweb.com.ar\/web\/wp-json\/wp\/v2\/users\/2"}],"replies":[{"embeddable":true,"href":"https:\/\/elterritorialweb.com.ar\/web\/wp-json\/wp\/v2\/comments?post=88250"}],"version-history":[{"count":1,"href":"https:\/\/elterritorialweb.com.ar\/web\/wp-json\/wp\/v2\/posts\/88250\/revisions"}],"predecessor-version":[{"id":88253,"href":"https:\/\/elterritorialweb.com.ar\/web\/wp-json\/wp\/v2\/posts\/88250\/revisions\/88253"}],"wp:featuredmedia":[{"embeddable":true,"href":"https:\/\/elterritorialweb.com.ar\/web\/wp-json\/wp\/v2\/media\/88251"}],"wp:attachment":[{"href":"https:\/\/elterritorialweb.com.ar\/web\/wp-json\/wp\/v2\/media?parent=88250"}],"wp:term":[{"taxonomy":"category","embeddable":true,"href":"https:\/\/elterritorialweb.com.ar\/web\/wp-json\/wp\/v2\/categories?post=88250"},{"taxonomy":"post_tag","embeddable":true,"href":"https:\/\/elterritorialweb.com.ar\/web\/wp-json\/wp\/v2\/tags?post=88250"}],"curies":[{"name":"wp","href":"https:\/\/api.w.org\/{rel}","templated":true}]}}