{"id":88275,"date":"2026-09-01T14:15:05","date_gmt":"2026-09-01T14:15:05","guid":{"rendered":"https:\/\/elterritorialweb.com.ar\/web\/?p=88275"},"modified":"2026-09-01T14:15:08","modified_gmt":"2026-09-01T14:15:08","slug":"llega-el-ballet-clasico-de-san-petersburgo-con-la-bella-durmiente","status":"publish","type":"post","link":"https:\/\/elterritorialweb.com.ar\/web\/llega-el-ballet-clasico-de-san-petersburgo-con-la-bella-durmiente\/","title":{"rendered":"LLEGA EL BALLET CL\u00c1SICO DE SAN PETERSBURGO CON &#8216;LA BELLA DURMIENTE&#8217;"},"content":{"rendered":"\n<p class=\"wp-block-paragraph\">\u200bEl arte y la tradici\u00f3n de la danza rusa tendr\u00e1n una cita impostergable en la escena local. El <strong>Ballet Cl\u00e1sico de San Petersburgo<\/strong> desembarca en el <strong>Teatro 25 de Mayo<\/strong> para presentar su aclamada producci\u00f3n de <strong>&#8216;La Bella Durmiente&#8217;<\/strong>, una de las obras cumbres del repertorio universal. La funci\u00f3n tendr\u00e1 lugar el <strong>s\u00e1bado 5 de septiembre a las 21:00 horas<\/strong>, en lo que promete ser un despliegue de excelencia t\u00e9cnica y refinamiento art\u00edstico inolvidable.<\/p>\n\n\n\n<p class=\"wp-block-paragraph\">\u200bBasada en la c\u00e9lebre obra de <strong>Charles Perrault<\/strong> y con la inmortal m\u00fasica de <strong>Piotr Ilich Tchaikovsky<\/strong>, esta puesta en tres cuadros respeta la <strong>versi\u00f3n tradicional del cl\u00e1sico<\/strong> con la <strong>coreograf\u00eda original de Marius Petipa<\/strong>. La trama revive la conmovedora historia de la princesa Aurora, v\u00edctima de la maldici\u00f3n del hada Carabosse al nacer, cuyo destino la condena a un largo sue\u00f1o del que solo podr\u00e1 despertar mediante el beso de amor verdadero de un pr\u00edncipe.<\/p>\n\n\n\n<p class=\"wp-block-paragraph\">\u200bEl espect\u00e1culo cuenta con el protagonismo absoluto de los <strong>primeros bailarines Ivan Oskorbin y Mar\u00eda Tomilova<\/strong>, quienes liderar\u00e1n a un <strong>formidable y disciplinado cuerpo de ballet<\/strong> bajo la <strong>direcci\u00f3n del gran maestro Kirill Safin<\/strong>. Esta velada forma parte del ambicioso <strong>World Tour 2026<\/strong>, una gira internacional de gran escala que abarca <strong>34 pa\u00edses<\/strong>, situando a la Argentina y a nuestra ciudad en el mapa de las principales capitales culturales del mundo.<\/p>\n\n\n\n<figure class=\"wp-block-image size-large\"><a href=\"https:\/\/i0.wp.com\/elterritorialweb.com.ar\/web\/wp-content\/uploads\/2026\/09\/1000560354.jpg?ssl=1\"><img data-recalc-dims=\"1\" decoding=\"async\" width=\"640\" height=\"348\" data-src=\"https:\/\/i0.wp.com\/elterritorialweb.com.ar\/web\/wp-content\/uploads\/2026\/09\/1000560354-1024x556.jpg?resize=640%2C348&#038;ssl=1\" alt=\"\" class=\"wp-image-88277 lazyload\" data-srcset=\"https:\/\/i0.wp.com\/elterritorialweb.com.ar\/web\/wp-content\/uploads\/2026\/09\/1000560354.jpg?resize=1024%2C556&amp;ssl=1 1024w, https:\/\/i0.wp.com\/elterritorialweb.com.ar\/web\/wp-content\/uploads\/2026\/09\/1000560354.jpg?resize=300%2C163&amp;ssl=1 300w, https:\/\/i0.wp.com\/elterritorialweb.com.ar\/web\/wp-content\/uploads\/2026\/09\/1000560354.jpg?resize=768%2C417&amp;ssl=1 768w, https:\/\/i0.wp.com\/elterritorialweb.com.ar\/web\/wp-content\/uploads\/2026\/09\/1000560354.jpg?w=1200&amp;ssl=1 1200w\" data-sizes=\"(max-width: 640px) 100vw, 640px\" src=\"data:image\/svg+xml;base64,PHN2ZyB3aWR0aD0iMSIgaGVpZ2h0PSIxIiB4bWxucz0iaHR0cDovL3d3dy53My5vcmcvMjAwMC9zdmciPjwvc3ZnPg==\" style=\"--smush-placeholder-width: 640px; --smush-placeholder-aspect-ratio: 640\/348;\" \/><\/a><\/figure>\n\n\n\n<p class=\"wp-block-paragraph\">\u200bCon or\u00edgenes que se remontan al <strong>siglo XVIII<\/strong>, el Ballet Cl\u00e1sico de San Petersburgo se consolida como una de las <strong>compa\u00f1\u00edas m\u00e1s antiguas y prestigiosas de Rusia<\/strong>. Reconocida como la <strong>compa\u00f1\u00eda itinerante m\u00e1s importante de su pa\u00eds<\/strong>, ha recorrido m\u00e1s de <strong>150 pa\u00edses en los \u00faltimos diez a\u00f1os<\/strong>, preservando y perfeccionando la <strong>t\u00e9cnica impecable y el estilo elegante<\/strong> que caracterizan a la escuela rusa de danza.<\/p>\n\n\n\n<p class=\"wp-block-paragraph\">\u200bLa presentaci\u00f3n de esta obra maestra representa una <strong>oportunidad \u00fanica para disfrutar de la alta cultura internacional<\/strong> en el \u00e1mbito local. Las entradas para la \u00fanica funci\u00f3n del s\u00e1bado 5 de septiembre ya se encuentran disponibles para el p\u00fablico general tanto en la <strong>boleter\u00eda del teatro<\/strong> como a trav\u00e9s de la plataforma digital <strong>Norteticket<\/strong>.<\/p>\n","protected":false},"excerpt":{"rendered":"<p>La prestigiosa compa\u00f1\u00eda rusa se presentar\u00e1 el pr\u00f3ximo s\u00e1bado 5 de septiembre en el Teatro 25 de Mayo en el marco de su majestuoso World Tour 2026.<\/p>\n","protected":false},"author":2,"featured_media":88276,"comment_status":"open","ping_status":"open","sticky":false,"template":"","format":"standard","meta":{"om_disable_all_campaigns":false,"_monsterinsights_skip_tracking":false,"_uf_show_specific_survey":0,"_uf_disable_surveys":false,"_jetpack_newsletter_access":"","_jetpack_dont_email_post_to_subs":false,"_jetpack_newsletter_tier_id":0,"_jetpack_memberships_contains_paywalled_content":false,"_jetpack_feature_clip_id":0,"_jetpack_memberships_contains_paid_content":false,"footnotes":"","jetpack_publicize_message":"","jetpack_publicize_feature_enabled":true,"jetpack_social_post_already_shared":true,"jetpack_social_options":{"image_generator_settings":{"template":"highway","default_image_id":0,"font":"","enabled":false},"version":2},"jetpack_post_was_ever_published":false},"categories":[4,20],"tags":[1532,1431],"class_list":["post-88275","post","type-post","status-publish","format-standard","has-post-thumbnail","hentry","category-destacadas","category-especysociales","tag-ballet-clasico-de-san-petesburgo","tag-teatro-25-de-mayo"],"aioseo_notices":[],"views":5,"jetpack_publicize_connections":[],"jetpack_sharing_enabled":true,"jetpack_featured_media_url":"https:\/\/i0.wp.com\/elterritorialweb.com.ar\/web\/wp-content\/uploads\/2026\/09\/IMG-20260901-WA0001.jpg?fit=564%2C378&ssl=1","_links":{"self":[{"href":"https:\/\/elterritorialweb.com.ar\/web\/wp-json\/wp\/v2\/posts\/88275","targetHints":{"allow":["GET"]}}],"collection":[{"href":"https:\/\/elterritorialweb.com.ar\/web\/wp-json\/wp\/v2\/posts"}],"about":[{"href":"https:\/\/elterritorialweb.com.ar\/web\/wp-json\/wp\/v2\/types\/post"}],"author":[{"embeddable":true,"href":"https:\/\/elterritorialweb.com.ar\/web\/wp-json\/wp\/v2\/users\/2"}],"replies":[{"embeddable":true,"href":"https:\/\/elterritorialweb.com.ar\/web\/wp-json\/wp\/v2\/comments?post=88275"}],"version-history":[{"count":1,"href":"https:\/\/elterritorialweb.com.ar\/web\/wp-json\/wp\/v2\/posts\/88275\/revisions"}],"predecessor-version":[{"id":88278,"href":"https:\/\/elterritorialweb.com.ar\/web\/wp-json\/wp\/v2\/posts\/88275\/revisions\/88278"}],"wp:featuredmedia":[{"embeddable":true,"href":"https:\/\/elterritorialweb.com.ar\/web\/wp-json\/wp\/v2\/media\/88276"}],"wp:attachment":[{"href":"https:\/\/elterritorialweb.com.ar\/web\/wp-json\/wp\/v2\/media?parent=88275"}],"wp:term":[{"taxonomy":"category","embeddable":true,"href":"https:\/\/elterritorialweb.com.ar\/web\/wp-json\/wp\/v2\/categories?post=88275"},{"taxonomy":"post_tag","embeddable":true,"href":"https:\/\/elterritorialweb.com.ar\/web\/wp-json\/wp\/v2\/tags?post=88275"}],"curies":[{"name":"wp","href":"https:\/\/api.w.org\/{rel}","templated":true}]}}