{"id":88280,"date":"2026-09-01T21:08:46","date_gmt":"2026-09-01T21:08:46","guid":{"rendered":"https:\/\/elterritorialweb.com.ar\/web\/?p=88280"},"modified":"2026-09-01T21:08:48","modified_gmt":"2026-09-01T21:08:48","slug":"quimsa-brillo-en-tucuman-y-se-corono-con-ocho-medallas-de-oro-en-el-nacional-de-patin-artistico","status":"publish","type":"post","link":"https:\/\/elterritorialweb.com.ar\/web\/quimsa-brillo-en-tucuman-y-se-corono-con-ocho-medallas-de-oro-en-el-nacional-de-patin-artistico\/","title":{"rendered":"QUIMSA BRILL\u00d3 EN TUCUM\u00c1N Y SE CORON\u00d3 CON OCHO MEDALLAS DE ORO EN EL NACIONAL DE PAT\u00cdN ART\u00cdSTICO"},"content":{"rendered":"\n<p class=\"wp-block-paragraph\">\u200bLa delegaci\u00f3n de pat\u00edn art\u00edstico del <strong>Club Atl\u00e9tico Quimsa<\/strong> vivi\u00f3 una jornada consagratoria el pasado <strong>domingo 30 de agosto<\/strong> durante el <strong>Torneo Nacional<\/strong> disputado en las instalaciones del <strong>Club Tucum\u00e1n Central<\/strong>. En un certamen de alt\u00edsima exigencia que reuni\u00f3 a destacados clubes y escuelas de diversas provincias del pa\u00eds, la escuadra de Santiago del Estero revalid\u00f3 su gran presente al cosechar un total de <strong>ocho medallas de oro<\/strong>, ratificando el crecimiento constante de esta disciplina en la instituci\u00f3n.<\/p>\n\n\n\n<p class=\"wp-block-paragraph\">\u200bBajo la direcci\u00f3n t\u00e9cnica de la <strong>Licenciada Florencia Cella<\/strong>, el equipo santiague\u00f1o marc\u00f3 la pauta de la competencia desde las primeras pasadas de rutina. La delegaci\u00f3n sobresali\u00f3 ante los jueces y el p\u00fablico presente por su <strong>precisi\u00f3n t\u00e9cnica<\/strong>, su cuidada <strong>expresi\u00f3n art\u00edstica<\/strong> y una impecable <strong>firmeza en pista<\/strong>, atributos que les permitieron subir a lo m\u00e1s alto del podio en cada una de sus categor\u00edas.<\/p>\n\n\n\n<figure class=\"wp-block-image size-large\"><a href=\"https:\/\/i0.wp.com\/elterritorialweb.com.ar\/web\/wp-content\/uploads\/2026\/09\/IMG-20260901-WA0023.jpg\"><img data-recalc-dims=\"1\" decoding=\"async\" width=\"640\" height=\"360\" data-src=\"https:\/\/i0.wp.com\/elterritorialweb.com.ar\/web\/wp-content\/uploads\/2026\/09\/IMG-20260901-WA0023.jpg?resize=640%2C360\" alt=\"\" class=\"wp-image-88282 lazyload\" data-srcset=\"https:\/\/i0.wp.com\/elterritorialweb.com.ar\/web\/wp-content\/uploads\/2026\/09\/IMG-20260901-WA0023.jpg?resize=1024%2C576&amp;ssl=1 1024w, https:\/\/i0.wp.com\/elterritorialweb.com.ar\/web\/wp-content\/uploads\/2026\/09\/IMG-20260901-WA0023.jpg?resize=300%2C169&amp;ssl=1 300w, https:\/\/i0.wp.com\/elterritorialweb.com.ar\/web\/wp-content\/uploads\/2026\/09\/IMG-20260901-WA0023.jpg?resize=768%2C432&amp;ssl=1 768w, https:\/\/i0.wp.com\/elterritorialweb.com.ar\/web\/wp-content\/uploads\/2026\/09\/IMG-20260901-WA0023.jpg?resize=1536%2C864&amp;ssl=1 1536w, https:\/\/i0.wp.com\/elterritorialweb.com.ar\/web\/wp-content\/uploads\/2026\/09\/IMG-20260901-WA0023.jpg?w=1600&amp;ssl=1 1600w, https:\/\/i0.wp.com\/elterritorialweb.com.ar\/web\/wp-content\/uploads\/2026\/09\/IMG-20260901-WA0023.jpg?w=1280 1280w\" data-sizes=\"(max-width: 640px) 100vw, 640px\" src=\"data:image\/svg+xml;base64,PHN2ZyB3aWR0aD0iMSIgaGVpZ2h0PSIxIiB4bWxucz0iaHR0cDovL3d3dy53My5vcmcvMjAwMC9zdmciPjwvc3ZnPg==\" style=\"--smush-placeholder-width: 640px; --smush-placeholder-aspect-ratio: 640\/360;\" \/><\/a><\/figure>\n\n\n\n<p class=\"wp-block-paragraph\">\u200bLas atletas que se consagraron campeonas nacionales al obtener el <strong>primer puesto<\/strong> en sus respectivos niveles fueron <strong>Gerundina Rickert<\/strong>, <strong>Emily Vera<\/strong>, <strong>Madeline Vega Orellana<\/strong>, <strong>Alexa Berm\u00fadez<\/strong>, <strong>Isabella Goitea<\/strong>, <strong>Ana Paula Barrionuevo<\/strong>, <strong>Alexia Paz<\/strong> y <strong>Saral\u00eda Neme<\/strong>. Cada una de las deportistas reflej\u00f3 sobre el rodamiento el intenso trabajo de preparaci\u00f3n previa que demand\u00f3 este compromiso federal.<\/p>\n\n\n\n<p class=\"wp-block-paragraph\">\u200bTras la coronaci\u00f3n, la entrenadora Florencia Cella ponder\u00f3 la <strong>dedicaci\u00f3n previa<\/strong> y la <strong>disciplina demostrada<\/strong> por sus dirigidas en el recinto tucumano. Esta cosecha impecable no solo enaltece el trabajo de la disciplina dentro del club, sino que consolida definitivamente a <strong>Quimsa como una de las referencias del pat\u00edn art\u00edstico argentino<\/strong>.<\/p>\n\n\n\n<p class=\"wp-block-paragraph\"><\/p>\n","protected":false},"excerpt":{"rendered":"<p>\u200bLa delegaci\u00f3n santiague\u00f1a complet\u00f3 una actuaci\u00f3n hist\u00f3rica en el certamen nacional, logrando el primer puesto en todas sus presentaciones bajo la direcci\u00f3n de Florencia Cella.<\/p>\n","protected":false},"author":2,"featured_media":88281,"comment_status":"open","ping_status":"open","sticky":false,"template":"","format":"standard","meta":{"om_disable_all_campaigns":false,"_monsterinsights_skip_tracking":false,"_uf_show_specific_survey":0,"_uf_disable_surveys":false,"_jetpack_newsletter_access":"","_jetpack_dont_email_post_to_subs":false,"_jetpack_newsletter_tier_id":0,"_jetpack_memberships_contains_paywalled_content":false,"_jetpack_feature_clip_id":0,"_jetpack_memberships_contains_paid_content":false,"footnotes":"","jetpack_publicize_message":"","jetpack_publicize_feature_enabled":true,"jetpack_social_post_already_shared":true,"jetpack_social_options":{"image_generator_settings":{"template":"highway","default_image_id":0,"font":"","enabled":false},"version":2},"jetpack_post_was_ever_published":false},"categories":[6,4],"tags":[599,1428,66],"class_list":["post-88280","post","type-post","status-publish","format-standard","has-post-thumbnail","hentry","category-deportes","category-destacadas","tag-escuela-de-patin-quimsa","tag-florencia-cella","tag-patin-quimsa"],"aioseo_notices":[],"views":12,"jetpack_publicize_connections":[],"jetpack_sharing_enabled":true,"jetpack_featured_media_url":"https:\/\/i0.wp.com\/elterritorialweb.com.ar\/web\/wp-content\/uploads\/2026\/09\/IMG-20260901-WA0032.jpg?fit=1227%2C814&ssl=1","_links":{"self":[{"href":"https:\/\/elterritorialweb.com.ar\/web\/wp-json\/wp\/v2\/posts\/88280","targetHints":{"allow":["GET"]}}],"collection":[{"href":"https:\/\/elterritorialweb.com.ar\/web\/wp-json\/wp\/v2\/posts"}],"about":[{"href":"https:\/\/elterritorialweb.com.ar\/web\/wp-json\/wp\/v2\/types\/post"}],"author":[{"embeddable":true,"href":"https:\/\/elterritorialweb.com.ar\/web\/wp-json\/wp\/v2\/users\/2"}],"replies":[{"embeddable":true,"href":"https:\/\/elterritorialweb.com.ar\/web\/wp-json\/wp\/v2\/comments?post=88280"}],"version-history":[{"count":1,"href":"https:\/\/elterritorialweb.com.ar\/web\/wp-json\/wp\/v2\/posts\/88280\/revisions"}],"predecessor-version":[{"id":88283,"href":"https:\/\/elterritorialweb.com.ar\/web\/wp-json\/wp\/v2\/posts\/88280\/revisions\/88283"}],"wp:featuredmedia":[{"embeddable":true,"href":"https:\/\/elterritorialweb.com.ar\/web\/wp-json\/wp\/v2\/media\/88281"}],"wp:attachment":[{"href":"https:\/\/elterritorialweb.com.ar\/web\/wp-json\/wp\/v2\/media?parent=88280"}],"wp:term":[{"taxonomy":"category","embeddable":true,"href":"https:\/\/elterritorialweb.com.ar\/web\/wp-json\/wp\/v2\/categories?post=88280"},{"taxonomy":"post_tag","embeddable":true,"href":"https:\/\/elterritorialweb.com.ar\/web\/wp-json\/wp\/v2\/tags?post=88280"}],"curies":[{"name":"wp","href":"https:\/\/api.w.org\/{rel}","templated":true}]}}