{"id":88287,"date":"2026-09-02T01:20:12","date_gmt":"2026-09-02T01:20:12","guid":{"rendered":"https:\/\/elterritorialweb.com.ar\/web\/?p=88287"},"modified":"2026-09-02T01:20:14","modified_gmt":"2026-09-02T01:20:14","slug":"el-secretario-del-tesoro-de-eeuu-elogio-el-plan-economico-argentino-tras-reunirse-con-caputo-en-el-g20","status":"publish","type":"post","link":"https:\/\/elterritorialweb.com.ar\/web\/el-secretario-del-tesoro-de-eeuu-elogio-el-plan-economico-argentino-tras-reunirse-con-caputo-en-el-g20\/","title":{"rendered":"EL SECRETARIO DEL TESORO DE EEUU ELOGI\u00d3 EL PLAN ECON\u00d3MICO ARGENTINO TRAS REUNIRSE CON CAPUTO EN EL G20"},"content":{"rendered":"\n<p class=\"wp-block-paragraph\">El funcionario norteamericano destac\u00f3 las <strong>reformas de Javier Milei<\/strong> y los <strong>cambios continentales<\/strong>, mientras el equipo econ\u00f3mico busca afianzar el <strong>respaldo financiero internacional<\/strong> frente a los <strong>vencimientos de deuda<\/strong> del pr\u00f3ximo a\u00f1o.<\/p>\n\n\n\n<p class=\"wp-block-paragraph\">\u200bEl <strong>ministro de Econom\u00eda, Luis Caputo<\/strong>, mantuvo esta tarde un encuentro de aproximadamente 20 minutos con el <strong>secretario del Tesoro de Estados Unidos, Scott Bessent<\/strong>, en el <strong>Omni Grove Park Inn<\/strong> de <strong>Asheville, Carolina del Norte<\/strong>. La reuni\u00f3n se dio en el contexto de la <strong>cumbre de ministros de Finanzas y banqueros centrales del G20<\/strong>, representando el primer cara a cara entre ambos funcionarios desde el <strong>salvataje financiero de octubre de 2025<\/strong>.<\/p>\n\n\n\n<p class=\"wp-block-paragraph\">\u200bPrevio a la cita formal, <strong>Bessent<\/strong> respald\u00f3 p\u00fablicamente el <strong>rumbo econ\u00f3mico argentino<\/strong> en una entrevista con el analista <strong>Larry Kudlow<\/strong>, donde afirm\u00f3 que se est\u00e1 frente a una <strong>oportunidad hist\u00f3rica en el hemisferio occidental<\/strong> impulsada por el programa que lidera <strong>Javier Milei<\/strong>. El titular del Tesoro norteamericano subray\u00f3 adem\u00e1s el respaldo pol\u00edtico obtenido por el mandatario argentino entre los <strong>sectores m\u00e1s vulnerables<\/strong> y la <strong>juventud<\/strong>, en un contexto regional de transformaciones que incluye a pa\u00edses como <strong>Bolivia, Colombia, Chile y Ecuador<\/strong>.<\/p>\n\n\n\n<p class=\"wp-block-paragraph\">\u200bLa delegaci\u00f3n argentina en suelo estadounidense cuenta tambi\u00e9n con la presencia del <strong>viceministro Jos\u00e9 Luis Daza<\/strong>, el <strong>presidente del Banco Central, Santiago Bausili<\/strong>, y el <strong>vicepresidente de la entidad, Vladimir Werning<\/strong>. Durante las deliberaciones de la cumbre, <strong>Caputo<\/strong> defendi\u00f3 el rumbo de la gesti\u00f3n al enfatizar que la <strong>estabilidad macroecon\u00f3mica<\/strong> constituye la base indispensable para lograr un <strong>crecimiento sostenido<\/strong>.<\/p>\n\n\n\n<p class=\"wp-block-paragraph\">\u200bEl acercamiento bilateral cobra especial relevancia ante las <strong>dudas del mercado<\/strong> sobre la consistencia del <strong>plan financiero<\/strong> y la <strong>continuidad del programa econ\u00f3mico<\/strong> en la antesala de las <strong>elecciones de 2027<\/strong>. Para el a\u00f1o entrante, el <strong>Gobierno argentino<\/strong> debe afrontar <strong>compromisos de deuda por US$ 25.000 millones<\/strong>, concentrados principalmente en <strong>bonistas internacionales<\/strong>, <strong>t\u00edtulos Bopreal<\/strong> y <strong>deuda en moneda extranjera del mercado local<\/strong>. Con un <strong>riesgo pa\u00eds superior a los 500 puntos<\/strong> y un <strong>costo de endeudamiento externo arriba del 9% anual<\/strong>, la estrategia oficial descarta el <strong>retorno a los mercados de cr\u00e9dito<\/strong>.<\/p>\n\n\n\n<p class=\"wp-block-paragraph\">\u200bEl di\u00e1logo con la <strong>administraci\u00f3n de Donald Trump<\/strong> resulta clave para consolidar las <strong>garant\u00edas de pago<\/strong> prometidas por el <strong>Poder Ejecutivo<\/strong> y reanudar las tratativas tras los <strong>anuncios de asistencia financiera<\/strong> realizados el a\u00f1o pasado por el <strong>Tesoro estadounidense<\/strong>. No obstante, cualquier eventual auxilio deber\u00e1 encauzarse en medio de <strong>exigencias geopol\u00edticas<\/strong>, como el avance del <strong>acuerdo comercial bilateral<\/strong> y la <strong>competencia estrat\u00e9gica con China<\/strong>, a la par de las observaciones planteadas por el <strong>Fondo Monetario Internacional<\/strong> y <strong>Wall Street<\/strong> respecto al <strong>nivel de reservas<\/strong> y la <strong>reactivaci\u00f3n de la actividad econ\u00f3mica<\/strong>.<\/p>\n","protected":false},"excerpt":{"rendered":"<p>\u200bEn el marco de la cumbre del G20 en Asheville, Luis Caputo y Scott Bessent mantuvieron su primer encuentro presencial tras casi un a\u00f1o. <\/p>\n","protected":false},"author":2,"featured_media":88288,"comment_status":"open","ping_status":"open","sticky":false,"template":"","format":"standard","meta":{"om_disable_all_campaigns":false,"_monsterinsights_skip_tracking":false,"_uf_show_specific_survey":0,"_uf_disable_surveys":false,"_jetpack_newsletter_access":"","_jetpack_dont_email_post_to_subs":false,"_jetpack_newsletter_tier_id":0,"_jetpack_memberships_contains_paywalled_content":false,"_jetpack_feature_clip_id":0,"_jetpack_memberships_contains_paid_content":false,"footnotes":"","jetpack_publicize_message":"","jetpack_publicize_feature_enabled":true,"jetpack_social_post_already_shared":true,"jetpack_social_options":{"image_generator_settings":{"template":"highway","default_image_id":0,"font":"","enabled":false},"version":2},"jetpack_post_was_ever_published":false},"categories":[4,7],"tags":[801,1272],"class_list":["post-88287","post","type-post","status-publish","format-standard","has-post-thumbnail","hentry","category-destacadas","category-nacionales","tag-luis-caputo","tag-scott-bessent"],"aioseo_notices":[],"views":1,"jetpack_publicize_connections":[],"jetpack_sharing_enabled":true,"jetpack_featured_media_url":"https:\/\/i0.wp.com\/elterritorialweb.com.ar\/web\/wp-content\/uploads\/2026\/09\/HRJVqFDXEAAiTOA.jpg?fit=1200%2C675&ssl=1","_links":{"self":[{"href":"https:\/\/elterritorialweb.com.ar\/web\/wp-json\/wp\/v2\/posts\/88287","targetHints":{"allow":["GET"]}}],"collection":[{"href":"https:\/\/elterritorialweb.com.ar\/web\/wp-json\/wp\/v2\/posts"}],"about":[{"href":"https:\/\/elterritorialweb.com.ar\/web\/wp-json\/wp\/v2\/types\/post"}],"author":[{"embeddable":true,"href":"https:\/\/elterritorialweb.com.ar\/web\/wp-json\/wp\/v2\/users\/2"}],"replies":[{"embeddable":true,"href":"https:\/\/elterritorialweb.com.ar\/web\/wp-json\/wp\/v2\/comments?post=88287"}],"version-history":[{"count":1,"href":"https:\/\/elterritorialweb.com.ar\/web\/wp-json\/wp\/v2\/posts\/88287\/revisions"}],"predecessor-version":[{"id":88289,"href":"https:\/\/elterritorialweb.com.ar\/web\/wp-json\/wp\/v2\/posts\/88287\/revisions\/88289"}],"wp:featuredmedia":[{"embeddable":true,"href":"https:\/\/elterritorialweb.com.ar\/web\/wp-json\/wp\/v2\/media\/88288"}],"wp:attachment":[{"href":"https:\/\/elterritorialweb.com.ar\/web\/wp-json\/wp\/v2\/media?parent=88287"}],"wp:term":[{"taxonomy":"category","embeddable":true,"href":"https:\/\/elterritorialweb.com.ar\/web\/wp-json\/wp\/v2\/categories?post=88287"},{"taxonomy":"post_tag","embeddable":true,"href":"https:\/\/elterritorialweb.com.ar\/web\/wp-json\/wp\/v2\/tags?post=88287"}],"curies":[{"name":"wp","href":"https:\/\/api.w.org\/{rel}","templated":true}]}}