{"id":88292,"date":"2026-09-02T01:36:41","date_gmt":"2026-09-02T01:36:41","guid":{"rendered":"https:\/\/elterritorialweb.com.ar\/web\/?p=88292"},"modified":"2026-09-02T01:51:19","modified_gmt":"2026-09-02T01:51:19","slug":"el-peronismo-recordo-el-atentado-contra-cristina-kirchner-con-un-acto-en-san-jose","status":"publish","type":"post","link":"https:\/\/elterritorialweb.com.ar\/web\/el-peronismo-recordo-el-atentado-contra-cristina-kirchner-con-un-acto-en-san-jose\/","title":{"rendered":"EL PERONISMO RECORD\u00d3 EL ATENTADO  CONTRA CRISTINA KIRCHNER CON UN ACTO EN SAN JOS\u00c9"},"content":{"rendered":"\n<p class=\"wp-block-paragraph\">El <strong>Partido Justicialista<\/strong> llev\u00f3 a cabo un acto pol\u00edtico en la localidad de <strong><strong>San Jos\u00e9<\/strong><\/strong> con el objetivo central de <strong>reivindicar a <strong>Cristina Fern\u00e1ndez de Kirchner<\/strong><\/strong>. La convocatoria militante coincidi\u00f3 con el <strong>cuarto aniversario del intento de magnicidio<\/strong> perpetrado contra la exvicepresidenta en la puerta de su domicilio. Durante la jornada, diversos referentes del espacio coincidieron en la necesidad de mantener viva la memoria institucional y exigieron un pronto <strong>esclarecimiento judicial<\/strong> sobre los autores intelectuales del ataque que conmocion\u00f3 al pa\u00eds. <\/p>\n\n\n\n<p class=\"wp-block-paragraph\">Al caer la tarde, en el marco de la conmemoraci\u00f3n de los cuatro a\u00f1os del intento de magnicidio perpetrado contra la exvicepresidenta de la Naci\u00f3n, <strong>Cristina Kirchner<\/strong>, un masivo frente integrado por 23 organizaciones sociales, sindicales y pol\u00edticas vinculadas al peronismo se moviliz\u00f3 de manera masiva hacia la Plaza de los Dos Congresos. <\/p>\n\n\n\n<figure class=\"wp-block-image size-large\"><a href=\"https:\/\/i0.wp.com\/elterritorialweb.com.ar\/web\/wp-content\/uploads\/2026\/09\/HRLFPU4W0AMn0v3.jpg\"><img data-recalc-dims=\"1\" decoding=\"async\" width=\"640\" height=\"427\" data-src=\"https:\/\/i0.wp.com\/elterritorialweb.com.ar\/web\/wp-content\/uploads\/2026\/09\/HRLFPU4W0AMn0v3.jpg?resize=640%2C427\" alt=\"\" class=\"wp-image-88294 lazyload\" data-srcset=\"https:\/\/i0.wp.com\/elterritorialweb.com.ar\/web\/wp-content\/uploads\/2026\/09\/HRLFPU4W0AMn0v3.jpg?resize=1024%2C683&amp;ssl=1 1024w, https:\/\/i0.wp.com\/elterritorialweb.com.ar\/web\/wp-content\/uploads\/2026\/09\/HRLFPU4W0AMn0v3.jpg?resize=300%2C200&amp;ssl=1 300w, https:\/\/i0.wp.com\/elterritorialweb.com.ar\/web\/wp-content\/uploads\/2026\/09\/HRLFPU4W0AMn0v3.jpg?resize=768%2C512&amp;ssl=1 768w, https:\/\/i0.wp.com\/elterritorialweb.com.ar\/web\/wp-content\/uploads\/2026\/09\/HRLFPU4W0AMn0v3.jpg?resize=1536%2C1025&amp;ssl=1 1536w, https:\/\/i0.wp.com\/elterritorialweb.com.ar\/web\/wp-content\/uploads\/2026\/09\/HRLFPU4W0AMn0v3.jpg?w=2048&amp;ssl=1 2048w, https:\/\/i0.wp.com\/elterritorialweb.com.ar\/web\/wp-content\/uploads\/2026\/09\/HRLFPU4W0AMn0v3.jpg?w=1280 1280w, https:\/\/i0.wp.com\/elterritorialweb.com.ar\/web\/wp-content\/uploads\/2026\/09\/HRLFPU4W0AMn0v3.jpg?w=1920 1920w\" data-sizes=\"(max-width: 640px) 100vw, 640px\" src=\"data:image\/svg+xml;base64,PHN2ZyB3aWR0aD0iMSIgaGVpZ2h0PSIxIiB4bWxucz0iaHR0cDovL3d3dy53My5vcmcvMjAwMC9zdmciPjwvc3ZnPg==\" style=\"--smush-placeholder-width: 640px; --smush-placeholder-aspect-ratio: 640\/427;\" \/><\/a><\/figure>\n\n\n\n<p class=\"wp-block-paragraph\">Las columnas de militantes colmaron las principales arterias del centro porte\u00f1o bajo una consigna unificada: <strong>reclamar justicia<\/strong> por la lentitud en el avance de las investigaciones judiciales en curso y exigir la identificaci\u00f3n plena de los presuntos financistas del ataque. <\/p>\n\n\n\n<p class=\"wp-block-paragraph\">Durante la lectura del documento final consensuado, los principales oradores exigieron de manera en\u00e9rgica un freno total a las expresiones de violencia pol\u00edtica y la proliferaci\u00f3n de discursos de odio en las plataformas digitales, se\u00f1al\u00e1ndolos como los principales dinamizadores de la polarizaci\u00f3n social que afecta las bases de la convivencia democr\u00e1tica en el pa\u00eds.<\/p>\n","protected":false},"excerpt":{"rendered":"<p>El Partido Justicialista se moviliz\u00f3 para reivindicar a la exmandataria al cumplirse cuatro a\u00f1os del ataque en Recoleta.<\/p>\n","protected":false},"author":2,"featured_media":88293,"comment_status":"open","ping_status":"open","sticky":false,"template":"","format":"standard","meta":{"om_disable_all_campaigns":false,"_monsterinsights_skip_tracking":false,"_uf_show_specific_survey":0,"_uf_disable_surveys":false,"_jetpack_newsletter_access":"","_jetpack_dont_email_post_to_subs":false,"_jetpack_newsletter_tier_id":0,"_jetpack_memberships_contains_paywalled_content":false,"_jetpack_feature_clip_id":0,"_jetpack_memberships_contains_paid_content":false,"footnotes":"","jetpack_publicize_message":"","jetpack_publicize_feature_enabled":true,"jetpack_social_post_already_shared":true,"jetpack_social_options":{"image_generator_settings":{"template":"highway","default_image_id":0,"font":"","enabled":false},"version":2},"jetpack_post_was_ever_published":false},"categories":[4,7],"tags":[],"class_list":["post-88292","post","type-post","status-publish","format-standard","has-post-thumbnail","hentry","category-destacadas","category-nacionales"],"aioseo_notices":[],"views":5,"jetpack_publicize_connections":[],"jetpack_sharing_enabled":true,"jetpack_featured_media_url":"https:\/\/i0.wp.com\/elterritorialweb.com.ar\/web\/wp-content\/uploads\/2026\/09\/HRLFPU6XEAM2tf2.jpg?fit=2048%2C1366&ssl=1","_links":{"self":[{"href":"https:\/\/elterritorialweb.com.ar\/web\/wp-json\/wp\/v2\/posts\/88292","targetHints":{"allow":["GET"]}}],"collection":[{"href":"https:\/\/elterritorialweb.com.ar\/web\/wp-json\/wp\/v2\/posts"}],"about":[{"href":"https:\/\/elterritorialweb.com.ar\/web\/wp-json\/wp\/v2\/types\/post"}],"author":[{"embeddable":true,"href":"https:\/\/elterritorialweb.com.ar\/web\/wp-json\/wp\/v2\/users\/2"}],"replies":[{"embeddable":true,"href":"https:\/\/elterritorialweb.com.ar\/web\/wp-json\/wp\/v2\/comments?post=88292"}],"version-history":[{"count":2,"href":"https:\/\/elterritorialweb.com.ar\/web\/wp-json\/wp\/v2\/posts\/88292\/revisions"}],"predecessor-version":[{"id":88318,"href":"https:\/\/elterritorialweb.com.ar\/web\/wp-json\/wp\/v2\/posts\/88292\/revisions\/88318"}],"wp:featuredmedia":[{"embeddable":true,"href":"https:\/\/elterritorialweb.com.ar\/web\/wp-json\/wp\/v2\/media\/88293"}],"wp:attachment":[{"href":"https:\/\/elterritorialweb.com.ar\/web\/wp-json\/wp\/v2\/media?parent=88292"}],"wp:term":[{"taxonomy":"category","embeddable":true,"href":"https:\/\/elterritorialweb.com.ar\/web\/wp-json\/wp\/v2\/categories?post=88292"},{"taxonomy":"post_tag","embeddable":true,"href":"https:\/\/elterritorialweb.com.ar\/web\/wp-json\/wp\/v2\/tags?post=88292"}],"curies":[{"name":"wp","href":"https:\/\/api.w.org\/{rel}","templated":true}]}}