{"id":88319,"date":"2026-09-02T01:58:16","date_gmt":"2026-09-02T01:58:16","guid":{"rendered":"https:\/\/elterritorialweb.com.ar\/web\/?p=88319"},"modified":"2026-09-02T01:58:18","modified_gmt":"2026-09-02T01:58:18","slug":"el-gobierno-activa-la-reforma-politica-para-eliminar-las-paso-en-el-senado","status":"publish","type":"post","link":"https:\/\/elterritorialweb.com.ar\/web\/el-gobierno-activa-la-reforma-politica-para-eliminar-las-paso-en-el-senado\/","title":{"rendered":"EL GOBIERNO ACTIVA LA REFORMA POL\u00cdTICA PARA ELIMINAR LAS PASO EN EL SENADO"},"content":{"rendered":"\n<p class=\"wp-block-paragraph\">\u200bLa <strong>Mesa Pol\u00edtica<\/strong> de la gesti\u00f3n gubernamental, encabezada por la secretaria general de la Presidencia, <strong>Karina Milei<\/strong>, el jefe de Gabinete, <strong>Diego Santilli<\/strong>, y el principal asesor estrat\u00e9gico, <strong>Santiago Caputo<\/strong>, defini\u00f3 la hoja de ruta parlamentaria que marcar\u00e1 la agenda legislativa de los pr\u00f3ximos meses. En un encuentro clave realizado en la Casa Rosada, la c\u00fapula oficialista acord\u00f3 activar de manera formal el debate en las comisiones del <strong>Senado de la Naci\u00f3n<\/strong> a partir del <strong>15 de septiembre<\/strong>.<\/p>\n\n\n\n<p class=\"wp-block-paragraph\">\u200bEl objetivo central de este paquete de reformas impulsado por el Poder Ejecutivo es la <strong>eliminaci\u00f3n de las elecciones PASO<\/strong>, una medida respaldada por el argumento del <strong>elevado costo fiscal<\/strong> que representan para las arcas del Estado. <\/p>\n\n\n\n<p class=\"wp-block-paragraph\">Junto con la supresi\u00f3n de las primarias, el Gobierno buscar\u00e1 acelerar el tratamiento de la <strong>Ley de Ficha Limpia<\/strong> para inhabilitar la candidatura de personas condenadas en segunda instancia, adem\u00e1s de introducir cambios estructurales orientados a mayor control y transparencia en el <strong>financiamiento partidario<\/strong>.<\/p>\n\n\n\n<p class=\"wp-block-paragraph\"><\/p>\n","protected":false},"excerpt":{"rendered":"<p>\u200bLa mesa chica del Ejecutivo fij\u00f3 la hoja de ruta parlamentaria a partir de mediados de septiembre para erradicar las primarias, avanzar con la Ley de Ficha Limpia y transparentar los fondos de los partidos.<\/p>\n","protected":false},"author":2,"featured_media":88320,"comment_status":"open","ping_status":"open","sticky":false,"template":"","format":"standard","meta":{"om_disable_all_campaigns":false,"_monsterinsights_skip_tracking":false,"_uf_show_specific_survey":0,"_uf_disable_surveys":false,"_jetpack_newsletter_access":"","_jetpack_dont_email_post_to_subs":false,"_jetpack_newsletter_tier_id":0,"_jetpack_memberships_contains_paywalled_content":false,"_jetpack_feature_clip_id":0,"_jetpack_memberships_contains_paid_content":false,"footnotes":"","jetpack_publicize_message":"","jetpack_publicize_feature_enabled":true,"jetpack_social_post_already_shared":true,"jetpack_social_options":{"image_generator_settings":{"template":"highway","default_image_id":0,"font":"","enabled":false},"version":2},"jetpack_post_was_ever_published":false},"categories":[4,7],"tags":[],"class_list":["post-88319","post","type-post","status-publish","format-standard","has-post-thumbnail","hentry","category-destacadas","category-nacionales"],"aioseo_notices":[],"views":5,"jetpack_publicize_connections":[],"jetpack_sharing_enabled":true,"jetpack_featured_media_url":"https:\/\/i0.wp.com\/elterritorialweb.com.ar\/web\/wp-content\/uploads\/2026\/09\/HRKZVrLbkAAh52U.jpg?fit=1200%2C630&ssl=1","_links":{"self":[{"href":"https:\/\/elterritorialweb.com.ar\/web\/wp-json\/wp\/v2\/posts\/88319","targetHints":{"allow":["GET"]}}],"collection":[{"href":"https:\/\/elterritorialweb.com.ar\/web\/wp-json\/wp\/v2\/posts"}],"about":[{"href":"https:\/\/elterritorialweb.com.ar\/web\/wp-json\/wp\/v2\/types\/post"}],"author":[{"embeddable":true,"href":"https:\/\/elterritorialweb.com.ar\/web\/wp-json\/wp\/v2\/users\/2"}],"replies":[{"embeddable":true,"href":"https:\/\/elterritorialweb.com.ar\/web\/wp-json\/wp\/v2\/comments?post=88319"}],"version-history":[{"count":1,"href":"https:\/\/elterritorialweb.com.ar\/web\/wp-json\/wp\/v2\/posts\/88319\/revisions"}],"predecessor-version":[{"id":88321,"href":"https:\/\/elterritorialweb.com.ar\/web\/wp-json\/wp\/v2\/posts\/88319\/revisions\/88321"}],"wp:featuredmedia":[{"embeddable":true,"href":"https:\/\/elterritorialweb.com.ar\/web\/wp-json\/wp\/v2\/media\/88320"}],"wp:attachment":[{"href":"https:\/\/elterritorialweb.com.ar\/web\/wp-json\/wp\/v2\/media?parent=88319"}],"wp:term":[{"taxonomy":"category","embeddable":true,"href":"https:\/\/elterritorialweb.com.ar\/web\/wp-json\/wp\/v2\/categories?post=88319"},{"taxonomy":"post_tag","embeddable":true,"href":"https:\/\/elterritorialweb.com.ar\/web\/wp-json\/wp\/v2\/tags?post=88319"}],"curies":[{"name":"wp","href":"https:\/\/api.w.org\/{rel}","templated":true}]}}