{"id":88322,"date":"2026-09-02T02:05:27","date_gmt":"2026-09-02T02:05:27","guid":{"rendered":"https:\/\/elterritorialweb.com.ar\/web\/?p=88322"},"modified":"2026-09-02T02:05:29","modified_gmt":"2026-09-02T02:05:29","slug":"el-presidente-anuncio-cadena-nacional-tras-un-giro-clave-de-estados-unidos-por-malvinas","status":"publish","type":"post","link":"https:\/\/elterritorialweb.com.ar\/web\/el-presidente-anuncio-cadena-nacional-tras-un-giro-clave-de-estados-unidos-por-malvinas\/","title":{"rendered":"EL PRESIDENTE ANUNCI\u00d3 CADENA NACIONAL TRAS UN GIRO CLAVE DE ESTADOS UNIDOS POR MALVINAS"},"content":{"rendered":"\n<p class=\"wp-block-paragraph\">\u200b\u200bA primera hora de la tarde, tras una <strong>prolongada e intensa reuni\u00f3n de Gabinete<\/strong> en el Sal\u00f3n de los Cient\u00edficos de la Casa Rosada, el Gobierno nacional confirm\u00f3 oficialmente que el presidente <strong>Javier Milei hablar\u00e1 al pa\u00eds mediante una cadena nacional<\/strong> este jueves 3 de septiembre a las 21:00 horas.<\/p>\n\n\n\n<p class=\"wp-block-paragraph\">\u200bEl prop\u00f3sito excluyente de la convocatoria p\u00fablica es brindar <strong>precisiones detalladas sobre los recientes avances diplom\u00e1ticos<\/strong> alcanzados en torno a la cuesti\u00f3n Malvinas. La sorpresiva decisi\u00f3n de utilizar la red obligatoria de radio y televisi\u00f3n fue motivada por las <strong>declaraciones p\u00fablicas del mandatario estadounidense, Donald Trump<\/strong>, quien sugiri\u00f3 una <strong>revisi\u00f3n de la postura hist\u00f3rica de neutralidad<\/strong> de Washington sobre el diferendo del Atl\u00e1ntico Sur.<\/p>\n\n\n\n<p class=\"wp-block-paragraph\">\u200bDurante el encuentro en la sede de Gobierno, el gabinete analiz\u00f3 detenidamente el <strong>impacto geopol\u00edtico de este pronunciamiento<\/strong> y deline\u00f3 los ejes de la <strong>estrategia exterior<\/strong> que el mandatario expondr\u00e1 ante la ciudadan\u00eda, una intervenci\u00f3n que ya genera una <strong>enorme expectativa en la comunidad diplom\u00e1tica internacional<\/strong>.<\/p>\n","protected":false},"excerpt":{"rendered":"<p>Javier Milei se dirigir\u00e1 al pa\u00eds este jueves tras una reuni\u00f3n de Gabinete donde se analiz\u00f3 la postura de Donald Trump sobre las islas.<\/p>\n","protected":false},"author":2,"featured_media":88323,"comment_status":"open","ping_status":"open","sticky":false,"template":"","format":"standard","meta":{"om_disable_all_campaigns":false,"_monsterinsights_skip_tracking":false,"_uf_show_specific_survey":0,"_uf_disable_surveys":false,"_jetpack_newsletter_access":"","_jetpack_dont_email_post_to_subs":false,"_jetpack_newsletter_tier_id":0,"_jetpack_memberships_contains_paywalled_content":false,"_jetpack_feature_clip_id":0,"_jetpack_memberships_contains_paid_content":false,"footnotes":"","jetpack_publicize_message":"","jetpack_publicize_feature_enabled":true,"jetpack_social_post_already_shared":true,"jetpack_social_options":{"image_generator_settings":{"template":"highway","default_image_id":0,"font":"","enabled":false},"version":2},"jetpack_post_was_ever_published":false},"categories":[4,7],"tags":[1454,92],"class_list":["post-88322","post","type-post","status-publish","format-standard","has-post-thumbnail","hentry","category-destacadas","category-nacionales","tag-cadena-nacional","tag-javier-milei"],"aioseo_notices":[],"views":13,"jetpack_publicize_connections":[],"jetpack_sharing_enabled":true,"jetpack_featured_media_url":"https:\/\/i0.wp.com\/elterritorialweb.com.ar\/web\/wp-content\/uploads\/2026\/09\/Javier-Milei-Cadena-Nacional-optimized.jpg?fit=1200%2C700&ssl=1","_links":{"self":[{"href":"https:\/\/elterritorialweb.com.ar\/web\/wp-json\/wp\/v2\/posts\/88322","targetHints":{"allow":["GET"]}}],"collection":[{"href":"https:\/\/elterritorialweb.com.ar\/web\/wp-json\/wp\/v2\/posts"}],"about":[{"href":"https:\/\/elterritorialweb.com.ar\/web\/wp-json\/wp\/v2\/types\/post"}],"author":[{"embeddable":true,"href":"https:\/\/elterritorialweb.com.ar\/web\/wp-json\/wp\/v2\/users\/2"}],"replies":[{"embeddable":true,"href":"https:\/\/elterritorialweb.com.ar\/web\/wp-json\/wp\/v2\/comments?post=88322"}],"version-history":[{"count":1,"href":"https:\/\/elterritorialweb.com.ar\/web\/wp-json\/wp\/v2\/posts\/88322\/revisions"}],"predecessor-version":[{"id":88324,"href":"https:\/\/elterritorialweb.com.ar\/web\/wp-json\/wp\/v2\/posts\/88322\/revisions\/88324"}],"wp:featuredmedia":[{"embeddable":true,"href":"https:\/\/elterritorialweb.com.ar\/web\/wp-json\/wp\/v2\/media\/88323"}],"wp:attachment":[{"href":"https:\/\/elterritorialweb.com.ar\/web\/wp-json\/wp\/v2\/media?parent=88322"}],"wp:term":[{"taxonomy":"category","embeddable":true,"href":"https:\/\/elterritorialweb.com.ar\/web\/wp-json\/wp\/v2\/categories?post=88322"},{"taxonomy":"post_tag","embeddable":true,"href":"https:\/\/elterritorialweb.com.ar\/web\/wp-json\/wp\/v2\/tags?post=88322"}],"curies":[{"name":"wp","href":"https:\/\/api.w.org\/{rel}","templated":true}]}}