{"id":88325,"date":"2026-09-02T02:17:15","date_gmt":"2026-09-02T02:17:15","guid":{"rendered":"https:\/\/elterritorialweb.com.ar\/web\/?p=88325"},"modified":"2026-09-02T02:21:43","modified_gmt":"2026-09-02T02:21:43","slug":"el-patrimonio-neto-de-javier-milei-crecio-mas-de-un-40-por-ciento-en-su-segundo-ano-de-gestion","status":"publish","type":"post","link":"https:\/\/elterritorialweb.com.ar\/web\/el-patrimonio-neto-de-javier-milei-crecio-mas-de-un-40-por-ciento-en-su-segundo-ano-de-gestion\/","title":{"rendered":"EL PATRIMONIO NETO DE JAVIER MILEI CRECI\u00d3 M\u00c1S DE UN 40 POR CIENTO EN SU SEGUNDO A\u00d1O DE GESTI\u00d3N"},"content":{"rendered":"\n<p class=\"wp-block-paragraph\">\u200b\u200bLa <strong>Oficina Anticorrupci\u00f3n<\/strong> hizo p\u00fablica la m\u00e1s reciente presentaci\u00f3n oficial de bienes del presidente <strong>Javier Milei<\/strong>, cumpliendo con el requisito obligatorio de transparencia exigido a todos los funcionarios del Poder Ejecutivo. El documento t\u00e9cnico revela que el patrimonio neto del jefe de Estado experiment\u00f3 un incremento del <strong>43,3% nominal<\/strong> durante su segundo a\u00f1o al frente del Gobierno nacional, pasando de <strong>$206 millones al inicio de 2025 a $295,2 millones al cierre<\/strong>. Sin embargo, al medir la cifra en d\u00f3lares, la fortuna personal del mandatario se mantuvo pr\u00e1cticamente estable, situ\u00e1ndose en torno a los <strong>US$ 85.562 en total<\/strong>.<\/p>\n\n\n\n<p class=\"wp-block-paragraph\">\u200bM\u00e1s del <strong>80% del incremento nominal en pesos<\/strong> se debi\u00f3 a la <strong>actualizaci\u00f3n contable y revaluaci\u00f3n fiscal<\/strong> de bienes que ya pose\u00eda, y no a la incorporaci\u00f3n de nuevos activos. Dentro de su patrimonio inmobiliario, el Presidente declara una <strong>casa de 100 metros cuadrados en la Ciudad Aut\u00f3noma de Buenos Aires<\/strong>, adquirida en el a\u00f1o 2000, cuya valuaci\u00f3n fiscal ascendi\u00f3 a <strong>73,5 millones de pesos<\/strong>. En cuanto a sus veh\u00edculos, conserva sin modificaciones en su valor un furg\u00f3n <strong>Mercedes-Benz Sprinter modelo 2015<\/strong> y un <strong>Peugeot RCZ Coup\u00e9 modelo 2013<\/strong>.<\/p>\n\n\n\n<p class=\"wp-block-paragraph\">\u200bEn el rubro de ahorros y activos liquidos, Milei inform\u00f3 <strong>US$ 20.000 en efectivo<\/strong> fuera del sistema financiero y <strong>US$ 65.562 depositados en cajas de ahorro<\/strong> en el pa\u00eds, adem\u00e1s de dinero en moneda local y cr\u00e9ditos fiscales. Desde el entorno presidencial y los informes patrimoniales se ratifica que la composici\u00f3n de sus bienes pr\u00e1cticamente no sufri\u00f3 modificaciones operativas, cerrando el ejercicio auditado con un total de <strong>$295.182.652,87<\/strong>, impulsado principalmente por el ajuste contable y el impacto de la <strong>evoluci\u00f3n cambiaria<\/strong> sobre sus activos declarados legalmente.<\/p>\n","protected":false},"excerpt":{"rendered":"<p>El Presidente present\u00f3 su declaraci\u00f3n jurada anual ante la Oficina Anticorrupci\u00f3n, registrando un patrimonio total superior a los 295 millones de pesos.<\/p>\n","protected":false},"author":2,"featured_media":88326,"comment_status":"open","ping_status":"open","sticky":false,"template":"","format":"standard","meta":{"om_disable_all_campaigns":false,"_monsterinsights_skip_tracking":false,"_uf_show_specific_survey":0,"_uf_disable_surveys":false,"_jetpack_newsletter_access":"","_jetpack_dont_email_post_to_subs":false,"_jetpack_newsletter_tier_id":0,"_jetpack_memberships_contains_paywalled_content":false,"_jetpack_feature_clip_id":0,"_jetpack_memberships_contains_paid_content":false,"footnotes":"","jetpack_publicize_message":"","jetpack_publicize_feature_enabled":true,"jetpack_social_post_already_shared":true,"jetpack_social_options":{"image_generator_settings":{"template":"highway","default_image_id":0,"font":"","enabled":false},"version":2},"jetpack_post_was_ever_published":false},"categories":[4,7],"tags":[92,1889],"class_list":["post-88325","post","type-post","status-publish","format-standard","has-post-thumbnail","hentry","category-destacadas","category-nacionales","tag-javier-milei","tag-oficina-anticorrupcion"],"aioseo_notices":[],"views":4,"jetpack_publicize_connections":[],"jetpack_sharing_enabled":true,"jetpack_featured_media_url":"https:\/\/i0.wp.com\/elterritorialweb.com.ar\/web\/wp-content\/uploads\/2026\/09\/javier-milei-5_8385373_20240827162607.jpg?fit=1200%2C800&ssl=1","_links":{"self":[{"href":"https:\/\/elterritorialweb.com.ar\/web\/wp-json\/wp\/v2\/posts\/88325","targetHints":{"allow":["GET"]}}],"collection":[{"href":"https:\/\/elterritorialweb.com.ar\/web\/wp-json\/wp\/v2\/posts"}],"about":[{"href":"https:\/\/elterritorialweb.com.ar\/web\/wp-json\/wp\/v2\/types\/post"}],"author":[{"embeddable":true,"href":"https:\/\/elterritorialweb.com.ar\/web\/wp-json\/wp\/v2\/users\/2"}],"replies":[{"embeddable":true,"href":"https:\/\/elterritorialweb.com.ar\/web\/wp-json\/wp\/v2\/comments?post=88325"}],"version-history":[{"count":2,"href":"https:\/\/elterritorialweb.com.ar\/web\/wp-json\/wp\/v2\/posts\/88325\/revisions"}],"predecessor-version":[{"id":88328,"href":"https:\/\/elterritorialweb.com.ar\/web\/wp-json\/wp\/v2\/posts\/88325\/revisions\/88328"}],"wp:featuredmedia":[{"embeddable":true,"href":"https:\/\/elterritorialweb.com.ar\/web\/wp-json\/wp\/v2\/media\/88326"}],"wp:attachment":[{"href":"https:\/\/elterritorialweb.com.ar\/web\/wp-json\/wp\/v2\/media?parent=88325"}],"wp:term":[{"taxonomy":"category","embeddable":true,"href":"https:\/\/elterritorialweb.com.ar\/web\/wp-json\/wp\/v2\/categories?post=88325"},{"taxonomy":"post_tag","embeddable":true,"href":"https:\/\/elterritorialweb.com.ar\/web\/wp-json\/wp\/v2\/tags?post=88325"}],"curies":[{"name":"wp","href":"https:\/\/api.w.org\/{rel}","templated":true}]}}