{"id":88329,"date":"2026-09-02T04:41:42","date_gmt":"2026-09-02T04:41:42","guid":{"rendered":"https:\/\/elterritorialweb.com.ar\/web\/?p=88329"},"modified":"2026-09-02T04:41:45","modified_gmt":"2026-09-02T04:41:45","slug":"el-gobierno-oficializo-cambios-en-los-subsidios-energeticos-y-elevo-el-tope-de-consumo-bonificado","status":"publish","type":"post","link":"https:\/\/elterritorialweb.com.ar\/web\/el-gobierno-oficializo-cambios-en-los-subsidios-energeticos-y-elevo-el-tope-de-consumo-bonificado\/","title":{"rendered":"EL GOBIERNO OFICIALIZ\u00d3 CAMBIOS EN LOS SUBSIDIOS ENERG\u00c9TICOS Y ELEV\u00d3 EL TOPE DE CONSUMO BONIFICADO"},"content":{"rendered":"\n<p class=\"wp-block-paragraph\">A primera hora de este martes, el Gobierno nacional formaliz\u00f3 una reestructuraci\u00f3n profunda en el sistema de asistencia energ\u00e9tica mediante la cual la <strong>Secretar\u00eda de Energ\u00eda de la Naci\u00f3n dispuso un incremento regulatorio que eleva a 200 kWh el tope de consumo bonificado de energ\u00eda el\u00e9ctrica<\/strong> para los usuarios residenciales catalogados en el segmento de menores ingresos. <\/p>\n\n\n\n<p class=\"wp-block-paragraph\">Esta medida busca atenuar el impacto directo de las correcciones tarifarias sobre los hogares en situaci\u00f3n de vulnerabilidad econ\u00f3mica, permiti\u00e9ndoles acceder a un bloque de consumo asistido m\u00e1s amplio antes de comenzar a abonar la tarifa plena sin subsidio.<\/p>\n\n\n\n<p class=\"wp-block-paragraph\">\u200bA pesar de esta flexibilizaci\u00f3n para el sector vulnerable, la resoluci\u00f3n oficializada en el Bolet\u00edn Oficial ratifica la continuidad del programa de ordenamiento fiscal y <strong>sostiene la quita gradual de asistencia estatal para los niveles de ingresos medios y altos<\/strong>. <\/p>\n\n\n\n<p class=\"wp-block-paragraph\">Como consecuencia directa de la actualizaci\u00f3n en los precios mayoristas del Mercado El\u00e9ctrico Mayorista y del gas natural en punto de ingreso al sistema de transporte, <strong>se registrar\u00e1n incrementos promedio en las facturas del 1,75% en el servicio de luz y del 1,40% en el servicio de gas<\/strong> para el resto de la demanda residencial y comercial.<\/p>\n\n\n\n<p class=\"wp-block-paragraph\">\u200bEl nuevo cuadro tarifario busca reflejar de manera m\u00e1s precisa los costos reales de generaci\u00f3n y transporte de energ\u00eda, ajustando los m\u00e1rgenes de las compa\u00f1\u00edas operadoras del sector. Para implementar estos cambios sin demoras, <strong>las empresas distribuidoras ya fueron notificadas para aplicar los nuevos cuadros de manera inmediata con el inicio del mes de facturaci\u00f3n<\/strong>, de modo que los consumos registrados durante septiembre llegar\u00e1n reflejados con las nuevas escalas en las boletas correspondientes al pr\u00f3ximo ciclo.<\/p>\n","protected":false},"excerpt":{"rendered":"<p>\u200bLa Secretar\u00eda de Energ\u00eda de la Naci\u00f3n dispuso un nuevo esquema tarifario que regir\u00e1 a partir de septiembre, con una combinaci\u00f3n de alivio para los sectores vulnerables y una reducci\u00f3n gradual del aporte estatal para el resto de los usuarios.<\/p>\n","protected":false},"author":2,"featured_media":88330,"comment_status":"open","ping_status":"open","sticky":false,"template":"","format":"standard","meta":{"om_disable_all_campaigns":false,"_monsterinsights_skip_tracking":false,"_uf_show_specific_survey":0,"_uf_disable_surveys":false,"_jetpack_newsletter_access":"","_jetpack_dont_email_post_to_subs":false,"_jetpack_newsletter_tier_id":0,"_jetpack_memberships_contains_paywalled_content":false,"_jetpack_feature_clip_id":0,"_jetpack_memberships_contains_paid_content":false,"footnotes":"","jetpack_publicize_message":"","jetpack_publicize_feature_enabled":true,"jetpack_social_post_already_shared":true,"jetpack_social_options":{"image_generator_settings":{"template":"highway","default_image_id":0,"font":"","enabled":false},"version":2},"jetpack_post_was_ever_published":false},"categories":[4,7],"tags":[1890],"class_list":["post-88329","post","type-post","status-publish","format-standard","has-post-thumbnail","hentry","category-destacadas","category-nacionales","tag-subsidios-de-luz-y-gas"],"aioseo_notices":[],"views":0,"jetpack_publicize_connections":[],"jetpack_sharing_enabled":true,"jetpack_featured_media_url":"https:\/\/i0.wp.com\/elterritorialweb.com.ar\/web\/wp-content\/uploads\/2026\/09\/subsidios-luz-y-gasjpg.jpg?fit=770%2C435&ssl=1","_links":{"self":[{"href":"https:\/\/elterritorialweb.com.ar\/web\/wp-json\/wp\/v2\/posts\/88329","targetHints":{"allow":["GET"]}}],"collection":[{"href":"https:\/\/elterritorialweb.com.ar\/web\/wp-json\/wp\/v2\/posts"}],"about":[{"href":"https:\/\/elterritorialweb.com.ar\/web\/wp-json\/wp\/v2\/types\/post"}],"author":[{"embeddable":true,"href":"https:\/\/elterritorialweb.com.ar\/web\/wp-json\/wp\/v2\/users\/2"}],"replies":[{"embeddable":true,"href":"https:\/\/elterritorialweb.com.ar\/web\/wp-json\/wp\/v2\/comments?post=88329"}],"version-history":[{"count":1,"href":"https:\/\/elterritorialweb.com.ar\/web\/wp-json\/wp\/v2\/posts\/88329\/revisions"}],"predecessor-version":[{"id":88331,"href":"https:\/\/elterritorialweb.com.ar\/web\/wp-json\/wp\/v2\/posts\/88329\/revisions\/88331"}],"wp:featuredmedia":[{"embeddable":true,"href":"https:\/\/elterritorialweb.com.ar\/web\/wp-json\/wp\/v2\/media\/88330"}],"wp:attachment":[{"href":"https:\/\/elterritorialweb.com.ar\/web\/wp-json\/wp\/v2\/media?parent=88329"}],"wp:term":[{"taxonomy":"category","embeddable":true,"href":"https:\/\/elterritorialweb.com.ar\/web\/wp-json\/wp\/v2\/categories?post=88329"},{"taxonomy":"post_tag","embeddable":true,"href":"https:\/\/elterritorialweb.com.ar\/web\/wp-json\/wp\/v2\/tags?post=88329"}],"curies":[{"name":"wp","href":"https:\/\/api.w.org\/{rel}","templated":true}]}}