{"id":88332,"date":"2026-09-02T15:04:01","date_gmt":"2026-09-02T15:04:01","guid":{"rendered":"https:\/\/elterritorialweb.com.ar\/web\/?p=88332"},"modified":"2026-09-02T15:04:03","modified_gmt":"2026-09-02T15:04:03","slug":"paro-universitario-de-24-horas-congela-las-aulas-en-todo-el-pais-ante-la-falta-de-acuerdo-salarial","status":"publish","type":"post","link":"https:\/\/elterritorialweb.com.ar\/web\/paro-universitario-de-24-horas-congela-las-aulas-en-todo-el-pais-ante-la-falta-de-acuerdo-salarial\/","title":{"rendered":"PARO UNIVERSITARIO DE 24 HORAS CONGELA LAS AULAS EN TODO EL PA\u00cdS ANTE LA FALTA DE ACUERDO SALARIAL"},"content":{"rendered":"\n<p class=\"wp-block-paragraph\">La medida de fuerza de 24 horas fue convocada de manera conjunta por los principales frentes sindicales universitarios luego de considerar ofensiva la \u00faltima propuesta salarial del Poder Ejecutivo. <\/p>\n\n\n\n<p class=\"wp-block-paragraph\">Desde el Ministerio de Capital Humano se propuso un incremento del 3% para los haberes de septiembre, una cifra que los gremios rechazaron de inmediato por encontrarse muy debajo de la inflaci\u00f3n acumulada. El malestar de la comunidad acad\u00e9mica se profundiza con r\u00e9plicas de protestas en diferentes provincias del pa\u00eds. <\/p>\n\n\n\n<p class=\"wp-block-paragraph\">Los representantes sindicales advirtieron que, si el Gobierno nacional no convoca a una mesa de negociaci\u00f3n paritaria real con propuestas superadoras, se intensificar\u00e1n las protestas con paros por tiempo indeterminado en las pr\u00f3ximas semanas.<\/p>\n","protected":false},"excerpt":{"rendered":"<p>El acatamiento masivo a la huelga docente paraliz\u00f3 este mi\u00e9rcoles las universidades p\u00fablicas nacionales en el marco de un conflicto presupuestario que sigue sumando tensi\u00f3n.<\/p>\n","protected":false},"author":2,"featured_media":88333,"comment_status":"open","ping_status":"open","sticky":false,"template":"","format":"standard","meta":{"om_disable_all_campaigns":false,"_monsterinsights_skip_tracking":false,"_uf_show_specific_survey":0,"_uf_disable_surveys":false,"_jetpack_newsletter_access":"","_jetpack_dont_email_post_to_subs":false,"_jetpack_newsletter_tier_id":0,"_jetpack_memberships_contains_paywalled_content":false,"_jetpack_feature_clip_id":0,"_jetpack_memberships_contains_paid_content":false,"footnotes":"","jetpack_publicize_message":"","jetpack_publicize_feature_enabled":true,"jetpack_social_post_already_shared":true,"jetpack_social_options":{"image_generator_settings":{"template":"highway","default_image_id":0,"font":"","enabled":false},"version":2},"jetpack_post_was_ever_published":false},"categories":[4,7],"tags":[1635],"class_list":["post-88332","post","type-post","status-publish","format-standard","has-post-thumbnail","hentry","category-destacadas","category-nacionales","tag-paro-universitario"],"aioseo_notices":[],"views":1,"jetpack_publicize_connections":[],"jetpack_sharing_enabled":true,"jetpack_featured_media_url":"https:\/\/i0.wp.com\/elterritorialweb.com.ar\/web\/wp-content\/uploads\/2026\/09\/aula-vacia.jpg?fit=1200%2C800&ssl=1","_links":{"self":[{"href":"https:\/\/elterritorialweb.com.ar\/web\/wp-json\/wp\/v2\/posts\/88332","targetHints":{"allow":["GET"]}}],"collection":[{"href":"https:\/\/elterritorialweb.com.ar\/web\/wp-json\/wp\/v2\/posts"}],"about":[{"href":"https:\/\/elterritorialweb.com.ar\/web\/wp-json\/wp\/v2\/types\/post"}],"author":[{"embeddable":true,"href":"https:\/\/elterritorialweb.com.ar\/web\/wp-json\/wp\/v2\/users\/2"}],"replies":[{"embeddable":true,"href":"https:\/\/elterritorialweb.com.ar\/web\/wp-json\/wp\/v2\/comments?post=88332"}],"version-history":[{"count":1,"href":"https:\/\/elterritorialweb.com.ar\/web\/wp-json\/wp\/v2\/posts\/88332\/revisions"}],"predecessor-version":[{"id":88334,"href":"https:\/\/elterritorialweb.com.ar\/web\/wp-json\/wp\/v2\/posts\/88332\/revisions\/88334"}],"wp:featuredmedia":[{"embeddable":true,"href":"https:\/\/elterritorialweb.com.ar\/web\/wp-json\/wp\/v2\/media\/88333"}],"wp:attachment":[{"href":"https:\/\/elterritorialweb.com.ar\/web\/wp-json\/wp\/v2\/media?parent=88332"}],"wp:term":[{"taxonomy":"category","embeddable":true,"href":"https:\/\/elterritorialweb.com.ar\/web\/wp-json\/wp\/v2\/categories?post=88332"},{"taxonomy":"post_tag","embeddable":true,"href":"https:\/\/elterritorialweb.com.ar\/web\/wp-json\/wp\/v2\/tags?post=88332"}],"curies":[{"name":"wp","href":"https:\/\/api.w.org\/{rel}","templated":true}]}}