{"id":88335,"date":"2026-09-02T16:32:09","date_gmt":"2026-09-02T16:32:09","guid":{"rendered":"https:\/\/elterritorialweb.com.ar\/web\/?p=88335"},"modified":"2026-09-02T16:32:11","modified_gmt":"2026-09-02T16:32:11","slug":"la-banda-refuerza-las-acciones-de-prevencion-y-acompanamiento-ante-el-suicidio","status":"publish","type":"post","link":"https:\/\/elterritorialweb.com.ar\/web\/la-banda-refuerza-las-acciones-de-prevencion-y-acompanamiento-ante-el-suicidio\/","title":{"rendered":"LA BANDA REFUERZA LAS ACCIONES DE PREVENCI\u00d3N Y ACOMPA\u00d1AMIENTO ANTE EL SUICIDIO"},"content":{"rendered":"\n<p class=\"wp-block-paragraph\">En el marco del <strong>\u201cMes Mundial para la Prevenci\u00f3n del Suicidio\u201d<\/strong>, la Municipalidad de La Banda, a trav\u00e9s de la <strong>Direcci\u00f3n de Prevenci\u00f3n en Adicciones<\/strong> dependiente de la Secretar\u00eda de Coordinaci\u00f3n y Desarrollo Territorial, contin\u00faa realizando acciones de sensibilizaci\u00f3n, prevenci\u00f3n y acompa\u00f1amiento destinadas a la comunidad.<\/p>\n\n\n\n<p class=\"wp-block-paragraph\">\u200bEl trabajador social de la repartici\u00f3n, <strong>Mat\u00edas Garnica<\/strong>, destac\u00f3 la importancia de abordar esta problem\u00e1tica desde una <strong>mirada integral<\/strong>, teniendo en cuenta que se trata de un <strong>fen\u00f3meno multidimensional<\/strong> en el que pueden intervenir distintos factores, entre ellos las <strong>emociones y los consumos problem\u00e1ticos<\/strong>. En ese sentido, Garnica explic\u00f3 que existen m\u00faltiples causas interconectadas y remarc\u00f3 que detr\u00e1s de cada situaci\u00f3n existe una <strong>historia que debe ser escuchada y comprendida<\/strong>.<\/p>\n\n\n\n<p class=\"wp-block-paragraph\">\u200bA trav\u00e9s de la gesti\u00f3n del <strong>intendente Ing. Roger Nediani<\/strong>, el \u00e1rea municipal desarrolla talleres y charlas enfocado en el <strong>reconocimiento y manejo de las emociones<\/strong>, la <strong>detecci\u00f3n temprana de situaciones de riesgo<\/strong> y la <strong>capacitaci\u00f3n de referentes comunitarios<\/strong>. Estas iniciativas incluyen un trabajo directo con <strong>madres, padres y familiares<\/strong>, brind\u00e1ndoles herramientas clave para identificar se\u00f1ales de alerta y actuar oportunamente ante una <strong>posible crisis emocional<\/strong>.<\/p>\n\n\n\n<p class=\"wp-block-paragraph\">\u200bAsimismo, se remarc\u00f3 que la Direcci\u00f3n de Prevenci\u00f3n en Adicciones no solo atiende casos vinculados a las adicciones, sino que abarca diversas situaciones relacionadas con la <strong>salud emocional y la contenci\u00f3n<\/strong>.<\/p>\n\n\n\n<p class=\"wp-block-paragraph\">\u200bPara quienes requieran asistencia o asesoramiento, el municipio record\u00f3 que se puede acudir a la sede de la Direcci\u00f3n de Prevenci\u00f3n en Adicciones, ubicada en <strong>Besares 261 (Direcci\u00f3n de Salud)<\/strong>. All\u00ed se ofrece <strong>atenci\u00f3n gratuita, orientaci\u00f3n y asistencia psicol\u00f3gica y preventiva<\/strong> tanto a los afectados como a sus familias, bajo la premisa fundamental de <strong>hablar, escuchar y pedir ayuda a tiempo<\/strong>.<\/p>\n","protected":false},"excerpt":{"rendered":"<p>\u200bLa Municipalidad de La Banda impulsa talleres, capacitaciones y espacios de escucha gratuitos para abordar la salud mental y brindar contenci\u00f3n a la comunidad.<\/p>\n","protected":false},"author":2,"featured_media":88336,"comment_status":"open","ping_status":"open","sticky":false,"template":"","format":"standard","meta":{"om_disable_all_campaigns":false,"_monsterinsights_skip_tracking":false,"_uf_show_specific_survey":0,"_uf_disable_surveys":false,"_jetpack_newsletter_access":"","_jetpack_dont_email_post_to_subs":false,"_jetpack_newsletter_tier_id":0,"_jetpack_memberships_contains_paywalled_content":false,"_jetpack_feature_clip_id":0,"_jetpack_memberships_contains_paid_content":false,"footnotes":"","jetpack_publicize_message":"","jetpack_publicize_feature_enabled":true,"jetpack_social_post_already_shared":true,"jetpack_social_options":{"image_generator_settings":{"template":"highway","default_image_id":0,"font":"","enabled":false},"version":2},"jetpack_post_was_ever_published":false},"categories":[9,4],"tags":[71,1891],"class_list":["post-88335","post","type-post","status-publish","format-standard","has-post-thumbnail","hentry","category-banda","category-destacadas","tag-municipalidad-de-la-banda","tag-suicidio"],"aioseo_notices":[],"views":3,"jetpack_publicize_connections":[],"jetpack_sharing_enabled":true,"jetpack_featured_media_url":"https:\/\/i0.wp.com\/elterritorialweb.com.ar\/web\/wp-content\/uploads\/2026\/09\/IMG-20260902-WA0016.jpg?fit=1084%2C949&ssl=1","_links":{"self":[{"href":"https:\/\/elterritorialweb.com.ar\/web\/wp-json\/wp\/v2\/posts\/88335","targetHints":{"allow":["GET"]}}],"collection":[{"href":"https:\/\/elterritorialweb.com.ar\/web\/wp-json\/wp\/v2\/posts"}],"about":[{"href":"https:\/\/elterritorialweb.com.ar\/web\/wp-json\/wp\/v2\/types\/post"}],"author":[{"embeddable":true,"href":"https:\/\/elterritorialweb.com.ar\/web\/wp-json\/wp\/v2\/users\/2"}],"replies":[{"embeddable":true,"href":"https:\/\/elterritorialweb.com.ar\/web\/wp-json\/wp\/v2\/comments?post=88335"}],"version-history":[{"count":1,"href":"https:\/\/elterritorialweb.com.ar\/web\/wp-json\/wp\/v2\/posts\/88335\/revisions"}],"predecessor-version":[{"id":88337,"href":"https:\/\/elterritorialweb.com.ar\/web\/wp-json\/wp\/v2\/posts\/88335\/revisions\/88337"}],"wp:featuredmedia":[{"embeddable":true,"href":"https:\/\/elterritorialweb.com.ar\/web\/wp-json\/wp\/v2\/media\/88336"}],"wp:attachment":[{"href":"https:\/\/elterritorialweb.com.ar\/web\/wp-json\/wp\/v2\/media?parent=88335"}],"wp:term":[{"taxonomy":"category","embeddable":true,"href":"https:\/\/elterritorialweb.com.ar\/web\/wp-json\/wp\/v2\/categories?post=88335"},{"taxonomy":"post_tag","embeddable":true,"href":"https:\/\/elterritorialweb.com.ar\/web\/wp-json\/wp\/v2\/tags?post=88335"}],"curies":[{"name":"wp","href":"https:\/\/api.w.org\/{rel}","templated":true}]}}