{"id":88338,"date":"2026-09-02T16:48:05","date_gmt":"2026-09-02T16:48:05","guid":{"rendered":"https:\/\/elterritorialweb.com.ar\/web\/?p=88338"},"modified":"2026-09-02T16:48:07","modified_gmt":"2026-09-02T16:48:07","slug":"la-provincia-y-el-colegio-de-psicopedagogos-firmaron-un-convenio-para-fortalecer-el-acompanamiento-a-las-escuelas","status":"publish","type":"post","link":"https:\/\/elterritorialweb.com.ar\/web\/la-provincia-y-el-colegio-de-psicopedagogos-firmaron-un-convenio-para-fortalecer-el-acompanamiento-a-las-escuelas\/","title":{"rendered":"LA PROVINCIA Y EL COLEGIO DE PSICOPEDAGOGOS FIRMARON UN CONVENIO PARA FORTALECER EL ACOMPA\u00d1AMIENTO A LAS ESCUELAS"},"content":{"rendered":"\n<p class=\"wp-block-paragraph\">\u200b\u200bEn el marco de las pol\u00edticas de articulaci\u00f3n entre el sector p\u00fablico y las entidades profesionales, el <strong>Gobierno de la provincia de Santiago del Estero<\/strong>, a trav\u00e9s del <strong>Ministerio de Educaci\u00f3n, Ciencia y Tecnolog\u00eda<\/strong>, sell\u00f3 este mi\u00e9rcoles un importante <strong>protocolo espec\u00edfico de asistencia t\u00e9cnica especializada<\/strong> en conjunto con el <strong>Consejo Econ\u00f3mico Social<\/strong> y el <strong>Colegio Profesional de Psicopedagogos<\/strong>. Esta iniciativa formaliza una alianza estrat\u00e9gica orientada a transformar la din\u00e1mica de acompa\u00f1amiento en los establecimientos de gesti\u00f3n estatal de los niveles <strong>Primario y Secundario<\/strong>.<\/p>\n\n\n\n<p class=\"wp-block-paragraph\">\u200bLa implementaci\u00f3n de este <strong>dispositivo psicopedag\u00f3gico de car\u00e1cter institucional y territorial<\/strong> buscar\u00e1 abordar de manera directa las principales problem\u00e1ticas del aula. El plan est\u00e1 dise\u00f1ado para <strong>identificar y disminuir barreras para el aprendizaje<\/strong>, fortalecer las capacidades de <strong>docentes y equipos directivos<\/strong>, y realizar un seguimiento integral de las <strong>trayectorias educativas<\/strong>. La medida se fundamenta en el <strong>Convenio Marco de Cooperaci\u00f3n y Fortalecimiento de Capacidades T\u00e9cnicas para la Gesti\u00f3n P\u00fablica<\/strong> firmado el pasado 6 de julio, el cual persigue conectar el conocimiento t\u00e9cnico especializado de los colegios profesionales con el desarrollo de las pol\u00edticas p\u00fablicas locales.<\/p>\n\n\n\n<p class=\"wp-block-paragraph\">\u200bLa r\u00fabrica del documento tuvo lugar en la sede del Ministerio de Educaci\u00f3n y cont\u00f3 con la presencia del <strong>jefe de Gabinete, V\u00edctor Araujo<\/strong>, la <strong>ministra de Educaci\u00f3n, Mariela Nassif<\/strong>, el <strong>secretario del Consejo Econ\u00f3mico Social, Miguel Mandrille<\/strong>, y el <strong>presidente del Colegio Profesional de Psicopedagogos, Gustavo Ledesma Vallejo<\/strong>. Durante el encuentro se definieron los criterios de selecci\u00f3n de las escuelas beneficiarias, las cuales ser\u00e1n priorizadas por la autoridad educativa seg\u00fan su <strong>matr\u00edcula, complejidad institucional y localizaci\u00f3n territorial<\/strong>.<\/p>\n\n\n\n<figure class=\"wp-block-image size-large\"><a href=\"https:\/\/i0.wp.com\/elterritorialweb.com.ar\/web\/wp-content\/uploads\/2026\/09\/IMG-20260902-WA0010.jpg\"><img data-recalc-dims=\"1\" decoding=\"async\" width=\"640\" height=\"427\" data-src=\"https:\/\/i0.wp.com\/elterritorialweb.com.ar\/web\/wp-content\/uploads\/2026\/09\/IMG-20260902-WA0010.jpg?resize=640%2C427\" alt=\"\" class=\"wp-image-88340 lazyload\" data-srcset=\"https:\/\/i0.wp.com\/elterritorialweb.com.ar\/web\/wp-content\/uploads\/2026\/09\/IMG-20260902-WA0010.jpg?resize=1024%2C683&amp;ssl=1 1024w, https:\/\/i0.wp.com\/elterritorialweb.com.ar\/web\/wp-content\/uploads\/2026\/09\/IMG-20260902-WA0010.jpg?resize=300%2C200&amp;ssl=1 300w, https:\/\/i0.wp.com\/elterritorialweb.com.ar\/web\/wp-content\/uploads\/2026\/09\/IMG-20260902-WA0010.jpg?resize=768%2C512&amp;ssl=1 768w, https:\/\/i0.wp.com\/elterritorialweb.com.ar\/web\/wp-content\/uploads\/2026\/09\/IMG-20260902-WA0010.jpg?w=1483&amp;ssl=1 1483w, https:\/\/i0.wp.com\/elterritorialweb.com.ar\/web\/wp-content\/uploads\/2026\/09\/IMG-20260902-WA0010.jpg?w=1280 1280w\" data-sizes=\"(max-width: 640px) 100vw, 640px\" src=\"data:image\/svg+xml;base64,PHN2ZyB3aWR0aD0iMSIgaGVpZ2h0PSIxIiB4bWxucz0iaHR0cDovL3d3dy53My5vcmcvMjAwMC9zdmciPjwvc3ZnPg==\" style=\"--smush-placeholder-width: 640px; --smush-placeholder-aspect-ratio: 640\/427;\" \/><\/a><\/figure>\n\n\n\n<p class=\"wp-block-paragraph\">\u200bUno de los ejes m\u00e1s relevantes del programa es la <strong>detecci\u00f3n temprana de dificultades vinculadas con la alfabetizaci\u00f3n, lectura, escritura y razonamiento matem\u00e1tico<\/strong>. A trav\u00e9s de este enfoque, las autoridades buscan brindar <strong>respuestas educativas oportunas<\/strong>, evitando de manera categ\u00f3rica los <strong>mecanismos de etiquetamiento o derivaciones autom\u00e1ticas<\/strong> de las infancias y juventudes.<\/p>\n\n\n\n<p class=\"wp-block-paragraph\">\u200bDurante el acto, la ministra <strong>Mariela Nassif<\/strong> manifest\u00f3 su satisfacci\u00f3n al se\u00f1alar que generar este v\u00ednculo de confianza permite <strong>visibilizar problem\u00e1ticas trascendentales<\/strong> que suelen obstaculizar el proceso formativo de los estudiantes. Por su parte, el jefe de Gabinete, <strong>V\u00edctor Araujo<\/strong>, subray\u00f3 que esta herramienta permitir\u00e1 dise\u00f1ar un trabajo territorial efectivo y potenciar las capacitaciones docentes. Asimismo, Araujo record\u00f3 la premisa transmitida por el gobernador <strong>El\u00edas Su\u00e1rez<\/strong> de promover el <strong>di\u00e1logo y la participaci\u00f3n activa<\/strong> con las instituciones civiles en beneficio del desarrollo de toda la comunidad santiague\u00f1a.<\/p>\n","protected":false},"excerpt":{"rendered":"<p>El Gobierno provincial y el Colegio Profesional de Psicopedagogos rubricaron un acuerdo clave para optimizar la inclusi\u00f3n escolar, detectar barreras de aprendizaje y capacitar a docentes de Santiago del Estero.<\/p>\n","protected":false},"author":2,"featured_media":88339,"comment_status":"open","ping_status":"open","sticky":false,"template":"","format":"standard","meta":{"om_disable_all_campaigns":false,"_monsterinsights_skip_tracking":false,"_uf_show_specific_survey":0,"_uf_disable_surveys":false,"_jetpack_newsletter_access":"","_jetpack_dont_email_post_to_subs":false,"_jetpack_newsletter_tier_id":0,"_jetpack_memberships_contains_paywalled_content":false,"_jetpack_feature_clip_id":0,"_jetpack_memberships_contains_paid_content":false,"footnotes":"","jetpack_publicize_message":"","jetpack_publicize_feature_enabled":true,"jetpack_social_post_already_shared":true,"jetpack_social_options":{"image_generator_settings":{"template":"highway","default_image_id":0,"font":"","enabled":false},"version":2},"jetpack_post_was_ever_published":false},"categories":[21],"tags":[],"class_list":["post-88338","post","type-post","status-publish","format-standard","has-post-thumbnail","hentry","category-locales"],"aioseo_notices":[],"views":5,"jetpack_publicize_connections":[],"jetpack_sharing_enabled":true,"jetpack_featured_media_url":"https:\/\/i0.wp.com\/elterritorialweb.com.ar\/web\/wp-content\/uploads\/2026\/09\/IMG-20260902-WA0009.jpg?fit=1419%2C946&ssl=1","_links":{"self":[{"href":"https:\/\/elterritorialweb.com.ar\/web\/wp-json\/wp\/v2\/posts\/88338","targetHints":{"allow":["GET"]}}],"collection":[{"href":"https:\/\/elterritorialweb.com.ar\/web\/wp-json\/wp\/v2\/posts"}],"about":[{"href":"https:\/\/elterritorialweb.com.ar\/web\/wp-json\/wp\/v2\/types\/post"}],"author":[{"embeddable":true,"href":"https:\/\/elterritorialweb.com.ar\/web\/wp-json\/wp\/v2\/users\/2"}],"replies":[{"embeddable":true,"href":"https:\/\/elterritorialweb.com.ar\/web\/wp-json\/wp\/v2\/comments?post=88338"}],"version-history":[{"count":1,"href":"https:\/\/elterritorialweb.com.ar\/web\/wp-json\/wp\/v2\/posts\/88338\/revisions"}],"predecessor-version":[{"id":88341,"href":"https:\/\/elterritorialweb.com.ar\/web\/wp-json\/wp\/v2\/posts\/88338\/revisions\/88341"}],"wp:featuredmedia":[{"embeddable":true,"href":"https:\/\/elterritorialweb.com.ar\/web\/wp-json\/wp\/v2\/media\/88339"}],"wp:attachment":[{"href":"https:\/\/elterritorialweb.com.ar\/web\/wp-json\/wp\/v2\/media?parent=88338"}],"wp:term":[{"taxonomy":"category","embeddable":true,"href":"https:\/\/elterritorialweb.com.ar\/web\/wp-json\/wp\/v2\/categories?post=88338"},{"taxonomy":"post_tag","embeddable":true,"href":"https:\/\/elterritorialweb.com.ar\/web\/wp-json\/wp\/v2\/tags?post=88338"}],"curies":[{"name":"wp","href":"https:\/\/api.w.org\/{rel}","templated":true}]}}