{"id":88344,"date":"2026-09-02T22:16:17","date_gmt":"2026-09-02T22:16:17","guid":{"rendered":"https:\/\/elterritorialweb.com.ar\/web\/?p=88344"},"modified":"2026-09-02T22:16:20","modified_gmt":"2026-09-02T22:16:20","slug":"el-gobernador-elias-suarez-participo-de-la-apertura-de-la-xxiii-feria-provincial-de-ciencia-y-tecnologia-en-el-nodo-tecnologico","status":"publish","type":"post","link":"https:\/\/elterritorialweb.com.ar\/web\/el-gobernador-elias-suarez-participo-de-la-apertura-de-la-xxiii-feria-provincial-de-ciencia-y-tecnologia-en-el-nodo-tecnologico\/","title":{"rendered":"\u200bEL GOBERNADOR EL\u00cdAS SU\u00c1REZ PARTICIP\u00d3 DE LA APERTURA DE LA XXIII FERIA PROVINCIAL DE CIENCIA Y TECNOLOG\u00cdA EN EL NODO TECNOL\u00d3GICO"},"content":{"rendered":"\n<p class=\"wp-block-paragraph\">El mandatario estuvo acompa\u00f1ado por el vicegobernador <strong>Carlos Silva Neder<\/strong>, el jefe de Gabinete <strong>V\u00edctor Araujo<\/strong>, la ministra de Educaci\u00f3n <strong>Mariela Nassif<\/strong>, la presidenta del Consejo de Educaci\u00f3n <strong>Mar\u00eda Elena Herrera<\/strong>, el subsecretario de Educaci\u00f3n <strong>Alejandro P\u00edccoli<\/strong>, y el secretario de Ciencia y Tecnolog\u00eda <strong>Adri\u00e1n Su\u00e1rez<\/strong>, junto a miembros del gabinete provincial y autoridades de la <strong>Universidad Nacional<\/strong> y la <strong>Universidad Cat\u00f3lica de Santiago del Estero<\/strong>.<\/p>\n\n\n\n<figure class=\"wp-block-image size-large\"><a href=\"https:\/\/i0.wp.com\/elterritorialweb.com.ar\/web\/wp-content\/uploads\/2026\/09\/IMG-20260902-WA0021.jpg\"><img data-recalc-dims=\"1\" decoding=\"async\" width=\"640\" height=\"426\" data-src=\"https:\/\/i0.wp.com\/elterritorialweb.com.ar\/web\/wp-content\/uploads\/2026\/09\/IMG-20260902-WA0021.jpg?resize=640%2C426\" alt=\"\" class=\"wp-image-88346 lazyload\" data-srcset=\"https:\/\/i0.wp.com\/elterritorialweb.com.ar\/web\/wp-content\/uploads\/2026\/09\/IMG-20260902-WA0021.jpg?resize=1024%2C682&amp;ssl=1 1024w, https:\/\/i0.wp.com\/elterritorialweb.com.ar\/web\/wp-content\/uploads\/2026\/09\/IMG-20260902-WA0021.jpg?resize=300%2C200&amp;ssl=1 300w, https:\/\/i0.wp.com\/elterritorialweb.com.ar\/web\/wp-content\/uploads\/2026\/09\/IMG-20260902-WA0021.jpg?resize=768%2C512&amp;ssl=1 768w, https:\/\/i0.wp.com\/elterritorialweb.com.ar\/web\/wp-content\/uploads\/2026\/09\/IMG-20260902-WA0021.jpg?resize=1536%2C1023&amp;ssl=1 1536w, https:\/\/i0.wp.com\/elterritorialweb.com.ar\/web\/wp-content\/uploads\/2026\/09\/IMG-20260902-WA0021.jpg?w=1600&amp;ssl=1 1600w, https:\/\/i0.wp.com\/elterritorialweb.com.ar\/web\/wp-content\/uploads\/2026\/09\/IMG-20260902-WA0021.jpg?w=1280 1280w\" data-sizes=\"(max-width: 640px) 100vw, 640px\" src=\"data:image\/svg+xml;base64,PHN2ZyB3aWR0aD0iMSIgaGVpZ2h0PSIxIiB4bWxucz0iaHR0cDovL3d3dy53My5vcmcvMjAwMC9zdmciPjwvc3ZnPg==\" style=\"--smush-placeholder-width: 640px; --smush-placeholder-aspect-ratio: 640\/426;\" \/><\/a><\/figure>\n\n\n\n<p class=\"wp-block-paragraph\">\u200bEn esta edici\u00f3n se presentaron m\u00e1s de <strong>250 trabajos de indagaci\u00f3n escolar<\/strong>, impulsados por m\u00e1s de <strong>800 estudiantes<\/strong> y acompa\u00f1ados por m\u00e1s de <strong>130 profesores y referentes pedag\u00f3gicos<\/strong>. Las iniciativas se desarrollaron bajo el enfoque innovador <strong>STEAM (Ciencia, Tecnolog\u00eda, Ingenier\u00eda, Arte y Matem\u00e1ticas)<\/strong>, orientado a promover una <strong>educaci\u00f3n integral y transversal<\/strong> para dar respuesta a <strong>problem\u00e1ticas reales del entorno<\/strong>.<\/p>\n\n\n\n<figure class=\"wp-block-image size-large\"><a href=\"https:\/\/i0.wp.com\/elterritorialweb.com.ar\/web\/wp-content\/uploads\/2026\/09\/IMG-20260902-WA0019.jpg\"><img data-recalc-dims=\"1\" decoding=\"async\" width=\"640\" height=\"426\" data-src=\"https:\/\/i0.wp.com\/elterritorialweb.com.ar\/web\/wp-content\/uploads\/2026\/09\/IMG-20260902-WA0019.jpg?resize=640%2C426\" alt=\"\" class=\"wp-image-88347 lazyload\" data-srcset=\"https:\/\/i0.wp.com\/elterritorialweb.com.ar\/web\/wp-content\/uploads\/2026\/09\/IMG-20260902-WA0019.jpg?resize=1024%2C682&amp;ssl=1 1024w, https:\/\/i0.wp.com\/elterritorialweb.com.ar\/web\/wp-content\/uploads\/2026\/09\/IMG-20260902-WA0019.jpg?resize=300%2C200&amp;ssl=1 300w, https:\/\/i0.wp.com\/elterritorialweb.com.ar\/web\/wp-content\/uploads\/2026\/09\/IMG-20260902-WA0019.jpg?resize=768%2C512&amp;ssl=1 768w, https:\/\/i0.wp.com\/elterritorialweb.com.ar\/web\/wp-content\/uploads\/2026\/09\/IMG-20260902-WA0019.jpg?resize=1536%2C1023&amp;ssl=1 1536w, https:\/\/i0.wp.com\/elterritorialweb.com.ar\/web\/wp-content\/uploads\/2026\/09\/IMG-20260902-WA0019.jpg?w=1600&amp;ssl=1 1600w, https:\/\/i0.wp.com\/elterritorialweb.com.ar\/web\/wp-content\/uploads\/2026\/09\/IMG-20260902-WA0019.jpg?w=1280 1280w\" data-sizes=\"(max-width: 640px) 100vw, 640px\" src=\"data:image\/svg+xml;base64,PHN2ZyB3aWR0aD0iMSIgaGVpZ2h0PSIxIiB4bWxucz0iaHR0cDovL3d3dy53My5vcmcvMjAwMC9zdmciPjwvc3ZnPg==\" style=\"--smush-placeholder-width: 640px; --smush-placeholder-aspect-ratio: 640\/426;\" \/><\/a><\/figure>\n\n\n\n<p class=\"wp-block-paragraph\">\u200bDurante su mensaje inaugural, el gobernador resalt\u00f3 el valor de las <strong>nuevas generaciones<\/strong> al expresar que acud\u00eda a <strong>\u00abaprender de los m\u00e1s chicos y j\u00f3venes\u00bb<\/strong>, valor\u00e1ndolos como el <strong>presente y la esperanza del futuro<\/strong> provincial. Asimismo, reafirm\u00f3 el <strong>rumbo de la gesti\u00f3n educativa<\/strong> al sostener que la <strong>educaci\u00f3n es la base del crecimiento y el desarrollo<\/strong> de Santiago del Estero. Su\u00e1rez destac\u00f3 la <strong>vocaci\u00f3n de los estudiantes<\/strong> y la labor de los educadores, enfatizando que la muestra refleja un <strong>esfuerzo colectivo del sistema educativo<\/strong> donde prevalece el <strong>aprendizaje colaborativo<\/strong> por encima de la competencia.<\/p>\n\n\n\n<p class=\"wp-block-paragraph\">En ese marco, renov\u00f3 el compromiso de ratificar el trabajo sostenido durante los <strong>\u00faltimos 20 a\u00f1os<\/strong>, garantizando mayor <strong>infraestructura, equipamiento y conectividad<\/strong>, situando al <strong>docente como protagonista<\/strong> central del proceso de ense\u00f1anza. El titular del Poder Ejecutivo celebr\u00f3 los testimonios de <strong>docentes del interior<\/strong> que hoy ense\u00f1an en sus comunidades y record\u00f3 que los <strong>cargos directivos<\/strong> se asignan mediante <strong>concursos que aseguran la igualdad de oportunidades<\/strong>.<\/p>\n\n\n\n<figure class=\"wp-block-image size-large\"><a href=\"https:\/\/i0.wp.com\/elterritorialweb.com.ar\/web\/wp-content\/uploads\/2026\/09\/IMG-20260902-WA0022.jpg\"><img data-recalc-dims=\"1\" decoding=\"async\" width=\"640\" height=\"426\" data-src=\"https:\/\/i0.wp.com\/elterritorialweb.com.ar\/web\/wp-content\/uploads\/2026\/09\/IMG-20260902-WA0022.jpg?resize=640%2C426\" alt=\"\" class=\"wp-image-88348 lazyload\" data-srcset=\"https:\/\/i0.wp.com\/elterritorialweb.com.ar\/web\/wp-content\/uploads\/2026\/09\/IMG-20260902-WA0022.jpg?resize=1024%2C682&amp;ssl=1 1024w, https:\/\/i0.wp.com\/elterritorialweb.com.ar\/web\/wp-content\/uploads\/2026\/09\/IMG-20260902-WA0022.jpg?resize=300%2C200&amp;ssl=1 300w, https:\/\/i0.wp.com\/elterritorialweb.com.ar\/web\/wp-content\/uploads\/2026\/09\/IMG-20260902-WA0022.jpg?resize=768%2C512&amp;ssl=1 768w, https:\/\/i0.wp.com\/elterritorialweb.com.ar\/web\/wp-content\/uploads\/2026\/09\/IMG-20260902-WA0022.jpg?resize=1536%2C1023&amp;ssl=1 1536w, https:\/\/i0.wp.com\/elterritorialweb.com.ar\/web\/wp-content\/uploads\/2026\/09\/IMG-20260902-WA0022.jpg?w=1600&amp;ssl=1 1600w, https:\/\/i0.wp.com\/elterritorialweb.com.ar\/web\/wp-content\/uploads\/2026\/09\/IMG-20260902-WA0022.jpg?w=1280 1280w\" data-sizes=\"(max-width: 640px) 100vw, 640px\" src=\"data:image\/svg+xml;base64,PHN2ZyB3aWR0aD0iMSIgaGVpZ2h0PSIxIiB4bWxucz0iaHR0cDovL3d3dy53My5vcmcvMjAwMC9zdmciPjwvc3ZnPg==\" style=\"--smush-placeholder-width: 640px; --smush-placeholder-aspect-ratio: 640\/426;\" \/><\/a><\/figure>\n\n\n\n<p class=\"wp-block-paragraph\">Finalmente, enfatiz\u00f3 que la <strong>calidad educativa<\/strong> requiere indefectiblemente de la alianza estrat\u00e9gica entre la <strong>familia, los docentes, las instituciones, el Estado y la vocaci\u00f3n juvenil<\/strong>. Tras el acto formal, las autoridades recorrieron los stands para conocer en detalle la <strong>creatividad y el talento<\/strong> de los proyectos presentados por los alumnos santiague\u00f1os.<\/p>\n","protected":false},"excerpt":{"rendered":"<p>\u200bCon la presencia de cientos de alumnos y docentes de toda la provincia, el gobernador El\u00edas Su\u00e1rez encabez\u00f3 este mi\u00e9rcoles la apertura oficial de la XXIII Feria Provincial de Ciencia y Tecnolog\u00eda en las instalaciones del Nodo Tecnol\u00f3gico. <\/p>\n","protected":false},"author":2,"featured_media":88345,"comment_status":"open","ping_status":"open","sticky":false,"template":"","format":"standard","meta":{"om_disable_all_campaigns":false,"_monsterinsights_skip_tracking":false,"_uf_show_specific_survey":0,"_uf_disable_surveys":false,"_jetpack_newsletter_access":"","_jetpack_dont_email_post_to_subs":false,"_jetpack_newsletter_tier_id":0,"_jetpack_memberships_contains_paywalled_content":false,"_jetpack_feature_clip_id":0,"_jetpack_memberships_contains_paid_content":false,"footnotes":"","jetpack_publicize_message":"","jetpack_publicize_feature_enabled":true,"jetpack_social_post_already_shared":true,"jetpack_social_options":{"image_generator_settings":{"template":"highway","default_image_id":0,"font":"","enabled":false},"version":2},"jetpack_post_was_ever_published":false},"categories":[4,21],"tags":[322,417],"class_list":["post-88344","post","type-post","status-publish","format-standard","has-post-thumbnail","hentry","category-destacadas","category-locales","tag-elias-suarez","tag-feria-de-ciencia-y-tecnologia-nodo"],"aioseo_notices":[],"views":4,"jetpack_publicize_connections":[],"jetpack_sharing_enabled":true,"jetpack_featured_media_url":"https:\/\/i0.wp.com\/elterritorialweb.com.ar\/web\/wp-content\/uploads\/2026\/09\/IMG-20260902-WA0020.jpg?fit=1280%2C853&ssl=1","_links":{"self":[{"href":"https:\/\/elterritorialweb.com.ar\/web\/wp-json\/wp\/v2\/posts\/88344","targetHints":{"allow":["GET"]}}],"collection":[{"href":"https:\/\/elterritorialweb.com.ar\/web\/wp-json\/wp\/v2\/posts"}],"about":[{"href":"https:\/\/elterritorialweb.com.ar\/web\/wp-json\/wp\/v2\/types\/post"}],"author":[{"embeddable":true,"href":"https:\/\/elterritorialweb.com.ar\/web\/wp-json\/wp\/v2\/users\/2"}],"replies":[{"embeddable":true,"href":"https:\/\/elterritorialweb.com.ar\/web\/wp-json\/wp\/v2\/comments?post=88344"}],"version-history":[{"count":1,"href":"https:\/\/elterritorialweb.com.ar\/web\/wp-json\/wp\/v2\/posts\/88344\/revisions"}],"predecessor-version":[{"id":88349,"href":"https:\/\/elterritorialweb.com.ar\/web\/wp-json\/wp\/v2\/posts\/88344\/revisions\/88349"}],"wp:featuredmedia":[{"embeddable":true,"href":"https:\/\/elterritorialweb.com.ar\/web\/wp-json\/wp\/v2\/media\/88345"}],"wp:attachment":[{"href":"https:\/\/elterritorialweb.com.ar\/web\/wp-json\/wp\/v2\/media?parent=88344"}],"wp:term":[{"taxonomy":"category","embeddable":true,"href":"https:\/\/elterritorialweb.com.ar\/web\/wp-json\/wp\/v2\/categories?post=88344"},{"taxonomy":"post_tag","embeddable":true,"href":"https:\/\/elterritorialweb.com.ar\/web\/wp-json\/wp\/v2\/tags?post=88344"}],"curies":[{"name":"wp","href":"https:\/\/api.w.org\/{rel}","templated":true}]}}