{"id":88350,"date":"2026-09-02T22:20:10","date_gmt":"2026-09-02T22:20:10","guid":{"rendered":"https:\/\/elterritorialweb.com.ar\/web\/?p=88350"},"modified":"2026-09-02T22:20:13","modified_gmt":"2026-09-02T22:20:13","slug":"la-provincia-lanzo-un-programa-de-formacion-en-gestion-deportiva-para-clubes","status":"publish","type":"post","link":"https:\/\/elterritorialweb.com.ar\/web\/la-provincia-lanzo-un-programa-de-formacion-en-gestion-deportiva-para-clubes\/","title":{"rendered":"LA PROVINCIA LANZ\u00d3 UN PROGRAMA DE FORMACI\u00d3N EN GESTI\u00d3N DEPORTIVA PARA CLUBES"},"content":{"rendered":"\n<p class=\"wp-block-paragraph\">\u200bLa sede de la Secretar\u00eda de Deportes fue el escenario de la presentaci\u00f3n oficial del <strong>Programa de Formaci\u00f3n Inicial en Gesti\u00f3n Deportiva para Clubes y Organizaciones Deportivas<\/strong>, una iniciativa estrat\u00e9gica orientada a fortalecer la administraci\u00f3n y la capacidad de respuesta institucional del sector. Esta capacitaci\u00f3n <strong>ser\u00e1 gratuita, con cupos limitados<\/strong> y estar\u00e1 destinada puntualmente a dirigencias, miembros de comisiones directivas y referentes que desempe\u00f1an funciones en la gesti\u00f3n cotidiana de las entidades.<\/p>\n\n\n\n<p class=\"wp-block-paragraph\">\u200bEl trayecto acad\u00e9mico <strong>se desarrollar\u00e1 a lo largo de seis jornadas de 8.30 a 15 horas<\/strong> \u2014previstas para los s\u00e1bados 5 y 26 de septiembre, 10 y 31 de octubre, 21 de noviembre y 5 de diciembre\u2014 despleg\u00e1ndose en diversos puntos de capacitaci\u00f3n. A lo largo del dictado, <strong>el programa abarcar\u00e1 siete ejes centrales<\/strong> que comprenden el rol social del dirigente, gobierno e institucionalidad, liderazgo, gesti\u00f3n econ\u00f3mica y sostenibilidad, comunicaci\u00f3n, planificaci\u00f3n estrat\u00e9gica e integraci\u00f3n del Proyecto Club.<\/p>\n\n\n\n<figure class=\"wp-block-image size-large\"><a href=\"https:\/\/i0.wp.com\/elterritorialweb.com.ar\/web\/wp-content\/uploads\/2026\/09\/IMG-20260902-WA0024.jpg\"><img data-recalc-dims=\"1\" decoding=\"async\" width=\"640\" height=\"427\" data-src=\"https:\/\/i0.wp.com\/elterritorialweb.com.ar\/web\/wp-content\/uploads\/2026\/09\/IMG-20260902-WA0024.jpg?resize=640%2C427\" alt=\"\" class=\"wp-image-88352 lazyload\" data-srcset=\"https:\/\/i0.wp.com\/elterritorialweb.com.ar\/web\/wp-content\/uploads\/2026\/09\/IMG-20260902-WA0024.jpg?resize=1024%2C683&amp;ssl=1 1024w, https:\/\/i0.wp.com\/elterritorialweb.com.ar\/web\/wp-content\/uploads\/2026\/09\/IMG-20260902-WA0024.jpg?resize=300%2C200&amp;ssl=1 300w, https:\/\/i0.wp.com\/elterritorialweb.com.ar\/web\/wp-content\/uploads\/2026\/09\/IMG-20260902-WA0024.jpg?resize=768%2C512&amp;ssl=1 768w, https:\/\/i0.wp.com\/elterritorialweb.com.ar\/web\/wp-content\/uploads\/2026\/09\/IMG-20260902-WA0024.jpg?w=1444&amp;ssl=1 1444w, https:\/\/i0.wp.com\/elterritorialweb.com.ar\/web\/wp-content\/uploads\/2026\/09\/IMG-20260902-WA0024.jpg?w=1280 1280w\" data-sizes=\"(max-width: 640px) 100vw, 640px\" src=\"data:image\/svg+xml;base64,PHN2ZyB3aWR0aD0iMSIgaGVpZ2h0PSIxIiB4bWxucz0iaHR0cDovL3d3dy53My5vcmcvMjAwMC9zdmciPjwvc3ZnPg==\" style=\"--smush-placeholder-width: 640px; --smush-placeholder-aspect-ratio: 640\/427;\" \/><\/a><\/figure>\n\n\n\n<p class=\"wp-block-paragraph\">\u200bEl acto cont\u00f3 con la presencia de autoridades relevantes, entre ellas el secretario de Deportes, <strong>Carlos Dapello<\/strong>, quien oficializ\u00f3 el curso como parte activa de la pol\u00edtica p\u00fablica del Gobierno provincial. Asimismo, asistieron el vicepresidente de la Federaci\u00f3n Santiague\u00f1a de F\u00fatbol, <strong>Francisco Pece<\/strong>, el director general y coordinador del Proyecto Club 2026, <strong>Ariel Arias Molina<\/strong>, y el coordinador general del \u00e1rea deportiva estatal, <strong>Guillermo R\u00edos<\/strong>.<\/p>\n\n\n\n<p class=\"wp-block-paragraph\">\u200bAl hacer uso de la palabra, Pece valor\u00f3 que la formaci\u00f3n permanente resulta la <strong>herramienta imprescindible para el desarrollo deportivo<\/strong>, sostenida en el acompa\u00f1amiento conjunto de un Estado presente mediante la Secretar\u00eda de Deportes y la Municipalidad Capital. Por su parte, Arias Molina hizo hincapi\u00e9 en que las din\u00e1micas actuales exigen conducirse con mayores competencias operativas, capaces de <strong>administrar recursos escasos con transparencia y proyectar entidades sostenibles en el tiempo<\/strong>.<\/p>\n","protected":false},"excerpt":{"rendered":"<p>Con una propuesta gratuita y de seis jornadas, la provincia busca brindar herramientas operativas a dirigentes e integrantes de instituciones deportivas para consolidar el desarrollo de sus comunidades.<\/p>\n","protected":false},"author":2,"featured_media":88351,"comment_status":"open","ping_status":"open","sticky":false,"template":"","format":"standard","meta":{"om_disable_all_campaigns":false,"_monsterinsights_skip_tracking":false,"_uf_show_specific_survey":0,"_uf_disable_surveys":false,"_jetpack_newsletter_access":"","_jetpack_dont_email_post_to_subs":false,"_jetpack_newsletter_tier_id":0,"_jetpack_memberships_contains_paywalled_content":false,"_jetpack_feature_clip_id":0,"_jetpack_memberships_contains_paid_content":false,"footnotes":"","jetpack_publicize_message":"","jetpack_publicize_feature_enabled":true,"jetpack_social_post_already_shared":true,"jetpack_social_options":{"image_generator_settings":{"template":"highway","default_image_id":0,"font":"","enabled":false},"version":2},"jetpack_post_was_ever_published":false},"categories":[6,4],"tags":[],"class_list":["post-88350","post","type-post","status-publish","format-standard","has-post-thumbnail","hentry","category-deportes","category-destacadas"],"aioseo_notices":[],"views":16,"jetpack_publicize_connections":[],"jetpack_sharing_enabled":true,"jetpack_featured_media_url":"https:\/\/i0.wp.com\/elterritorialweb.com.ar\/web\/wp-content\/uploads\/2026\/09\/IMG-20260902-WA0025.jpg?fit=1432%2C955&ssl=1","_links":{"self":[{"href":"https:\/\/elterritorialweb.com.ar\/web\/wp-json\/wp\/v2\/posts\/88350","targetHints":{"allow":["GET"]}}],"collection":[{"href":"https:\/\/elterritorialweb.com.ar\/web\/wp-json\/wp\/v2\/posts"}],"about":[{"href":"https:\/\/elterritorialweb.com.ar\/web\/wp-json\/wp\/v2\/types\/post"}],"author":[{"embeddable":true,"href":"https:\/\/elterritorialweb.com.ar\/web\/wp-json\/wp\/v2\/users\/2"}],"replies":[{"embeddable":true,"href":"https:\/\/elterritorialweb.com.ar\/web\/wp-json\/wp\/v2\/comments?post=88350"}],"version-history":[{"count":1,"href":"https:\/\/elterritorialweb.com.ar\/web\/wp-json\/wp\/v2\/posts\/88350\/revisions"}],"predecessor-version":[{"id":88353,"href":"https:\/\/elterritorialweb.com.ar\/web\/wp-json\/wp\/v2\/posts\/88350\/revisions\/88353"}],"wp:featuredmedia":[{"embeddable":true,"href":"https:\/\/elterritorialweb.com.ar\/web\/wp-json\/wp\/v2\/media\/88351"}],"wp:attachment":[{"href":"https:\/\/elterritorialweb.com.ar\/web\/wp-json\/wp\/v2\/media?parent=88350"}],"wp:term":[{"taxonomy":"category","embeddable":true,"href":"https:\/\/elterritorialweb.com.ar\/web\/wp-json\/wp\/v2\/categories?post=88350"},{"taxonomy":"post_tag","embeddable":true,"href":"https:\/\/elterritorialweb.com.ar\/web\/wp-json\/wp\/v2\/tags?post=88350"}],"curies":[{"name":"wp","href":"https:\/\/api.w.org\/{rel}","templated":true}]}}