{"id":88354,"date":"2026-09-02T22:44:42","date_gmt":"2026-09-02T22:44:42","guid":{"rendered":"https:\/\/elterritorialweb.com.ar\/web\/?p=88354"},"modified":"2026-09-02T22:44:45","modified_gmt":"2026-09-02T22:44:45","slug":"acuerdo-entre-la-ucse-y-el-registro-civil-para-ofrecer-jornadas-de-capacitacion-y-modernizacion-estatal","status":"publish","type":"post","link":"https:\/\/elterritorialweb.com.ar\/web\/acuerdo-entre-la-ucse-y-el-registro-civil-para-ofrecer-jornadas-de-capacitacion-y-modernizacion-estatal\/","title":{"rendered":"ACUERDO ENTRE LA UCSE Y EL REGISTRO CIVIL PARA OFRECER JORNADAS DE CAPACITACI\u00d3N Y MODERNIZACI\u00d3N ESTATAL"},"content":{"rendered":"\n<p class=\"wp-block-paragraph\">En el marco de las pol\u00edticas p\u00fablicas orientadas a optimizar la eficiencia en la administraci\u00f3n p\u00fablica, la <strong>Direcci\u00f3n del Registro Civil<\/strong>, dependiente del <strong>Ministerio de Justicia y Derechos Humanos<\/strong>, formaliz\u00f3 este mi\u00e9rcoles un importante acuerdo con la <strong>Facultad de Ciencias Sociales, Jur\u00eddicas y Pol\u00edticas de la UCSE<\/strong>. La firma del protocolo cont\u00f3 con la presencia del decano <strong>Dr. Gabriel Avila<\/strong>, el director del Registro Civil <strong>Dr. Gonzalo Ach\u00e1val<\/strong>, el rector <strong>Ing. Luis Lucena<\/strong>, la directora de la carrera de Abogac\u00eda <strong>Dra. Marcela Landriel Prieto<\/strong> y la asesora legal <strong>Dra. Cintia Ruiz V\u00e9lez<\/strong>.<\/p>\n\n\n\n<p class=\"wp-block-paragraph\">\u200bDurante la jornada, el rector <strong>Ing. Luis Lucena<\/strong> remarc\u00f3 que esta alianza estrat\u00e9gica fortalece el v\u00ednculo entre el Estado provincial y la academia, impulsando la <strong>modernizaci\u00f3n tecnol\u00f3gica al servicio de los ciudadanos<\/strong> y promoviendo una <strong>transformaci\u00f3n de alto impacto social<\/strong> mediante la generaci\u00f3n de conocimiento.<\/p>\n\n\n\n<p class=\"wp-block-paragraph\">\u200bPor su parte, el decano <strong>Dr. Gabriel Avila<\/strong> detall\u00f3 que las actividades se desarrollar\u00e1n durante <strong>el \u00faltimo viernes de septiembre y el primer viernes de octubre<\/strong> por la tarde en el sal\u00f3n auditorio de la casa de altos estudios. Si bien la propuesta est\u00e1 orientada a docentes, profesionales y estudiantes, las puertas estar\u00e1n abiertas a <strong>toda la comunidad santiague\u00f1a<\/strong>.<\/p>\n\n\n\n<p class=\"wp-block-paragraph\">\u200bFinalmente, el <strong>Dr. Gonzalo Ach\u00e1val<\/strong> destac\u00f3 la relevancia de estos espacios de intercambio institucional, los cuales se alinean con la pol\u00edtica de <strong>modernizaci\u00f3n del Estado impulsada por el gobernador El\u00edas Su\u00e1rez<\/strong>. Ach\u00e1val enfatiz\u00f3 el paso hist\u00f3rico de la instituci\u00f3n <strong>de lo manual a lo digital<\/strong>, un proceso integral que garantiza la trazabilidad y autenticidad de los actos jur\u00eddicos, exigiendo no solo inversi\u00f3n en equipamiento y conectividad, sino tambi\u00e9n <strong>capacitaci\u00f3n constante para el personal y un cambio de paradigma sociocultural<\/strong>.<\/p>\n","protected":false},"excerpt":{"rendered":"<p>\u200bLa Universidad Cat\u00f3lica de Santiago del Estero y la Direcci\u00f3n del Registro Civil suscribieron un protocolo de colaboraci\u00f3n para llevar a cabo dos encuentros de formaci\u00f3n acad\u00e9mica abiertos a la comunidad.<\/p>\n","protected":false},"author":2,"featured_media":88355,"comment_status":"open","ping_status":"open","sticky":false,"template":"","format":"standard","meta":{"om_disable_all_campaigns":false,"_monsterinsights_skip_tracking":false,"_uf_show_specific_survey":0,"_uf_disable_surveys":false,"_jetpack_newsletter_access":"","_jetpack_dont_email_post_to_subs":false,"_jetpack_newsletter_tier_id":0,"_jetpack_memberships_contains_paywalled_content":false,"_jetpack_feature_clip_id":0,"_jetpack_memberships_contains_paid_content":false,"footnotes":"","jetpack_publicize_message":"","jetpack_publicize_feature_enabled":true,"jetpack_social_post_already_shared":true,"jetpack_social_options":{"image_generator_settings":{"template":"highway","default_image_id":0,"font":"","enabled":false},"version":2},"jetpack_post_was_ever_published":false},"categories":[4,21],"tags":[888,671],"class_list":["post-88354","post","type-post","status-publish","format-standard","has-post-thumbnail","hentry","category-destacadas","category-locales","tag-registro-civil","tag-ucse"],"aioseo_notices":[],"views":4,"jetpack_publicize_connections":[],"jetpack_sharing_enabled":true,"jetpack_featured_media_url":"https:\/\/i0.wp.com\/elterritorialweb.com.ar\/web\/wp-content\/uploads\/2026\/09\/IMG-20260902-WA0027.jpg?fit=1479%2C962&ssl=1","_links":{"self":[{"href":"https:\/\/elterritorialweb.com.ar\/web\/wp-json\/wp\/v2\/posts\/88354","targetHints":{"allow":["GET"]}}],"collection":[{"href":"https:\/\/elterritorialweb.com.ar\/web\/wp-json\/wp\/v2\/posts"}],"about":[{"href":"https:\/\/elterritorialweb.com.ar\/web\/wp-json\/wp\/v2\/types\/post"}],"author":[{"embeddable":true,"href":"https:\/\/elterritorialweb.com.ar\/web\/wp-json\/wp\/v2\/users\/2"}],"replies":[{"embeddable":true,"href":"https:\/\/elterritorialweb.com.ar\/web\/wp-json\/wp\/v2\/comments?post=88354"}],"version-history":[{"count":1,"href":"https:\/\/elterritorialweb.com.ar\/web\/wp-json\/wp\/v2\/posts\/88354\/revisions"}],"predecessor-version":[{"id":88356,"href":"https:\/\/elterritorialweb.com.ar\/web\/wp-json\/wp\/v2\/posts\/88354\/revisions\/88356"}],"wp:featuredmedia":[{"embeddable":true,"href":"https:\/\/elterritorialweb.com.ar\/web\/wp-json\/wp\/v2\/media\/88355"}],"wp:attachment":[{"href":"https:\/\/elterritorialweb.com.ar\/web\/wp-json\/wp\/v2\/media?parent=88354"}],"wp:term":[{"taxonomy":"category","embeddable":true,"href":"https:\/\/elterritorialweb.com.ar\/web\/wp-json\/wp\/v2\/categories?post=88354"},{"taxonomy":"post_tag","embeddable":true,"href":"https:\/\/elterritorialweb.com.ar\/web\/wp-json\/wp\/v2\/tags?post=88354"}],"curies":[{"name":"wp","href":"https:\/\/api.w.org\/{rel}","templated":true}]}}