{"id":88357,"date":"2026-09-02T23:27:28","date_gmt":"2026-09-02T23:27:28","guid":{"rendered":"https:\/\/elterritorialweb.com.ar\/web\/?p=88357"},"modified":"2026-09-02T23:27:30","modified_gmt":"2026-09-02T23:27:30","slug":"el-mostro-rock-2026-reune-a-siete-bandas-del-underground-santiagueno-en-una-noche-festiva","status":"publish","type":"post","link":"https:\/\/elterritorialweb.com.ar\/web\/el-mostro-rock-2026-reune-a-siete-bandas-del-underground-santiagueno-en-una-noche-festiva\/","title":{"rendered":"EL MOSTRO ROCK 2026 RE\u00daNE A SIETE BANDAS DEL UNDERGROUND SANTIAGUE\u00d1O EN UNA NOCHE FESTIVA"},"content":{"rendered":"\n<p class=\"wp-block-paragraph\">La escena musical alternativa de la provincia se prepara para una de sus citas m\u00e1s esperadas. El pr\u00f3ximo <strong>s\u00e1bado 12 de septiembre de 2026, a partir de las 22:00hs<\/strong>, el espacio <strong>Tinkuy \u2013 Patio Cultural<\/strong> (ubicado en el Club H\u00edpico, sobre la calle Dr. Enrique Pastor Mujica) albergar\u00e1 un festival sin precedentes que reunir\u00e1 a <strong>siete referentes del underground santiague\u00f1o: Radell, Tryones, Konjuicio, Traicionados, Z\u00e1tira, Maleficio y Memories of Insanity<\/strong>.<\/p>\n\n\n\n<figure class=\"wp-block-image size-full\"><a href=\"https:\/\/i0.wp.com\/elterritorialweb.com.ar\/web\/wp-content\/uploads\/2026\/09\/1000562188.jpg?ssl=1\"><img data-recalc-dims=\"1\" decoding=\"async\" width=\"523\" height=\"391\" data-src=\"https:\/\/i0.wp.com\/elterritorialweb.com.ar\/web\/wp-content\/uploads\/2026\/09\/1000562188.jpg?resize=523%2C391&#038;ssl=1\" alt=\"\" class=\"wp-image-88362 lazyload\" data-srcset=\"https:\/\/i0.wp.com\/elterritorialweb.com.ar\/web\/wp-content\/uploads\/2026\/09\/1000562188.jpg?w=523&amp;ssl=1 523w, https:\/\/i0.wp.com\/elterritorialweb.com.ar\/web\/wp-content\/uploads\/2026\/09\/1000562188.jpg?resize=300%2C224&amp;ssl=1 300w\" data-sizes=\"(max-width: 523px) 100vw, 523px\" src=\"data:image\/svg+xml;base64,PHN2ZyB3aWR0aD0iMSIgaGVpZ2h0PSIxIiB4bWxucz0iaHR0cDovL3d3dy53My5vcmcvMjAwMC9zdmciPjwvc3ZnPg==\" style=\"--smush-placeholder-width: 523px; --smush-placeholder-aspect-ratio: 523\/391;\" \/><\/a><\/figure>\n\n\n\n<p class=\"wp-block-paragraph\">\u200bEl <strong>Mostro Rock<\/strong> nace de la pasi\u00f3n por el g\u00e9nero y de la necesidad de visibilizar y respaldar el trabajo de los m\u00fasicos independientes de la regi\u00f3n. M\u00e1s all\u00e1 de consolidarse como una cita anual en la agenda musical, la iniciativa busca conformarse como una <strong>comunidad activa de artistas y aficionados guiados por la autogesti\u00f3n y la cultura local<\/strong>.<\/p>\n\n\n\n<figure class=\"wp-block-image size-full\"><a href=\"https:\/\/i0.wp.com\/elterritorialweb.com.ar\/web\/wp-content\/uploads\/2026\/09\/1000562189.jpg?ssl=1\"><img data-recalc-dims=\"1\" decoding=\"async\" width=\"523\" height=\"391\" data-src=\"https:\/\/i0.wp.com\/elterritorialweb.com.ar\/web\/wp-content\/uploads\/2026\/09\/1000562189.jpg?resize=523%2C391&#038;ssl=1\" alt=\"\" class=\"wp-image-88363 lazyload\" data-srcset=\"https:\/\/i0.wp.com\/elterritorialweb.com.ar\/web\/wp-content\/uploads\/2026\/09\/1000562189.jpg?w=523&amp;ssl=1 523w, https:\/\/i0.wp.com\/elterritorialweb.com.ar\/web\/wp-content\/uploads\/2026\/09\/1000562189.jpg?resize=300%2C224&amp;ssl=1 300w\" data-sizes=\"(max-width: 523px) 100vw, 523px\" src=\"data:image\/svg+xml;base64,PHN2ZyB3aWR0aD0iMSIgaGVpZ2h0PSIxIiB4bWxucz0iaHR0cDovL3d3dy53My5vcmcvMjAwMC9zdmciPjwvc3ZnPg==\" style=\"--smush-placeholder-width: 523px; --smush-placeholder-aspect-ratio: 523\/391;\" \/><\/a><\/figure>\n\n\n\n<p class=\"wp-block-paragraph\">\u200bLas personas interesadas en asistir ya pueden adquirir las <strong>entradas anticipadas a un valor de $4000 ARS<\/strong>, mientras que los pases <strong>en puerta tendr\u00e1n un costo de $6000 ARS<\/strong> hasta un horario determinado. La venta digital se encuentra disponible a trav\u00e9s de las plataformas oficiales accesibles desde el <strong>Instagram de la organizaci\u00f3n (@mostro.rock)<\/strong> y el enlace directo de boleter\u00eda (<strong>beacons.ai\/mostro.rock<\/strong>). Para mayor informaci\u00f3n o consultas de prensa, el equipo organizador puso a disposici\u00f3n el contacto directo v\u00eda <strong>WhatsApp al +54 3855908435<\/strong> y el correo electr\u00f3nico <strong>nicojozami8@gmail.com<\/strong>.<\/p>\n","protected":false},"excerpt":{"rendered":"<p>\u200bSiete agrupaciones locales se dar\u00e1n cita el pr\u00f3ximo 12 de septiembre en Tinkuy \u2013 Patio Cultural para dar vida a una nueva edici\u00f3n del Mostro Rock, una propuesta que celebra la autogesti\u00f3n y la m\u00fasica independiente.<\/p>\n","protected":false},"author":2,"featured_media":88358,"comment_status":"open","ping_status":"open","sticky":false,"template":"","format":"standard","meta":{"om_disable_all_campaigns":false,"_monsterinsights_skip_tracking":false,"_uf_show_specific_survey":0,"_uf_disable_surveys":false,"_jetpack_newsletter_access":"","_jetpack_dont_email_post_to_subs":false,"_jetpack_newsletter_tier_id":0,"_jetpack_memberships_contains_paywalled_content":false,"_jetpack_feature_clip_id":0,"_jetpack_memberships_contains_paid_content":false,"footnotes":"","jetpack_publicize_message":"","jetpack_publicize_feature_enabled":true,"jetpack_social_post_already_shared":true,"jetpack_social_options":{"image_generator_settings":{"template":"highway","default_image_id":0,"font":"","enabled":false},"version":2},"jetpack_post_was_ever_published":false},"categories":[4,20],"tags":[1892],"class_list":["post-88357","post","type-post","status-publish","format-standard","has-post-thumbnail","hentry","category-destacadas","category-especysociales","tag-mostro-rock"],"aioseo_notices":[],"views":16,"jetpack_publicize_connections":[],"jetpack_sharing_enabled":true,"jetpack_featured_media_url":"https:\/\/i0.wp.com\/elterritorialweb.com.ar\/web\/wp-content\/uploads\/2026\/09\/WhatsApp-Image-2026-09-01-at-10.13.03-PM.jpeg?fit=523%2C391&ssl=1","_links":{"self":[{"href":"https:\/\/elterritorialweb.com.ar\/web\/wp-json\/wp\/v2\/posts\/88357","targetHints":{"allow":["GET"]}}],"collection":[{"href":"https:\/\/elterritorialweb.com.ar\/web\/wp-json\/wp\/v2\/posts"}],"about":[{"href":"https:\/\/elterritorialweb.com.ar\/web\/wp-json\/wp\/v2\/types\/post"}],"author":[{"embeddable":true,"href":"https:\/\/elterritorialweb.com.ar\/web\/wp-json\/wp\/v2\/users\/2"}],"replies":[{"embeddable":true,"href":"https:\/\/elterritorialweb.com.ar\/web\/wp-json\/wp\/v2\/comments?post=88357"}],"version-history":[{"count":1,"href":"https:\/\/elterritorialweb.com.ar\/web\/wp-json\/wp\/v2\/posts\/88357\/revisions"}],"predecessor-version":[{"id":88364,"href":"https:\/\/elterritorialweb.com.ar\/web\/wp-json\/wp\/v2\/posts\/88357\/revisions\/88364"}],"wp:featuredmedia":[{"embeddable":true,"href":"https:\/\/elterritorialweb.com.ar\/web\/wp-json\/wp\/v2\/media\/88358"}],"wp:attachment":[{"href":"https:\/\/elterritorialweb.com.ar\/web\/wp-json\/wp\/v2\/media?parent=88357"}],"wp:term":[{"taxonomy":"category","embeddable":true,"href":"https:\/\/elterritorialweb.com.ar\/web\/wp-json\/wp\/v2\/categories?post=88357"},{"taxonomy":"post_tag","embeddable":true,"href":"https:\/\/elterritorialweb.com.ar\/web\/wp-json\/wp\/v2\/tags?post=88357"}],"curies":[{"name":"wp","href":"https:\/\/api.w.org\/{rel}","templated":true}]}}