{"id":88365,"date":"2026-09-03T15:29:49","date_gmt":"2026-09-03T15:29:49","guid":{"rendered":"https:\/\/elterritorialweb.com.ar\/web\/?p=88365"},"modified":"2026-09-03T15:29:51","modified_gmt":"2026-09-03T15:29:51","slug":"suspenderan-temporalmente-los-servicios-informaticos-en-el-centro-judicial-banda-por-trabajos-de-mantenimiento","status":"publish","type":"post","link":"https:\/\/elterritorialweb.com.ar\/web\/suspenderan-temporalmente-los-servicios-informaticos-en-el-centro-judicial-banda-por-trabajos-de-mantenimiento\/","title":{"rendered":"SUSPENDER\u00c1N TEMPORALMENTE LOS SERVICIOS INFORM\u00c1TICOS EN EL CENTRO JUDICIAL BANDA POR TRABAJOS DE MANTENIMIENTO"},"content":{"rendered":"\n<p class=\"wp-block-paragraph\">El Centro Judicial Banda sufrir\u00e1 una <strong>interrupci\u00f3n temporal en sus plataformas digitales<\/strong> debido a un plan de optimizaci\u00f3n e infraestructura tecnol\u00f3gica. Seg\u00fan inform\u00f3 la <strong>Secretar\u00eda de Tecnolog\u00edas de la Informaci\u00f3n del Poder Judicial de Santiago del Estero<\/strong>, la suspensi\u00f3n de los sistemas comenzar\u00e1 formalmente a las 19 horas del viernes 4 del corriente y se extender\u00e1 a lo largo del fin de semana.<\/p>\n\n\n\n<p class=\"wp-block-paragraph\">\u200bDurante el per\u00edodo de ejecuci\u00f3n de los trabajos, los usuarios y profesionales de la justicia <strong>no podr\u00e1n acceder a la Autoconsulta ni a la Mesa Virtual<\/strong>, herramientas fundamentales para la gesti\u00f3n inform\u00e1ticas cotidiana. <\/p>\n\n\n\n<p class=\"wp-block-paragraph\">Desde el organismo explicaron que la elecci\u00f3n de este marco temporal responde a la complejidad y duraci\u00f3n de las tareas previstas, priorizando los d\u00edas no h\u00e1biles para <strong>evitar inconvenientes en el servicio ordinario de justicia<\/strong>. Se prev\u00e9 que el funcionamiento regular quede restablecido tras la finalizaci\u00f3n de las labores t\u00e9cnicas.<\/p>\n","protected":false},"excerpt":{"rendered":"<p>\u200bLas tareas programadas comenzar\u00e1n este viernes 4 a las 19 horas y se desarrollar\u00e1n durante el fin de semana para minimizar el impacto en la actividad habitual.<\/p>\n","protected":false},"author":2,"featured_media":88366,"comment_status":"open","ping_status":"open","sticky":false,"template":"","format":"standard","meta":{"om_disable_all_campaigns":false,"_monsterinsights_skip_tracking":false,"_uf_show_specific_survey":0,"_uf_disable_surveys":false,"_jetpack_newsletter_access":"","_jetpack_dont_email_post_to_subs":false,"_jetpack_newsletter_tier_id":0,"_jetpack_memberships_contains_paywalled_content":false,"_jetpack_feature_clip_id":0,"_jetpack_memberships_contains_paid_content":false,"footnotes":"","jetpack_publicize_message":"","jetpack_publicize_feature_enabled":true,"jetpack_social_post_already_shared":true,"jetpack_social_options":{"image_generator_settings":{"template":"highway","default_image_id":0,"font":"","enabled":false},"version":2},"jetpack_post_was_ever_published":false},"categories":[9,38],"tags":[1893],"class_list":["post-88365","post","type-post","status-publish","format-standard","has-post-thumbnail","hentry","category-banda","category-judiciales","tag-centro-judicial-banda"],"aioseo_notices":[],"views":10,"jetpack_publicize_connections":[],"jetpack_sharing_enabled":true,"jetpack_featured_media_url":"https:\/\/i0.wp.com\/elterritorialweb.com.ar\/web\/wp-content\/uploads\/2026\/09\/SERV-BANDA.jpg?fit=1024%2C683&ssl=1","_links":{"self":[{"href":"https:\/\/elterritorialweb.com.ar\/web\/wp-json\/wp\/v2\/posts\/88365","targetHints":{"allow":["GET"]}}],"collection":[{"href":"https:\/\/elterritorialweb.com.ar\/web\/wp-json\/wp\/v2\/posts"}],"about":[{"href":"https:\/\/elterritorialweb.com.ar\/web\/wp-json\/wp\/v2\/types\/post"}],"author":[{"embeddable":true,"href":"https:\/\/elterritorialweb.com.ar\/web\/wp-json\/wp\/v2\/users\/2"}],"replies":[{"embeddable":true,"href":"https:\/\/elterritorialweb.com.ar\/web\/wp-json\/wp\/v2\/comments?post=88365"}],"version-history":[{"count":1,"href":"https:\/\/elterritorialweb.com.ar\/web\/wp-json\/wp\/v2\/posts\/88365\/revisions"}],"predecessor-version":[{"id":88367,"href":"https:\/\/elterritorialweb.com.ar\/web\/wp-json\/wp\/v2\/posts\/88365\/revisions\/88367"}],"wp:featuredmedia":[{"embeddable":true,"href":"https:\/\/elterritorialweb.com.ar\/web\/wp-json\/wp\/v2\/media\/88366"}],"wp:attachment":[{"href":"https:\/\/elterritorialweb.com.ar\/web\/wp-json\/wp\/v2\/media?parent=88365"}],"wp:term":[{"taxonomy":"category","embeddable":true,"href":"https:\/\/elterritorialweb.com.ar\/web\/wp-json\/wp\/v2\/categories?post=88365"},{"taxonomy":"post_tag","embeddable":true,"href":"https:\/\/elterritorialweb.com.ar\/web\/wp-json\/wp\/v2\/tags?post=88365"}],"curies":[{"name":"wp","href":"https:\/\/api.w.org\/{rel}","templated":true}]}}