{"id":88369,"date":"2026-09-03T17:08:28","date_gmt":"2026-09-03T17:08:28","guid":{"rendered":"https:\/\/elterritorialweb.com.ar\/web\/?p=88369"},"modified":"2026-09-03T17:08:31","modified_gmt":"2026-09-03T17:08:31","slug":"firma-historica-la-provincia-y-el-colegio-de-fonoaudiologos-crean-un-gabinete-itinerante-para-detectar-problematicas-tempranas-en-las-infancias","status":"publish","type":"post","link":"https:\/\/elterritorialweb.com.ar\/web\/firma-historica-la-provincia-y-el-colegio-de-fonoaudiologos-crean-un-gabinete-itinerante-para-detectar-problematicas-tempranas-en-las-infancias\/","title":{"rendered":"FIRMA HIST\u00d3RICA: LA PROVINCIA Y EL COLEGIO DE FONOAUDI\u00d3LOGOS CREAN UN GABINETE ITINERANTE PARA DETECTAR PROBLEM\u00c1TICAS TEMPRANAS EN LAS INFANCIAS"},"content":{"rendered":"\n<p class=\"wp-block-paragraph\">\u200b\u200bEl Gobierno provincial dio un paso decisivo en la integraci\u00f3n de capacidades t\u00e9cnicas al firmar este jueves un <strong>convenio marco de cooperaci\u00f3n<\/strong> con el <strong>Colegio Profesional de Fonoaudi\u00f3logos de Santiago del Estero<\/strong> y el <strong>Consejo Econ\u00f3mico y Social<\/strong>. El acuerdo impulsa la creaci\u00f3n de un <strong>gabinete itinerante<\/strong> destinado a abordar de manera directa la salud fonol\u00f3gica en las aulas, bajo la premisa de descentralizar la atenci\u00f3n e integrar la labor estatal con las instituciones intermedias de la provincia.<\/p>\n\n\n\n<p class=\"wp-block-paragraph\">\u200bEl acto formal cont\u00f3 con la presencia del <strong>jefe de Gabinete, V\u00edctor Araujo<\/strong>; la <strong>ministra de Educaci\u00f3n, Mariela Nassif<\/strong>; el <strong>secretario del Consejo Econ\u00f3mico y Social, Miguel Mandrille<\/strong>; el <strong>subsecretario de Educaci\u00f3n, Alejandro P\u00edccoli<\/strong>, y la <strong>presidente del Colegio de Fonoaudi\u00f3logos, Noem\u00ed Molina S\u00e1nchez<\/strong>. La iniciativa responde a un eje prioritario de la gesti\u00f3n provincial: <strong>federalizar los servicios profesionales<\/strong>, potenciar las capacidades t\u00e9cnicas locales y fundamentar el dise\u00f1o de pol\u00edticas p\u00fablicas en <strong>informaci\u00f3n certera y fidedigna<\/strong>.<\/p>\n\n\n\n<p class=\"wp-block-paragraph\">\u200bDurante el encuentro, la ministra Nassif ponder\u00f3 la importancia de articular acciones con los colegios profesionales y remarc\u00f3 la <strong>mirada integral sobre las infancias<\/strong> que impulsa esta medida. La funcionaria explic\u00f3 que la conformaci\u00f3n del gabinete itinerante estar\u00e1 orientada al trabajo con ni\u00f1os y ni\u00f1as en <strong>edad preescolar<\/strong>, un per\u00edodo clave donde la detecci\u00f3n temprana de patolog\u00edas resulta determinante para el <strong>proceso de ense\u00f1anza y aprendizaje<\/strong>. \u00abEntendemos que en esa mirada integral vamos a poder facilitar la inclusi\u00f3n, la permanencia y los aprendizajes que tanto necesitamos en el sistema\u00bb, asegur\u00f3 Nassif respecto del impacto de la fonoaudiolog\u00eda en las trayectorias escolares.<\/p>\n\n\n\n<figure class=\"wp-block-image size-large\"><a href=\"https:\/\/i0.wp.com\/elterritorialweb.com.ar\/web\/wp-content\/uploads\/2026\/09\/1000562978.jpg?ssl=1\"><img data-recalc-dims=\"1\" decoding=\"async\" width=\"640\" height=\"416\" data-src=\"https:\/\/i0.wp.com\/elterritorialweb.com.ar\/web\/wp-content\/uploads\/2026\/09\/1000562978-1024x665.jpg?resize=640%2C416&#038;ssl=1\" alt=\"\" class=\"wp-image-88371 lazyload\" data-srcset=\"https:\/\/i0.wp.com\/elterritorialweb.com.ar\/web\/wp-content\/uploads\/2026\/09\/1000562978.jpg?resize=1024%2C665&amp;ssl=1 1024w, https:\/\/i0.wp.com\/elterritorialweb.com.ar\/web\/wp-content\/uploads\/2026\/09\/1000562978.jpg?resize=300%2C195&amp;ssl=1 300w, https:\/\/i0.wp.com\/elterritorialweb.com.ar\/web\/wp-content\/uploads\/2026\/09\/1000562978.jpg?resize=768%2C499&amp;ssl=1 768w, https:\/\/i0.wp.com\/elterritorialweb.com.ar\/web\/wp-content\/uploads\/2026\/09\/1000562978.jpg?resize=1536%2C997&amp;ssl=1 1536w, https:\/\/i0.wp.com\/elterritorialweb.com.ar\/web\/wp-content\/uploads\/2026\/09\/1000562978.jpg?w=1600&amp;ssl=1 1600w, https:\/\/i0.wp.com\/elterritorialweb.com.ar\/web\/wp-content\/uploads\/2026\/09\/1000562978.jpg?w=1280 1280w\" data-sizes=\"(max-width: 640px) 100vw, 640px\" src=\"data:image\/svg+xml;base64,PHN2ZyB3aWR0aD0iMSIgaGVpZ2h0PSIxIiB4bWxucz0iaHR0cDovL3d3dy53My5vcmcvMjAwMC9zdmciPjwvc3ZnPg==\" style=\"--smush-placeholder-width: 640px; --smush-placeholder-aspect-ratio: 640\/416;\" \/><\/a><\/figure>\n\n\n\n<p class=\"wp-block-paragraph\">\u200bPor su parte, el jefe de Gabinete valor\u00f3 el trabajo mancomunado entre el Estado y los colectivos profesionales para jerarquizar el <strong>recurso humano local<\/strong> y dar respuestas efectivas a las familias santiague\u00f1as. Araujo sostuvo que el acuerdo permitir\u00e1 acercar estas prestaciones esenciales fundamentalmente a las comunidades del <strong>interior de la provincia<\/strong>, asegurando la presencia territorial en zonas de dif\u00edcil acceso.<\/p>\n\n\n\n<p class=\"wp-block-paragraph\">\u200bFinalmente, el funcionario remarc\u00f3 que el despliegue responde directamente a las directivas del <strong>gobernador El\u00edas Su\u00e1rez<\/strong>, cuyo lineamiento central apunta a la <strong>vinculaci\u00f3n institucional constante<\/strong> para aprovechar el conocimiento de los especialistas locales. \u00abSantiago del Estero tiene muy buenos profesionales en todas las \u00e1reas\u00bb, enfatiz\u00f3 Araujo al cerrar la presentaci\u00f3n de este acuerdo que busca transformar la atenci\u00f3n de la salud del lenguaje en la provincia.<\/p>\n","protected":false},"excerpt":{"rendered":"<p>\u200b\u200bEl Gobierno provincial dio un paso decisivo en la integraci\u00f3n de capacidades t\u00e9cnicas al firmar&#8230;<\/p>\n","protected":false},"author":2,"featured_media":88370,"comment_status":"open","ping_status":"open","sticky":false,"template":"","format":"standard","meta":{"om_disable_all_campaigns":false,"_monsterinsights_skip_tracking":false,"_uf_show_specific_survey":0,"_uf_disable_surveys":false,"_jetpack_newsletter_access":"","_jetpack_dont_email_post_to_subs":false,"_jetpack_newsletter_tier_id":0,"_jetpack_memberships_contains_paywalled_content":false,"_jetpack_feature_clip_id":0,"_jetpack_memberships_contains_paid_content":false,"footnotes":"","jetpack_publicize_message":"","jetpack_publicize_feature_enabled":true,"jetpack_social_post_already_shared":true,"jetpack_social_options":{"image_generator_settings":{"template":"highway","default_image_id":0,"font":"","enabled":false},"version":2},"jetpack_post_was_ever_published":false},"categories":[4,21],"tags":[],"class_list":["post-88369","post","type-post","status-publish","format-standard","has-post-thumbnail","hentry","category-destacadas","category-locales"],"aioseo_notices":[],"views":10,"jetpack_publicize_connections":[],"jetpack_sharing_enabled":true,"jetpack_featured_media_url":"https:\/\/i0.wp.com\/elterritorialweb.com.ar\/web\/wp-content\/uploads\/2026\/09\/IMG-20260903-WA0025.jpg?fit=1600%2C1025&ssl=1","_links":{"self":[{"href":"https:\/\/elterritorialweb.com.ar\/web\/wp-json\/wp\/v2\/posts\/88369","targetHints":{"allow":["GET"]}}],"collection":[{"href":"https:\/\/elterritorialweb.com.ar\/web\/wp-json\/wp\/v2\/posts"}],"about":[{"href":"https:\/\/elterritorialweb.com.ar\/web\/wp-json\/wp\/v2\/types\/post"}],"author":[{"embeddable":true,"href":"https:\/\/elterritorialweb.com.ar\/web\/wp-json\/wp\/v2\/users\/2"}],"replies":[{"embeddable":true,"href":"https:\/\/elterritorialweb.com.ar\/web\/wp-json\/wp\/v2\/comments?post=88369"}],"version-history":[{"count":1,"href":"https:\/\/elterritorialweb.com.ar\/web\/wp-json\/wp\/v2\/posts\/88369\/revisions"}],"predecessor-version":[{"id":88372,"href":"https:\/\/elterritorialweb.com.ar\/web\/wp-json\/wp\/v2\/posts\/88369\/revisions\/88372"}],"wp:featuredmedia":[{"embeddable":true,"href":"https:\/\/elterritorialweb.com.ar\/web\/wp-json\/wp\/v2\/media\/88370"}],"wp:attachment":[{"href":"https:\/\/elterritorialweb.com.ar\/web\/wp-json\/wp\/v2\/media?parent=88369"}],"wp:term":[{"taxonomy":"category","embeddable":true,"href":"https:\/\/elterritorialweb.com.ar\/web\/wp-json\/wp\/v2\/categories?post=88369"},{"taxonomy":"post_tag","embeddable":true,"href":"https:\/\/elterritorialweb.com.ar\/web\/wp-json\/wp\/v2\/tags?post=88369"}],"curies":[{"name":"wp","href":"https:\/\/api.w.org\/{rel}","templated":true}]}}