{"id":88373,"date":"2026-09-04T00:24:12","date_gmt":"2026-09-04T00:24:12","guid":{"rendered":"https:\/\/elterritorialweb.com.ar\/web\/?p=88373"},"modified":"2026-09-04T00:24:16","modified_gmt":"2026-09-04T00:24:16","slug":"quimsa-y-olimpico-ya-tienen-hoja-de-ruta-confirmada-para-la-liga-nacional-2026-2027","status":"publish","type":"post","link":"https:\/\/elterritorialweb.com.ar\/web\/quimsa-y-olimpico-ya-tienen-hoja-de-ruta-confirmada-para-la-liga-nacional-2026-2027\/","title":{"rendered":"QUIMSA Y OL\u00cdMPICO YA TIENEN HOJA DE RUTA CONFIRMADA PARA LA LIGA NACIONAL 2026\/2027"},"content":{"rendered":"\n<p class=\"wp-block-paragraph\">\u200b\u200bEl b\u00e1squetbol santiague\u00f1o ya palpita el inicio de una nueva ilusi\u00f3n en la m\u00e1xima categor\u00eda nacional. Tras la confirmaci\u00f3n del calendario oficial para la <strong>temporada 2026\/2027<\/strong> de <strong>La Liga Nacional<\/strong>, tanto <strong>Quimsa<\/strong> como <strong>Ol\u00edmpico (LB)<\/strong> conocen detalladamente cada uno de los compromisos que afrontar\u00e1n a lo largo de la fase regular.<\/p>\n\n\n\n<p class=\"wp-block-paragraph\">\u200bEl estreno para los representantes de Santiago del Estero llegar\u00e1 a inicios de octubre de 2026. <strong>Ol\u00edmpico (LB)<\/strong> saldr\u00e1 a la cancha el <strong>1 de octubre<\/strong> recibiendo a <strong>Platense<\/strong>, mientras que <strong>Quimsa<\/strong> har\u00e1 su presentaci\u00f3n formal el <strong>3 de octubre<\/strong>, tambi\u00e9n en condici\u00f3n de local frente al mismo rival. Pocos d\u00edas despu\u00e9s, el conjunto bande\u00f1o vivir\u00e1 una de sus pruebas de fuego cuando enfrente a <strong>Boca<\/strong> el <strong>11 de octubre<\/strong>, choque que la Fusi\u00f3n replicar\u00e1 poco despu\u00e9s, el <strong>13 de octubre<\/strong>.<\/p>\n\n\n\n<p class=\"wp-block-paragraph\">\u200bUno de los momentos cumbres de la temporada llegar\u00e1 antes del receso estival con el esperado <strong>cl\u00e1sico santiague\u00f1o<\/strong>. El primer enfrentamiento entre ambos gigantes de la provincia se disputar\u00e1 el <strong>27 de diciembre de 2026<\/strong> en el estadio de <strong>Ol\u00edmpico (LB)<\/strong>. La revancha de este vibrante cruce provincial tendr\u00e1 lugar en el cierre de la fase regular, el <strong>6 de marzo de 2027<\/strong>, cuando <strong>Quimsa<\/strong> asuma la local\u00eda frente al elenco bande\u00f1o.<\/p>\n\n\n\n<p class=\"wp-block-paragraph\">\u200bA lo largo de los meses de competencia, la agenda de ambos conjuntos incluir\u00e1 cruces trascendentales frente a rivales de la talla de <strong>Atenas (C)<\/strong>, <strong>Instituto<\/strong>, <strong>San Lorenzo<\/strong> y <strong>Ferro<\/strong>. La fase regular concluir\u00e1 a finales del mes de abril de 2027, con <strong>Ol\u00edmpico (LB)<\/strong> cerrando su participaci\u00f3n el <strong>27 de abril<\/strong> de visitante ante <strong>Atenas (C)<\/strong>.<\/p>\n","protected":false},"excerpt":{"rendered":"<p>La organizaci\u00f3n de la competencia dio a conocer el fixture oficial de la temporada. Tanto la Fusi\u00f3n como el Negro de La Banda protagonizar\u00e1n duelos de alto impacto en el certamen nacional, destac\u00e1ndose los dos apasionantes cl\u00e1sicos provinciales programados para diciembre y marzo.<\/p>\n","protected":false},"author":2,"featured_media":88375,"comment_status":"open","ping_status":"open","sticky":false,"template":"","format":"standard","meta":{"om_disable_all_campaigns":false,"_monsterinsights_skip_tracking":false,"_uf_show_specific_survey":0,"_uf_disable_surveys":false,"_jetpack_newsletter_access":"","_jetpack_dont_email_post_to_subs":false,"_jetpack_newsletter_tier_id":0,"_jetpack_memberships_contains_paywalled_content":false,"_jetpack_feature_clip_id":0,"_jetpack_memberships_contains_paid_content":false,"footnotes":"","jetpack_publicize_message":"","jetpack_publicize_feature_enabled":true,"jetpack_social_post_already_shared":true,"jetpack_social_options":{"image_generator_settings":{"template":"highway","default_image_id":0,"font":"","enabled":false},"version":2},"jetpack_post_was_ever_published":false},"categories":[6,4],"tags":[707,107,106],"class_list":["post-88373","post","type-post","status-publish","format-standard","has-post-thumbnail","hentry","category-deportes","category-destacadas","tag-club-ciclista-olimpico","tag-liga-nacional-de-basquet","tag-quimsa"],"aioseo_notices":[],"views":9,"jetpack_publicize_connections":[],"jetpack_sharing_enabled":true,"jetpack_featured_media_url":"https:\/\/i0.wp.com\/elterritorialweb.com.ar\/web\/wp-content\/uploads\/2026\/09\/IMG-20260903-WA0044.jpg?fit=898%2C595&ssl=1","_links":{"self":[{"href":"https:\/\/elterritorialweb.com.ar\/web\/wp-json\/wp\/v2\/posts\/88373","targetHints":{"allow":["GET"]}}],"collection":[{"href":"https:\/\/elterritorialweb.com.ar\/web\/wp-json\/wp\/v2\/posts"}],"about":[{"href":"https:\/\/elterritorialweb.com.ar\/web\/wp-json\/wp\/v2\/types\/post"}],"author":[{"embeddable":true,"href":"https:\/\/elterritorialweb.com.ar\/web\/wp-json\/wp\/v2\/users\/2"}],"replies":[{"embeddable":true,"href":"https:\/\/elterritorialweb.com.ar\/web\/wp-json\/wp\/v2\/comments?post=88373"}],"version-history":[{"count":1,"href":"https:\/\/elterritorialweb.com.ar\/web\/wp-json\/wp\/v2\/posts\/88373\/revisions"}],"predecessor-version":[{"id":88376,"href":"https:\/\/elterritorialweb.com.ar\/web\/wp-json\/wp\/v2\/posts\/88373\/revisions\/88376"}],"wp:featuredmedia":[{"embeddable":true,"href":"https:\/\/elterritorialweb.com.ar\/web\/wp-json\/wp\/v2\/media\/88375"}],"wp:attachment":[{"href":"https:\/\/elterritorialweb.com.ar\/web\/wp-json\/wp\/v2\/media?parent=88373"}],"wp:term":[{"taxonomy":"category","embeddable":true,"href":"https:\/\/elterritorialweb.com.ar\/web\/wp-json\/wp\/v2\/categories?post=88373"},{"taxonomy":"post_tag","embeddable":true,"href":"https:\/\/elterritorialweb.com.ar\/web\/wp-json\/wp\/v2\/tags?post=88373"}],"curies":[{"name":"wp","href":"https:\/\/api.w.org\/{rel}","templated":true}]}}