{"id":88377,"date":"2026-09-04T00:34:26","date_gmt":"2026-09-04T00:34:26","guid":{"rendered":"https:\/\/elterritorialweb.com.ar\/web\/?p=88377"},"modified":"2026-09-04T00:34:30","modified_gmt":"2026-09-04T00:34:30","slug":"olimpico-suma-extranjeros-y-toma-forma-para-la-proxima-liga-nacional","status":"publish","type":"post","link":"https:\/\/elterritorialweb.com.ar\/web\/olimpico-suma-extranjeros-y-toma-forma-para-la-proxima-liga-nacional\/","title":{"rendered":"OL\u00cdMPICO SUMA EXTRANJEROS Y TOMA FORMA PARA LA PR\u00d3XIMA LIGA NACIONAL"},"content":{"rendered":"\n<p class=\"wp-block-paragraph\">El <strong>Club Ciclista Ol\u00edmpico La Banda<\/strong> avanza a paso firme en su preparaci\u00f3n para la pr\u00f3xima edici\u00f3n de la Liga Nacional de B\u00e1squet. Tras su arribo a la provincia el mi\u00e9rcoles por la noche, los jugadores <strong>Andrew Corum, Austin Wrighten y Hall B. Elisias<\/strong> se sumaron formalmente este jueves a los trabajos del equipo y tuvieron su <strong>primer entrenamiento oficial<\/strong> con el resto de sus compa\u00f1eros.<\/p>\n\n\n\n<p class=\"wp-block-paragraph\">\u200bEn la previa de la pr\u00e1ctica vespertina, el entrenador <strong>Leonardo Costa<\/strong> mantuvo una reuni\u00f3n de bienvenida con las nuevas incorporaciones para transmitirles la <strong>cultura de trabajo<\/strong>, los lineamientos t\u00e1cticos y la din\u00e1mica diaria que pretenden implementar para la <strong>m\u00e1xima categor\u00eda del b\u00e1squet argentino<\/strong>. La integraci\u00f3n de este tr\u00edo de fichas extranjeras se dar\u00e1 de manera progresiva bajo la supervisi\u00f3n del cuerpo t\u00e9cnico.<\/p>\n\n\n\n<p class=\"wp-block-paragraph\">\u200bLa conformaci\u00f3n del plantel se completar\u00e1 en los pr\u00f3ximos d\u00edas con la llegada del \u00faltimo refuerzo for\u00e1neo, <strong>Kobe Julien<\/strong>, prevista para el <strong>pr\u00f3ximo lunes<\/strong>. Con la incorporaci\u00f3n de su grupo de extranjeros, el <strong>Negro de La Banda<\/strong> busca consolidar r\u00e1pidamente su funcionamiento colectivo en esta etapa de pretemporada y llegar en \u00f3ptimas condiciones al inicio de la competencia.<\/p>\n","protected":false},"excerpt":{"rendered":"<p>\u200bEl elenco conducido por Leonardo Costa incorpor\u00f3 a tres de sus refuerzos extranjeros, quienes ya entrenan con el plantel profesional en Santiago del Estero de cara a la temporada 2026\/27.<\/p>\n","protected":false},"author":2,"featured_media":88378,"comment_status":"open","ping_status":"open","sticky":false,"template":"","format":"standard","meta":{"om_disable_all_campaigns":false,"_monsterinsights_skip_tracking":false,"_uf_show_specific_survey":0,"_uf_disable_surveys":false,"_jetpack_newsletter_access":"","_jetpack_dont_email_post_to_subs":false,"_jetpack_newsletter_tier_id":0,"_jetpack_memberships_contains_paywalled_content":false,"_jetpack_feature_clip_id":0,"_jetpack_memberships_contains_paid_content":false,"footnotes":"","jetpack_publicize_message":"","jetpack_publicize_feature_enabled":true,"jetpack_social_post_already_shared":true,"jetpack_social_options":{"image_generator_settings":{"template":"highway","default_image_id":0,"font":"","enabled":false},"version":2},"jetpack_post_was_ever_published":false},"categories":[6,4],"tags":[707,107,1125],"class_list":["post-88377","post","type-post","status-publish","format-standard","has-post-thumbnail","hentry","category-deportes","category-destacadas","tag-club-ciclista-olimpico","tag-liga-nacional-de-basquet","tag-refuerzos"],"aioseo_notices":[],"views":11,"jetpack_publicize_connections":[],"jetpack_sharing_enabled":true,"jetpack_featured_media_url":"https:\/\/i0.wp.com\/elterritorialweb.com.ar\/web\/wp-content\/uploads\/2026\/09\/Screenshot_20260903_212917_Chrome.jpg?fit=859%2C490&ssl=1","_links":{"self":[{"href":"https:\/\/elterritorialweb.com.ar\/web\/wp-json\/wp\/v2\/posts\/88377","targetHints":{"allow":["GET"]}}],"collection":[{"href":"https:\/\/elterritorialweb.com.ar\/web\/wp-json\/wp\/v2\/posts"}],"about":[{"href":"https:\/\/elterritorialweb.com.ar\/web\/wp-json\/wp\/v2\/types\/post"}],"author":[{"embeddable":true,"href":"https:\/\/elterritorialweb.com.ar\/web\/wp-json\/wp\/v2\/users\/2"}],"replies":[{"embeddable":true,"href":"https:\/\/elterritorialweb.com.ar\/web\/wp-json\/wp\/v2\/comments?post=88377"}],"version-history":[{"count":1,"href":"https:\/\/elterritorialweb.com.ar\/web\/wp-json\/wp\/v2\/posts\/88377\/revisions"}],"predecessor-version":[{"id":88379,"href":"https:\/\/elterritorialweb.com.ar\/web\/wp-json\/wp\/v2\/posts\/88377\/revisions\/88379"}],"wp:featuredmedia":[{"embeddable":true,"href":"https:\/\/elterritorialweb.com.ar\/web\/wp-json\/wp\/v2\/media\/88378"}],"wp:attachment":[{"href":"https:\/\/elterritorialweb.com.ar\/web\/wp-json\/wp\/v2\/media?parent=88377"}],"wp:term":[{"taxonomy":"category","embeddable":true,"href":"https:\/\/elterritorialweb.com.ar\/web\/wp-json\/wp\/v2\/categories?post=88377"},{"taxonomy":"post_tag","embeddable":true,"href":"https:\/\/elterritorialweb.com.ar\/web\/wp-json\/wp\/v2\/tags?post=88377"}],"curies":[{"name":"wp","href":"https:\/\/api.w.org\/{rel}","templated":true}]}}