{"id":88382,"date":"2026-09-04T00:48:05","date_gmt":"2026-09-04T00:48:05","guid":{"rendered":"https:\/\/elterritorialweb.com.ar\/web\/?p=88382"},"modified":"2026-09-04T00:48:09","modified_gmt":"2026-09-04T00:48:09","slug":"santiago-del-estero-es-sede-del-xl-congreso-nacional-e-internacional-de-ginecologia-y-obstetricia","status":"publish","type":"post","link":"https:\/\/elterritorialweb.com.ar\/web\/santiago-del-estero-es-sede-del-xl-congreso-nacional-e-internacional-de-ginecologia-y-obstetricia\/","title":{"rendered":"SANTIAGO DEL ESTERO ES SEDE DEL XL CONGRESO NACIONAL E INTERNACIONAL DE GINECOLOG\u00cdA Y OBSTETRICIA"},"content":{"rendered":"\n<p class=\"wp-block-paragraph\">\u200bEl gobernador <strong>El\u00edas Su\u00e1rez<\/strong> particip\u00f3 este jueves por la tarde de la ceremonia de apertura del <strong>XL Congreso Nacional e Internacional de la Federaci\u00f3n Argentina de Sociedades de Ginecolog\u00eda y Obstetricia (Fasgo)<\/strong>. El hist\u00f3rico evento, que por <strong>primera vez en la historia<\/strong> se lleva a cabo en <strong>Santiago del Estero<\/strong>, se desarrollar\u00e1 hasta el <strong>5 de septiembre<\/strong> en las instalaciones del <strong>Centro de Convenciones F\u00f3rum<\/strong>, bajo el lema <strong>\u201cLas sociedades y sus expertos\u201d<\/strong>.<\/p>\n\n\n\n<p class=\"wp-block-paragraph\">\u200bLa actividad es organizada conjuntamente por la <strong>Sociedad de Obstetricia y Ginecolog\u00eda de Santiago del Estero<\/strong> y la <strong>Fasgo<\/strong>, contando con el decidido <strong>respaldo del Gobierno de la provincia<\/strong>. Esta cumbre acad\u00e9mica congrega a m\u00e1s de <strong>3.000 asistentes<\/strong>, entre m\u00e9dicos especialistas, residentes y referentes nacionales e internacionales de la especialidad, posicionando a la provincia como un <strong>nodo central de la ciencia y la formaci\u00f3n acad\u00e9mica<\/strong>.<\/p>\n\n\n\n<figure class=\"wp-block-image size-large\"><a href=\"https:\/\/i0.wp.com\/elterritorialweb.com.ar\/web\/wp-content\/uploads\/2026\/09\/IMG-20260903-WA0030.jpg\"><img data-recalc-dims=\"1\" decoding=\"async\" width=\"640\" height=\"426\" data-src=\"https:\/\/i0.wp.com\/elterritorialweb.com.ar\/web\/wp-content\/uploads\/2026\/09\/IMG-20260903-WA0030.jpg?resize=640%2C426\" alt=\"\" class=\"wp-image-88384 lazyload\" data-srcset=\"https:\/\/i0.wp.com\/elterritorialweb.com.ar\/web\/wp-content\/uploads\/2026\/09\/IMG-20260903-WA0030.jpg?resize=1024%2C682&amp;ssl=1 1024w, https:\/\/i0.wp.com\/elterritorialweb.com.ar\/web\/wp-content\/uploads\/2026\/09\/IMG-20260903-WA0030.jpg?resize=300%2C200&amp;ssl=1 300w, https:\/\/i0.wp.com\/elterritorialweb.com.ar\/web\/wp-content\/uploads\/2026\/09\/IMG-20260903-WA0030.jpg?resize=768%2C512&amp;ssl=1 768w, https:\/\/i0.wp.com\/elterritorialweb.com.ar\/web\/wp-content\/uploads\/2026\/09\/IMG-20260903-WA0030.jpg?resize=1536%2C1023&amp;ssl=1 1536w, https:\/\/i0.wp.com\/elterritorialweb.com.ar\/web\/wp-content\/uploads\/2026\/09\/IMG-20260903-WA0030.jpg?w=1600&amp;ssl=1 1600w, https:\/\/i0.wp.com\/elterritorialweb.com.ar\/web\/wp-content\/uploads\/2026\/09\/IMG-20260903-WA0030.jpg?w=1280 1280w\" data-sizes=\"(max-width: 640px) 100vw, 640px\" src=\"data:image\/svg+xml;base64,PHN2ZyB3aWR0aD0iMSIgaGVpZ2h0PSIxIiB4bWxucz0iaHR0cDovL3d3dy53My5vcmcvMjAwMC9zdmciPjwvc3ZnPg==\" style=\"--smush-placeholder-width: 640px; --smush-placeholder-aspect-ratio: 640\/426;\" \/><\/a><\/figure>\n\n\n\n<p class=\"wp-block-paragraph\">\u200bEl acto inaugural cont\u00f3 con la presencia de destacadas autoridades provinciales como el vicegobernador <strong>Carlos Silva Neder<\/strong>, el jefe de Gabinete <strong>V\u00edctor Araujo<\/strong>, la ministra de Salud <strong>Natividad Nassif<\/strong> y el secretario de Salud <strong>Gustavo Sabalza<\/strong>. Asimismo, acompa\u00f1aron el presidente de Fasgo <strong>Omar Latino<\/strong>, la presidenta de la sociedad local <strong>Mariela Fuentes Costilla<\/strong>, el disertante <strong>Adri\u00e1n Gaspar<\/strong> y m\u00faltiples representantes del \u00e1mbito cient\u00edfico.<\/p>\n\n\n\n<p class=\"wp-block-paragraph\">\u200bDurante su discurso, el mandatario provincial <strong>El\u00edas Su\u00e1rez<\/strong> remarc\u00f3 que el intercambio de experiencias resulta clave para optimizar la atenci\u00f3n p\u00fablica, catalog\u00e1ndola como una <strong>obligaci\u00f3n ineludible del Estado<\/strong>. En ese marco, puso en valor la consolidaci\u00f3n de la red sanitaria provincial, que actualmente cuenta con <strong>9 hospitales de referencia en Santiago y La Banda<\/strong>, <strong>92 centros de asistencia primaria<\/strong>, <strong>47 hospitales en el interior<\/strong> y <strong>m\u00e1s de 430 puestos sanitarios<\/strong>. Su\u00e1rez subray\u00f3 el esfuerzo constante en <strong>equipamiento de \u00faltima generaci\u00f3n y recursos humanos de calidad<\/strong>, reafirmando su compromiso con el <strong>acompa\u00f1amiento integral a las mujeres<\/strong>.<\/p>\n\n\n\n<figure class=\"wp-block-image size-large\"><a href=\"https:\/\/i0.wp.com\/elterritorialweb.com.ar\/web\/wp-content\/uploads\/2026\/09\/IMG-20260903-WA0034.jpg\"><img data-recalc-dims=\"1\" decoding=\"async\" width=\"640\" height=\"427\" data-src=\"https:\/\/i0.wp.com\/elterritorialweb.com.ar\/web\/wp-content\/uploads\/2026\/09\/IMG-20260903-WA0034.jpg?resize=640%2C427\" alt=\"\" class=\"wp-image-88385 lazyload\" data-srcset=\"https:\/\/i0.wp.com\/elterritorialweb.com.ar\/web\/wp-content\/uploads\/2026\/09\/IMG-20260903-WA0034.jpg?resize=1024%2C683&amp;ssl=1 1024w, https:\/\/i0.wp.com\/elterritorialweb.com.ar\/web\/wp-content\/uploads\/2026\/09\/IMG-20260903-WA0034.jpg?resize=300%2C200&amp;ssl=1 300w, https:\/\/i0.wp.com\/elterritorialweb.com.ar\/web\/wp-content\/uploads\/2026\/09\/IMG-20260903-WA0034.jpg?resize=768%2C512&amp;ssl=1 768w, https:\/\/i0.wp.com\/elterritorialweb.com.ar\/web\/wp-content\/uploads\/2026\/09\/IMG-20260903-WA0034.jpg?w=1280&amp;ssl=1 1280w\" data-sizes=\"(max-width: 640px) 100vw, 640px\" src=\"data:image\/svg+xml;base64,PHN2ZyB3aWR0aD0iMSIgaGVpZ2h0PSIxIiB4bWxucz0iaHR0cDovL3d3dy53My5vcmcvMjAwMC9zdmciPjwvc3ZnPg==\" style=\"--smush-placeholder-width: 640px; --smush-placeholder-aspect-ratio: 640\/427;\" \/><\/a><\/figure>\n\n\n\n<p class=\"wp-block-paragraph\">\u200bA su turno, el titular de la federaci\u00f3n, <strong>Omar Latino<\/strong>, calific\u00f3 la elecci\u00f3n de la sede como un verdadero acierto institucional que demuestra que <strong>la ciencia no debe tener fronteras geogr\u00e1ficas<\/strong>. Latino enfatiz\u00f3 que este congreso reafirma el <strong>car\u00e1cter federal de Fasgo<\/strong> y vaticin\u00f3 que la <strong>Madre de Ciudades<\/strong> ser\u00e1 recordada como el espacio donde se revalidaron la <strong>unidad y el federalismo cient\u00edfico<\/strong> en la Argentina.<\/p>\n","protected":false},"excerpt":{"rendered":"<p>El gobernador El\u00edas Su\u00e1rez encabez\u00f3 la apertura del prestigioso encuentro cient\u00edfico que re\u00fane a m\u00e1s de 3.000 profesionales de todo el pa\u00eds y del exterior en el Centro de Convenciones F\u00f3rum.<\/p>\n","protected":false},"author":2,"featured_media":88383,"comment_status":"open","ping_status":"open","sticky":false,"template":"","format":"standard","meta":{"om_disable_all_campaigns":false,"_monsterinsights_skip_tracking":false,"_uf_show_specific_survey":0,"_uf_disable_surveys":false,"_jetpack_newsletter_access":"","_jetpack_dont_email_post_to_subs":false,"_jetpack_newsletter_tier_id":0,"_jetpack_memberships_contains_paywalled_content":false,"_jetpack_feature_clip_id":0,"_jetpack_memberships_contains_paid_content":false,"footnotes":"","jetpack_publicize_message":"","jetpack_publicize_feature_enabled":true,"jetpack_social_post_already_shared":true,"jetpack_social_options":{"image_generator_settings":{"template":"highway","default_image_id":0,"font":"","enabled":false},"version":2},"jetpack_post_was_ever_published":false},"categories":[4,21],"tags":[1894],"class_list":["post-88382","post","type-post","status-publish","format-standard","has-post-thumbnail","hentry","category-destacadas","category-locales","tag-congreso-nacional-e-internacional-ginecologia-y-obstetricia"],"aioseo_notices":[],"views":6,"jetpack_publicize_connections":[],"jetpack_sharing_enabled":true,"jetpack_featured_media_url":"https:\/\/i0.wp.com\/elterritorialweb.com.ar\/web\/wp-content\/uploads\/2026\/09\/IMG-20260903-WA0031.jpg?fit=1280%2C854&ssl=1","_links":{"self":[{"href":"https:\/\/elterritorialweb.com.ar\/web\/wp-json\/wp\/v2\/posts\/88382","targetHints":{"allow":["GET"]}}],"collection":[{"href":"https:\/\/elterritorialweb.com.ar\/web\/wp-json\/wp\/v2\/posts"}],"about":[{"href":"https:\/\/elterritorialweb.com.ar\/web\/wp-json\/wp\/v2\/types\/post"}],"author":[{"embeddable":true,"href":"https:\/\/elterritorialweb.com.ar\/web\/wp-json\/wp\/v2\/users\/2"}],"replies":[{"embeddable":true,"href":"https:\/\/elterritorialweb.com.ar\/web\/wp-json\/wp\/v2\/comments?post=88382"}],"version-history":[{"count":1,"href":"https:\/\/elterritorialweb.com.ar\/web\/wp-json\/wp\/v2\/posts\/88382\/revisions"}],"predecessor-version":[{"id":88386,"href":"https:\/\/elterritorialweb.com.ar\/web\/wp-json\/wp\/v2\/posts\/88382\/revisions\/88386"}],"wp:featuredmedia":[{"embeddable":true,"href":"https:\/\/elterritorialweb.com.ar\/web\/wp-json\/wp\/v2\/media\/88383"}],"wp:attachment":[{"href":"https:\/\/elterritorialweb.com.ar\/web\/wp-json\/wp\/v2\/media?parent=88382"}],"wp:term":[{"taxonomy":"category","embeddable":true,"href":"https:\/\/elterritorialweb.com.ar\/web\/wp-json\/wp\/v2\/categories?post=88382"},{"taxonomy":"post_tag","embeddable":true,"href":"https:\/\/elterritorialweb.com.ar\/web\/wp-json\/wp\/v2\/tags?post=88382"}],"curies":[{"name":"wp","href":"https:\/\/api.w.org\/{rel}","templated":true}]}}