{"id":88390,"date":"2026-09-04T00:59:45","date_gmt":"2026-09-04T00:59:45","guid":{"rendered":"https:\/\/elterritorialweb.com.ar\/web\/?p=88390"},"modified":"2026-09-04T01:04:38","modified_gmt":"2026-09-04T01:04:38","slug":"el-gobierno-provincial-fortalece-las-agencias-de-desarrollo-territorial-para-impulsar-la-produccion-del-interior","status":"publish","type":"post","link":"https:\/\/elterritorialweb.com.ar\/web\/el-gobierno-provincial-fortalece-las-agencias-de-desarrollo-territorial-para-impulsar-la-produccion-del-interior\/","title":{"rendered":"EL GOBIERNO PROVINCIAL FORTALECE LAS AGENCIAS DE DESARROLLO TERRITORIAL PARA IMPULSAR LA PRODUCCI\u00d3N DEL INTERIOR"},"content":{"rendered":"\n<p class=\"wp-block-paragraph\">\u200bEl Gobierno de Santiago del Estero, a trav\u00e9s del Ministerio de Producci\u00f3n, impulsa las <strong>Agencias de Desarrollo Territorial (ADT)<\/strong> como una <strong>herramienta estrat\u00e9gica para descentralizar el Estado<\/strong> y acompa\u00f1ar de manera directa a los sectores productivos del interior. Esta iniciativa busca brindar un respaldo integral a productores, emprendedores y empresas locales, fortaleciendo el entramado econ\u00f3mico regional sin necesidad de realizar tr\u00e1mites en la Capital.<\/p>\n\n\n\n<p class=\"wp-block-paragraph\">\u200bPor instrucci\u00f3n del gobernador <strong>El\u00edas Su\u00e1rez<\/strong>, la primera etapa de este plan se puso en marcha el <strong>1\u00b0 de abril de 2026<\/strong> con la habilitaci\u00f3n de <strong>12 agencias<\/strong>, en un encuentro que reuni\u00f3 a diversas instituciones del sector. Tras esta apertura inicial, las autoridades tienen previsto <strong>ampliar la cobertura a m\u00e1s localidades<\/strong>, garantizando una presencia territorial cada vez m\u00e1s abarcativa.<\/p>\n\n\n\n<p class=\"wp-block-paragraph\">\u200bLas agencias funcionan en instalaciones con <strong>infraestructura propia<\/strong> y est\u00e1n dotadas de <strong>equipamiento inform\u00e1tico, conectividad, maquinaria agr\u00edcola y ganadera<\/strong>, adem\u00e1s de <strong>camionetas para el traslado de los equipos t\u00e9cnicos<\/strong>. A esto se suma el uso de <strong>tecnolog\u00eda de precisi\u00f3n<\/strong>, como <strong>drones agr\u00edcolas y estaciones meteorol\u00f3gicas<\/strong>, insumos clave orientados a optimizar la toma de decisiones en el campo y mejorar el rendimiento de los cultivos.<\/p>\n\n\n\n<p class=\"wp-block-paragraph\">\u200bEsta pol\u00edtica p\u00fablica apunta a <strong>reducir las asimetr\u00edas entre la Capital y el interior<\/strong>, creando un escenario propicio para <strong>aumentar la productividad, generar empleo genuino y favorecer el arraigo<\/strong> de los peque\u00f1os y medianos productores. Asimismo, el esquema de trabajo fomenta la <strong>industrializaci\u00f3n de la materia prima y la generaci\u00f3n de valor agregado en origen<\/strong>, buscando retener la riqueza dentro del territorio y facilitar el acceso de la producci\u00f3n local a <strong>mercados nacionales e internacionales<\/strong>.<\/p>\n\n\n\n<p class=\"wp-block-paragraph\">\u200bCon esta estructura en marcha, las Agencias de Desarrollo Territorial se afianzan como un pilar fundamental de la gesti\u00f3n provincial para <strong>llevar el Estado al territorio<\/strong>, consolidando un modelo productivo basado en la <strong>eficiencia, la competitividad y la inclusi\u00f3n econ\u00f3mica<\/strong>.<\/p>\n","protected":false},"excerpt":{"rendered":"<p>Con el objetivo de descentralizar la gesti\u00f3n estatal y potenciar las econom\u00edas regionales, la provincia consolida una red de asistencia integral dirigida a productores y emprendedores locales.<\/p>\n","protected":false},"author":2,"featured_media":88391,"comment_status":"open","ping_status":"open","sticky":false,"template":"","format":"standard","meta":{"om_disable_all_campaigns":false,"_monsterinsights_skip_tracking":false,"_uf_show_specific_survey":0,"_uf_disable_surveys":false,"_jetpack_newsletter_access":"","_jetpack_dont_email_post_to_subs":false,"_jetpack_newsletter_tier_id":0,"_jetpack_memberships_contains_paywalled_content":false,"_jetpack_feature_clip_id":0,"_jetpack_memberships_contains_paid_content":false,"footnotes":"","jetpack_publicize_message":"","jetpack_publicize_feature_enabled":true,"jetpack_social_post_already_shared":true,"jetpack_social_options":{"image_generator_settings":{"template":"highway","default_image_id":0,"font":"","enabled":false},"version":2},"jetpack_post_was_ever_published":false},"categories":[4,21],"tags":[1895,49],"class_list":["post-88390","post","type-post","status-publish","format-standard","has-post-thumbnail","hentry","category-destacadas","category-locales","tag-agencias-de-desarrollo-territorial","tag-gobierno-de-santiago-del-estero"],"aioseo_notices":[],"views":9,"jetpack_publicize_connections":[],"jetpack_sharing_enabled":true,"jetpack_featured_media_url":"https:\/\/i0.wp.com\/elterritorialweb.com.ar\/web\/wp-content\/uploads\/2026\/09\/IMG-20260903-WA0040.jpg?fit=1280%2C576&ssl=1","_links":{"self":[{"href":"https:\/\/elterritorialweb.com.ar\/web\/wp-json\/wp\/v2\/posts\/88390","targetHints":{"allow":["GET"]}}],"collection":[{"href":"https:\/\/elterritorialweb.com.ar\/web\/wp-json\/wp\/v2\/posts"}],"about":[{"href":"https:\/\/elterritorialweb.com.ar\/web\/wp-json\/wp\/v2\/types\/post"}],"author":[{"embeddable":true,"href":"https:\/\/elterritorialweb.com.ar\/web\/wp-json\/wp\/v2\/users\/2"}],"replies":[{"embeddable":true,"href":"https:\/\/elterritorialweb.com.ar\/web\/wp-json\/wp\/v2\/comments?post=88390"}],"version-history":[{"count":2,"href":"https:\/\/elterritorialweb.com.ar\/web\/wp-json\/wp\/v2\/posts\/88390\/revisions"}],"predecessor-version":[{"id":88393,"href":"https:\/\/elterritorialweb.com.ar\/web\/wp-json\/wp\/v2\/posts\/88390\/revisions\/88393"}],"wp:featuredmedia":[{"embeddable":true,"href":"https:\/\/elterritorialweb.com.ar\/web\/wp-json\/wp\/v2\/media\/88391"}],"wp:attachment":[{"href":"https:\/\/elterritorialweb.com.ar\/web\/wp-json\/wp\/v2\/media?parent=88390"}],"wp:term":[{"taxonomy":"category","embeddable":true,"href":"https:\/\/elterritorialweb.com.ar\/web\/wp-json\/wp\/v2\/categories?post=88390"},{"taxonomy":"post_tag","embeddable":true,"href":"https:\/\/elterritorialweb.com.ar\/web\/wp-json\/wp\/v2\/tags?post=88390"}],"curies":[{"name":"wp","href":"https:\/\/api.w.org\/{rel}","templated":true}]}}