{"id":88395,"date":"2026-09-04T01:10:00","date_gmt":"2026-09-04T01:10:00","guid":{"rendered":"https:\/\/elterritorialweb.com.ar\/web\/?p=88395"},"modified":"2026-09-04T01:10:03","modified_gmt":"2026-09-04T01:10:03","slug":"la-municipalidad-continua-con-el-programa-interinstitucional-en-el-jardin-papa-francisco","status":"publish","type":"post","link":"https:\/\/elterritorialweb.com.ar\/web\/la-municipalidad-continua-con-el-programa-interinstitucional-en-el-jardin-papa-francisco\/","title":{"rendered":"LA MUNICIPALIDAD CONTIN\u00daA CON EL PROGRAMA INTERINSTITUCIONAL EN EL JARD\u00cdN PAPA FRANCISCO"},"content":{"rendered":"\n<p class=\"wp-block-paragraph\">La Municipalidad de la Capital da continuidad al programa interinstitucional <strong>\u201cPeque\u00f1os ciudadanos, grandes responsabilidades\u201d<\/strong>, una propuesta que se desarrolla en el <strong>jard\u00edn Papa Francisco<\/strong> y busca promover la <strong>construcci\u00f3n de ciudadan\u00eda responsable<\/strong> desde los primeros a\u00f1os de formaci\u00f3n. La iniciativa tiene como prop\u00f3sito central afianzar el <strong>respeto por las normas de tr\u00e1nsito<\/strong> y fortalecer el compromiso de las infancias con un <strong>futuro sostenible<\/strong>.<\/p>\n\n\n\n<p class=\"wp-block-paragraph\">\u200bEl proyecto est\u00e1 destinado a los alumnos de las <strong>salas de 5 a\u00f1os<\/strong> de jardines de infantes, tanto de <strong>gesti\u00f3n p\u00fablica como privada<\/strong>, quienes visitan las instalaciones ubicadas en el <strong>barrio Saint Germ\u00e9s<\/strong>. Durante el recorrido, los ni\u00f1os interact\u00faan con un <strong>circuito vial<\/strong> y una <strong>huerta ecol\u00f3gica<\/strong>, herramientas dise\u00f1adas especialmente para transmitir nociones clave sobre <strong>seguridad vial y cuidado ambiental<\/strong> de forma pr\u00e1ctica y pedag\u00f3gica.<\/p>\n\n\n\n<p class=\"wp-block-paragraph\">\u200bAdem\u00e1s del espacio de tr\u00e1nsito y la <strong>huerta agroecol\u00f3gica<\/strong>, la experiencia educativa abarca el reconocimiento del <strong>funcionamiento de un molino<\/strong> y de un <strong>sistema de riego<\/strong>. Aquellas instituciones interesadas en participar de estas actividades pueden <strong>solicitar turnos directamente en el establecimiento<\/strong> o de manera virtual completando el formulario de inscripci\u00f3n correspondiente.<\/p>\n","protected":false},"excerpt":{"rendered":"<p>\u200bCon foco en la seguridad vial y el cuidado del medio ambiente, la iniciativa municipal promueve la educaci\u00f3n ciudadana desde la primera infancia mediante experiencias l\u00fadico-pedag\u00f3gicas.<\/p>\n","protected":false},"author":2,"featured_media":88396,"comment_status":"open","ping_status":"open","sticky":false,"template":"","format":"standard","meta":{"om_disable_all_campaigns":false,"_monsterinsights_skip_tracking":false,"_uf_show_specific_survey":0,"_uf_disable_surveys":false,"_jetpack_newsletter_access":"","_jetpack_dont_email_post_to_subs":false,"_jetpack_newsletter_tier_id":0,"_jetpack_memberships_contains_paywalled_content":false,"_jetpack_feature_clip_id":0,"_jetpack_memberships_contains_paid_content":false,"footnotes":"","jetpack_publicize_message":"","jetpack_publicize_feature_enabled":true,"jetpack_social_post_already_shared":true,"jetpack_social_options":{"image_generator_settings":{"template":"highway","default_image_id":0,"font":"","enabled":false},"version":2},"jetpack_post_was_ever_published":false},"categories":[4,19],"tags":[1632,313],"class_list":["post-88395","post","type-post","status-publish","format-standard","has-post-thumbnail","hentry","category-destacadas","category-educacion","tag-jardin-minicipal-n27-papa-francisco","tag-jardines-de-infantes-municipales"],"aioseo_notices":[],"views":12,"jetpack_publicize_connections":[],"jetpack_sharing_enabled":true,"jetpack_featured_media_url":"https:\/\/i0.wp.com\/elterritorialweb.com.ar\/web\/wp-content\/uploads\/2026\/09\/Jardin-Papa-Francisco.jpg?fit=1600%2C1443&ssl=1","_links":{"self":[{"href":"https:\/\/elterritorialweb.com.ar\/web\/wp-json\/wp\/v2\/posts\/88395","targetHints":{"allow":["GET"]}}],"collection":[{"href":"https:\/\/elterritorialweb.com.ar\/web\/wp-json\/wp\/v2\/posts"}],"about":[{"href":"https:\/\/elterritorialweb.com.ar\/web\/wp-json\/wp\/v2\/types\/post"}],"author":[{"embeddable":true,"href":"https:\/\/elterritorialweb.com.ar\/web\/wp-json\/wp\/v2\/users\/2"}],"replies":[{"embeddable":true,"href":"https:\/\/elterritorialweb.com.ar\/web\/wp-json\/wp\/v2\/comments?post=88395"}],"version-history":[{"count":1,"href":"https:\/\/elterritorialweb.com.ar\/web\/wp-json\/wp\/v2\/posts\/88395\/revisions"}],"predecessor-version":[{"id":88397,"href":"https:\/\/elterritorialweb.com.ar\/web\/wp-json\/wp\/v2\/posts\/88395\/revisions\/88397"}],"wp:featuredmedia":[{"embeddable":true,"href":"https:\/\/elterritorialweb.com.ar\/web\/wp-json\/wp\/v2\/media\/88396"}],"wp:attachment":[{"href":"https:\/\/elterritorialweb.com.ar\/web\/wp-json\/wp\/v2\/media?parent=88395"}],"wp:term":[{"taxonomy":"category","embeddable":true,"href":"https:\/\/elterritorialweb.com.ar\/web\/wp-json\/wp\/v2\/categories?post=88395"},{"taxonomy":"post_tag","embeddable":true,"href":"https:\/\/elterritorialweb.com.ar\/web\/wp-json\/wp\/v2\/tags?post=88395"}],"curies":[{"name":"wp","href":"https:\/\/api.w.org\/{rel}","templated":true}]}}